{"id":16605,"date":"2021-04-01T20:29:40","date_gmt":"2021-04-01T20:29:40","guid":{"rendered":"https:\/\/www.ole.com.ar\/futbol-internacional\/alan-mineiro-vila-nova-fechas_0_oZQSfx2RH.html"},"modified":"2021-04-01T20:29:40","modified_gmt":"2021-04-01T20:29:40","slug":"escupio-un-banderin-del-rival-cuatro-fechas","status":"publish","type":"post","link":"http:\/\/hoycordobaweb.com\/index.php\/2021\/04\/01\/escupio-un-banderin-del-rival-cuatro-fechas\/","title":{"rendered":"Escupi\u00f3 un bander\u00edn del rival: cuatro fechas"},"content":{"rendered":"<p><img src=\"http:\/\/hoycordobaweb.com\/wp-content\/uploads\/2021\/04\/escupio-un-banderin-del-rival-cuatro-fechas.jpg\"><\/p>\n<div><img src=\"http:\/\/hoycordobaweb.com\/wp-content\/uploads\/2021\/04\/escupio-un-banderin-del-rival-cuatro-fechas.jpg\" class=\"ff-og-image-inserted\"><\/div>\n<p>\u00bfDemagogia para sus hinchas? \u00bfInconciencia personal? Sin dudas hubo una combinaci\u00f3n de ambas actitudes, con absoluta irresponsabilidad. Se trata de Alan Mineiro, jugador del Vila Nova. Ocurri\u00f3 el 7 de marzo, por el Torneo Goianense.<em> <\/em><strong>El futbolista escupi\u00f3 el bander\u00edn con los colores del Goi\u00e1s, equipo local y cl\u00e1sico rival. Su actitud no hab\u00eda sido advertida por el \u00e1rbitro, s\u00ed por la TV.<\/strong> <\/p>\n<p>Entonces, se abri\u00f3 un procedimiento disciplinar en el Tribunal de Justicia Deportiva de Goi\u00e1s. <strong>Este jueves se anunci\u00f3 la sanci\u00f3n: cuatro partidos de suspensi\u00f3n y una multa de 10.000 reales (1.750 d\u00f3lares).<\/strong> Esto fue despu\u00e9s de un acuerdo con el fiscal y el departamento jur\u00eddico de Vila Nova.<\/p>\n<p>El futbolista fue muy duramente criticado en las redes sociales por su actitud, y ofreci\u00f3 disculpas&nbsp;al d\u00eda siguente, en su cuenta de Instagram.&nbsp;\u00abEstoy aqu\u00ed disculp\u00e1ndome personalmente con la instituci\u00f3n en Goi\u00e1s, hice algo que no me enorgullece haber hecho. No fue un ejemplo para mi hijo y mi familia. Result\u00f3 muy feo de mi parte, pero soy un hombre para venir aqu\u00ed y disculparme por mi acto. Este no es un ejemplo para nadie\u00bb, dijo.<\/p>\n<p>La sanci\u00f3n para el volante s\u00f3lo es v\u00e1lida para el Goianense, por lo que podr\u00e1 participar de la Copa Brasil.&nbsp;<\/p>\n<div class=\"entry-tags\">\n<h2>TEMAS QUE APARECEN EN ESTA NOTA<\/h2>\n<\/p><\/div>\n","protected":false},"excerpt":{"rendered":"<p>\u00bfDemagogia para sus hinchas? \u00bfInconciencia personal? Sin dudas hubo una combinaci\u00f3n de ambas actitudes, con absoluta irresponsabilidad. Se trata de Alan Mineiro, jugador del Vila Nova. Ocurri\u00f3 el 7 de marzo, por el Torneo Goianense. El futbolista escupi\u00f3 el bander\u00edn con los colores del Goi\u00e1s, equipo local y cl\u00e1sico rival. Su actitud no hab\u00eda sido [&hellip;]<\/p>\n","protected":false},"author":1,"featured_media":16606,"comment_status":"open","ping_status":"closed","sticky":false,"template":"","format":"standard","meta":[],"categories":[16],"tags":[],"_links":{"self":[{"href":"http:\/\/hoycordobaweb.com\/index.php\/wp-json\/wp\/v2\/posts\/16605"}],"collection":[{"href":"http:\/\/hoycordobaweb.com\/index.php\/wp-json\/wp\/v2\/posts"}],"about":[{"href":"http:\/\/hoycordobaweb.com\/index.php\/wp-json\/wp\/v2\/types\/post"}],"author":[{"embeddable":true,"href":"http:\/\/hoycordobaweb.com\/index.php\/wp-json\/wp\/v2\/users\/1"}],"replies":[{"embeddable":true,"href":"http:\/\/hoycordobaweb.com\/index.php\/wp-json\/wp\/v2\/comments?post=16605"}],"version-history":[{"count":0,"href":"http:\/\/hoycordobaweb.com\/index.php\/wp-json\/wp\/v2\/posts\/16605\/revisions"}],"wp:featuredmedia":[{"embeddable":true,"href":"http:\/\/hoycordobaweb.com\/index.php\/wp-json\/wp\/v2\/media\/16606"}],"wp:attachment":[{"href":"http:\/\/hoycordobaweb.com\/index.php\/wp-json\/wp\/v2\/media?parent=16605"}],"wp:term":[{"taxonomy":"category","embeddable":true,"href":"http:\/\/hoycordobaweb.com\/index.php\/wp-json\/wp\/v2\/categories?post=16605"},{"taxonomy":"post_tag","embeddable":true,"href":"http:\/\/hoycordobaweb.com\/index.php\/wp-json\/wp\/v2\/tags?post=16605"}],"curies":[{"name":"wp","href":"https:\/\/api.w.org\/{rel}","templated":true}]}}