{"id":16581,"date":"2021-04-01T21:02:00","date_gmt":"2021-04-01T21:02:00","guid":{"rendered":"http:\/\/hoycordobaweb.com\/index.php\/2021\/04\/01\/lider-de-myanmar-derrocada-por-los-militares-comparece-ante-la-justicia\/"},"modified":"2021-04-01T21:02:00","modified_gmt":"2021-04-01T21:02:00","slug":"lider-de-myanmar-derrocada-por-los-militares-comparece-ante-la-justicia","status":"publish","type":"post","link":"http:\/\/hoycordobaweb.com\/index.php\/2021\/04\/01\/lider-de-myanmar-derrocada-por-los-militares-comparece-ante-la-justicia\/","title":{"rendered":"L\u00edder de Myanmar derrocada por los militares comparece ante la justicia"},"content":{"rendered":"<p><img src=\"http:\/\/hoycordobaweb.com\/wp-content\/uploads\/2021\/04\/lider-de-myanmar-derrocada-por-los-militares-comparece-ante-la-justicia.jpg\"><\/p>\n<div class=\"image\" id=\"image\" readability=\"7\"> <img src=\"http:\/\/hoycordobaweb.com\/wp-content\/uploads\/2021\/04\/lider-de-myanmar-derrocada-por-los-militares-comparece-ante-la-justicia-2.jpg\" alt=\"Aung San Suu Kyi frente a la justicia\" title=\"Aung San Suu Kyi frente a la justicia\"><\/p>\n<p>Aung San Suu Kyi frente a la justicia<\/p>\n<\/div>\n<p>La depuesta dirigente civil de <strong>Myanmar, Aung San Suu Kyi, detenida tras el golpe de Estado del 1 de febrero<\/strong> en el pa\u00eds del sudeste asi\u00e1tico, <strong>compareci\u00f3 hoy ante la justicia, un d\u00eda despu\u00e9s que la enviada de la ONU advirtiera del riesgo de una \u00abguerra civil\u00bb<\/strong>.<\/p>\n<p>Dos meses despu\u00e9s del golpe y en medio de una feroz campa\u00f1a de represi\u00f3n de protestas prodemocr\u00e1ticas, <strong>Suu Kyi se present\u00f3 por videoconferencia ante un tribunal de la capital Naipyid\u00f3 en una audiencia de tr\u00e1mite para designar a sus ocho abogados<\/strong>.<\/p>\n<p>Suu Kyi <strong>est\u00e1 procesada por cuatro cargos entre ellos el de \u00abincitaci\u00f3n al desorden p\u00fablico\u00bb<\/strong>. Tambi\u00e9n se la acusa de recibir sobornos, pero todav\u00eda no ha sido inculpada por corrupci\u00f3n.<\/p>\n<p>La l\u00edder de Myanmar, la antigua Birmania, <strong>podr\u00eda ser condenada a varios a\u00f1os de c\u00e1rcel y quedar proscrita para siempre de la vida pol\u00edtica<\/strong>.<\/p>\n<p>La premio Nobel de la Paz, de 75 a\u00f1os, estuvo \u00abbrillante y encantadora como siempre\u00bb, coment\u00f3 el abogado Khin Maung Zaw, citado por la agencia de noticias AFP.<\/p>\n<p><strong>\u00abElla pidi\u00f3 un encuentro con sus abogados, una reuni\u00f3n privada para dar sus instrucciones a su defensa y discutir el caso sin injerencias exteriores\u00bb<\/strong>, agreg\u00f3 el letrado.<\/p>\n<p>Esta fue la primera vez que Suu Kyi pudo conversar con su equipo de abogados desde el golpe de Estado, y <strong>se prev\u00e9 que la pr\u00f3xima audiencia se lleve a cabo el 12 de abril.<\/strong><\/p>\n<p>La defensa de la l\u00edder birmana detenida tiene lugar en medio de una creciente tensi\u00f3n y protestas populares contra la junta militar que profundiza la represi\u00f3n, al tiempo que aumenta la presi\u00f3n internacional contra los golpistas.<\/p>\n<p><strong>Manifestantes quemaron hoy una pila de copias de la Constituci\u00f3n en una calle de Rang\u00fan<\/strong>, la capital econ\u00f3mica, donde se incendiaron durante la noche dos supermercados del ej\u00e9rcito.<\/p>\n<p>Adem\u00e1s, <strong>se report\u00f3 la muerte de un manifestante de 31 a\u00f1os en la ciudad central de Montes<\/strong>.<\/p>\n<p>Ante el derramamiento de sangre, varias facciones rebeldes amenazaron con tomar las armas contra la junta, y diputados de la Liga Nacional para la Democracia (LND), partido de Suu Kyi, anunciaron la formaci\u00f3n durante la primera semana de abril de \u00abun nuevo gobierno civil\u00bb de resistencia.<\/p>\n<p>En la clandestinidad desde el golpe de Estado, tambi\u00e9n <strong>anunciaron que la Constituci\u00f3n de 2008 redactada por el precedente r\u00e9gimen militar quedaba \u00abanulada\u00bb<\/strong>.<\/p>\n<p>Ayer, en una reuni\u00f3n a puerta cerrada del Consejo de Seguridad de la ONU, la enviada de Naciones Unidas a Myanmar, <strong>Christine Schraner Burgener, alert\u00f3 de la posibilidad de una \u00abguerra civil a un nivel sin precedentes\u00bb<\/strong>.<\/p>\n<p><strong>\u00abInsto a este Consejo a considerar todos los medios a su disposici\u00f3n para evitar una cat\u00e1strofe multidimensional en el coraz\u00f3n de Asia\u00bb<\/strong>, a\u00f1adi\u00f3.<\/p>\n<p>Sin embargo, las naciones miembro del Consejo de Seguridad tienen posturas contrapuestas.<\/p>\n<p>Mientras que Estados Unidos y el Reino Unido defendieron la aplicaci\u00f3n de sanciones contra la junta militar y Londres impuso hoy nuevas sanciones econ\u00f3micas contra el conglomerado Myanmar Economic Corporation, China, aliado tradicional de las Fuerzas Armadas birmanas, rechaz\u00f3 esa idea aunque llam\u00f3 a \u00abvolver a una transici\u00f3n democr\u00e1tica\u00bb.<\/p>\n<p>Por su parte, <strong>la Asociaci\u00f3n de Ayuda a los Presos Pol\u00edticos (AAPP) denunci\u00f3 que al menos 510 personas, entre ellas numerosos estudiantes, adolescentes e incluso ni\u00f1os, murieron por disparos de polic\u00edas y militares durante la represi\u00f3n<\/strong> desatada contra la ola de protestas prodemocr\u00e1ticas desde el golpe de Estado.<\/p>\n<p>La ONG reiter\u00f3 que el n\u00famero de v\u00edctimas \u00abes probablemente mucho mayor\u00bb, sobre todo porque cientos de detenidos siguen desaparecidos. <\/p>\n","protected":false},"excerpt":{"rendered":"<p>Aung San Suu Kyi frente a la justicia La depuesta dirigente civil de Myanmar, Aung San Suu Kyi, detenida tras el golpe de Estado del 1 de febrero en el pa\u00eds del sudeste asi\u00e1tico, compareci\u00f3 hoy ante la justicia, un d\u00eda despu\u00e9s que la enviada de la ONU advirtiera del riesgo de una \u00abguerra civil\u00bb. [&hellip;]<\/p>\n","protected":false},"author":1,"featured_media":16582,"comment_status":"open","ping_status":"closed","sticky":false,"template":"","format":"standard","meta":[],"categories":[24],"tags":[],"_links":{"self":[{"href":"http:\/\/hoycordobaweb.com\/index.php\/wp-json\/wp\/v2\/posts\/16581"}],"collection":[{"href":"http:\/\/hoycordobaweb.com\/index.php\/wp-json\/wp\/v2\/posts"}],"about":[{"href":"http:\/\/hoycordobaweb.com\/index.php\/wp-json\/wp\/v2\/types\/post"}],"author":[{"embeddable":true,"href":"http:\/\/hoycordobaweb.com\/index.php\/wp-json\/wp\/v2\/users\/1"}],"replies":[{"embeddable":true,"href":"http:\/\/hoycordobaweb.com\/index.php\/wp-json\/wp\/v2\/comments?post=16581"}],"version-history":[{"count":0,"href":"http:\/\/hoycordobaweb.com\/index.php\/wp-json\/wp\/v2\/posts\/16581\/revisions"}],"wp:featuredmedia":[{"embeddable":true,"href":"http:\/\/hoycordobaweb.com\/index.php\/wp-json\/wp\/v2\/media\/16582"}],"wp:attachment":[{"href":"http:\/\/hoycordobaweb.com\/index.php\/wp-json\/wp\/v2\/media?parent=16581"}],"wp:term":[{"taxonomy":"category","embeddable":true,"href":"http:\/\/hoycordobaweb.com\/index.php\/wp-json\/wp\/v2\/categories?post=16581"},{"taxonomy":"post_tag","embeddable":true,"href":"http:\/\/hoycordobaweb.com\/index.php\/wp-json\/wp\/v2\/tags?post=16581"}],"curies":[{"name":"wp","href":"https:\/\/api.w.org\/{rel}","templated":true}]}}