{"id":16412,"date":"2021-03-30T20:40:48","date_gmt":"2021-03-30T20:40:48","guid":{"rendered":"http:\/\/ladecimaweb.com\/?p=8967"},"modified":"2021-03-30T20:40:48","modified_gmt":"2021-03-30T20:40:48","slug":"en-un-ano-presente-mas-de-40-curriculum-pero-no-te-llama-nadie-dice-un-joven-de-la-zona-sur","status":"publish","type":"post","link":"http:\/\/hoycordobaweb.com\/index.php\/2021\/03\/30\/en-un-ano-presente-mas-de-40-curriculum-pero-no-te-llama-nadie-dice-un-joven-de-la-zona-sur\/","title":{"rendered":"\u201cEn un a\u00f1o present\u00e9 m\u00e1s de 40 curriculum, pero no te llama nadie\u201d, dice un joven de la zona sur"},"content":{"rendered":"<p>La Encuesta Permanente de Hogares (EPH) del Indec referida al \u00faltimo trimestre del 2020 revel\u00f3 recientemente que hay 1,4 millones de argentinos sin trabajo (11% de la PEA), pero que el panorama es mucho peor en <strong>los j\u00f3venes de entre 14 y 29 a\u00f1os<\/strong> ya que en ese segmento de la poblaci\u00f3n econ\u00f3micamente activa est\u00e1n <strong>sin empleo el 26 % de las mujeres y el 19% de los hombres.<\/strong><\/p>\n<p><em><strong>&#8220;La Argentina es el pa\u00eds con mayor desempleo juvenil de la regi\u00f3n&#8221;, <\/strong><a href=\"https:\/\/www.cippec.org\/textual\/la-argentina-es-el-pais-con-mayor-desempleo-juvenil-de-la-region\/\">concluye el Centro de Pol\u00edticas P\u00fablicas para la Equidad y el Crecimiento (Cippec)<\/a> a partir de los datos estad\u00edsticos oficiales. &#8220;El desempleo afecta m\u00e1s a los j\u00f3venes argentinos que a los adultos.\u00a0Seg\u00fan datos del INDEC, casi dos de diez j\u00f3venes est\u00e1n desempleados (19,3%), mientras que incide sobre el 7,4% de la poblaci\u00f3n en general. Es decir: la tasa de desempleo en los\u00a0<a href=\"https:\/\/www.cippec.org\/tag\/jovenes\/\" target=\"_blank\" rel=\"noopener noreferrer\">j\u00f3venes<\/a> m\u00e1s que duplica a la de la poblaci\u00f3n adulta en general y viene ampli\u00e1ndose desde 2004&#8243;, sostiene el Cippec.<\/em><\/p>\n<p><strong>Jonathan Ezequiel Toranzo tiene 25 a\u00f1os y es uno de los j\u00f3venes de la zona sur que hace tiempo busca empleo y no encuentra.\u00a0<\/strong><\/p>\n<p><strong>&#8220;Te da bronca porque<\/strong> <strong>este pa\u00eds solo le da oportunidades a los que tienen un acomodo, una cu\u00f1a<\/strong> como se dice, y los que queremos trabajar no podemos&#8221;, dice, enojado y ya sintiendo los efectos del desaliento. Por ese efecto, en Argentina dejaron de buscar empleo m\u00e1s 780 mil trabajadores, de lo contrario la desocupaci\u00f3n ser\u00eda mucho m\u00e1s alta.<\/p>\n<p>Jonathan dej\u00f3 la secundaria y <strong>a los 17 a\u00f1os se puso a trabajar. Hizo de todo:<\/strong> desde repartidor de soda, ayudante en la construcci\u00f3n y repositor de supermercado hasta repartidor de las aplicaciones de delivery. Salvo en la obra que trabaj\u00f3 seis meses en blanco, en lo dem\u00e1s <strong>conoci\u00f3 la precariedad absoluta<\/strong>.<\/p>\n<p>&#8220;Gastas plata en hacer curriculum y los llevas con la esperanza de que alg\u00fan d\u00eda te llamen y te digan: &#8220;Presentate ma\u00f1ana&#8221;, pero eso nunca pasa&#8221;, cuenta Jonathan, quien <strong>calcula haber entregados &#8220;m\u00e1s de 40 curriculum&#8221; del a\u00f1o pasado a la actualidad.\u00a0<\/strong><\/p>\n<p><em>El informe del Cippec revela que <strong>&#8220;el desempleo afecta m\u00e1s a los j\u00f3venes<\/strong> que m\u00e1s necesitan trabajar: los provenientes <strong>de hogares de menores ingresos<\/strong>. Mientras el 26% de los j\u00f3venes del quintil m\u00e1s bajo de ingreso es desempleado, solo el 9% de los j\u00f3venes del quintil m\u00e1s alto est\u00e1 en esa situaci\u00f3n&#8221;.<\/em><\/p>\n<p>Jonathan vive en el barrio ciudad Obispo Angelelli 2. &#8220;Tengo una casita prefabricada al fondo de la casa de la abuela de mi mujer&#8221;, apunta en la entrevista con La D\u00e9cima, realizada este lunes 29 de marzo en la casa de su padre en Villa El Libertador (Bogot\u00e1 al 400)<\/p>\n<p><strong>Ese d\u00eda, ven\u00eda de hacer una &#8220;changa&#8221; levantando frutas y verduras en una quinta org\u00e1nica<\/strong>. &#8220;Es de unos familiares y cada tanto me llaman&#8221;, cuenta. Pero su aspiraci\u00f3n es lograr un ingreso regular, y en lo posible, formal.<\/p>\n<p>&#8220;Con esto de la pandemia se cort\u00f3 todo, ahora se est\u00e1 queriendo reactivar, y ser\u00eda la oportunidad para encontrar algo, pero no sale nada&#8221;, reitera, impotente. Dice que <strong>dej\u00f3 curriculum en &#8220;el Surrbac, de Porta Hermanos, en estaciones de servicio, panader\u00edas, centros de distribuci\u00f3n; en todos lados&#8221;, se\u00f1ala.\u00a0<\/strong><\/p>\n<p>Mientras tanto, empez\u00f3 a cursar cuarto y quinto a\u00f1o en un colegio nocturno en Angelelli para finalizar el secundario. Siempre con la idea de que sea un argumento favorable m\u00e1s para conseguir algo.<\/p>\n<p><strong>&#8220;Yo aprendo r\u00e1pido y hago lo que sea, le pongo voluntad a todo&#8221;,<\/strong> responde cuando se le pregunta qu\u00e9 es lo mejor que sabe hacer. &#8220;Adem\u00e1s dispongo de movilidad, hago lo que sea por trabajar&#8221;, afirma.<\/p>\n<p><em>&#8220;En la Argentina el 34% de los trabajadores est\u00e1 en situaci\u00f3n de informalidad, pero si se consideran solamente los trabajadores j\u00f3venes, ese porcentaje asciende al 60%, es decir que seis de cada diez j\u00f3venes que trabajan lo hacen de forma precaria&#8221;, puntualiza el Cippec.\u00a0<\/em><\/p>\n<p>La informalidad, en Argentina, alcanza a 3,1 millones de trabajadores, y en C\u00f3rdoba, hay 255 mil personas con dificultades laborales (98 mil desocupadas y el resto subocupadas, porque trabajan menos de 35 horas semanales)<\/p>\n<p>Para Jonathan, la ayuda del IFE (ingreso familiar de emergencia) fue fundamental porque lo ayud\u00f3 a mantener a su familia durante tres meses -tiene una hija de 5 a\u00f1os. &#8220;Pero <strong>lo que yo quiero es trabajar, tener algo constante, un sueldito,<\/strong> no pido mucho, solo que me den una oportunidad&#8221;, manifiesta.<\/p>\n<p>Quienes lean esta nota y creen que pueden darle una mano a Jonathan <strong>comunicarse al 351-5590247.<\/strong><\/p>\n<p>&nbsp;<\/p>\n<div class=\"ubm_banner\"><a href=\"https:\/\/youtu.be\/4ekd0b3znLI\" target=\"_blank\" rel=\"dofollow noopener noreferrer\"><img src=\"http:\/\/hoycordobaweb.com\/wp-content\/uploads\/2021\/03\/en-un-ano-presente-mas-de-40-curriculum-pero-no-te-llama-nadie-dice-un-joven-de-la-zona-sur.gif\" alt=\"\"><\/a><\/div>\n<p>&nbsp;<\/p>\n<p>La entrada <a rel=\"nofollow\" href=\"https:\/\/ladecimaweb.com\/en-un-ano-presente-mas-de-40-curriculum-pero-no-te-llama-nadie-dice-un-joven-de-la-zona-sur\/\">&#8220;En un a\u00f1o present\u00e9 m\u00e1s de 40 curriculum, pero no te llama nadie&#8221;, dice un joven de la zona sur<\/a> se public\u00f3 primero en <a rel=\"nofollow\" href=\"https:\/\/ladecimaweb.com\">LaDecima<\/a>.<\/p>\n","protected":false},"excerpt":{"rendered":"<p>La Encuesta Permanente de Hogares (EPH) del Indec referida al \u00faltimo trimestre del 2020 revel\u00f3 recientemente que hay 1,4 millones de argentinos sin trabajo (11% de la PEA), pero que el panorama es mucho peor en los j\u00f3venes de entre 14 y 29 a\u00f1os ya que en ese segmento de la poblaci\u00f3n econ\u00f3micamente activa est\u00e1n [&hellip;]<\/p>\n","protected":false},"author":1,"featured_media":16413,"comment_status":"closed","ping_status":"closed","sticky":false,"template":"","format":"standard","meta":[],"categories":[19],"tags":[],"_links":{"self":[{"href":"http:\/\/hoycordobaweb.com\/index.php\/wp-json\/wp\/v2\/posts\/16412"}],"collection":[{"href":"http:\/\/hoycordobaweb.com\/index.php\/wp-json\/wp\/v2\/posts"}],"about":[{"href":"http:\/\/hoycordobaweb.com\/index.php\/wp-json\/wp\/v2\/types\/post"}],"author":[{"embeddable":true,"href":"http:\/\/hoycordobaweb.com\/index.php\/wp-json\/wp\/v2\/users\/1"}],"replies":[{"embeddable":true,"href":"http:\/\/hoycordobaweb.com\/index.php\/wp-json\/wp\/v2\/comments?post=16412"}],"version-history":[{"count":0,"href":"http:\/\/hoycordobaweb.com\/index.php\/wp-json\/wp\/v2\/posts\/16412\/revisions"}],"wp:featuredmedia":[{"embeddable":true,"href":"http:\/\/hoycordobaweb.com\/index.php\/wp-json\/wp\/v2\/media\/16413"}],"wp:attachment":[{"href":"http:\/\/hoycordobaweb.com\/index.php\/wp-json\/wp\/v2\/media?parent=16412"}],"wp:term":[{"taxonomy":"category","embeddable":true,"href":"http:\/\/hoycordobaweb.com\/index.php\/wp-json\/wp\/v2\/categories?post=16412"},{"taxonomy":"post_tag","embeddable":true,"href":"http:\/\/hoycordobaweb.com\/index.php\/wp-json\/wp\/v2\/tags?post=16412"}],"curies":[{"name":"wp","href":"https:\/\/api.w.org\/{rel}","templated":true}]}}