{"id":16382,"date":"2021-03-30T01:44:00","date_gmt":"2021-03-30T01:44:00","guid":{"rendered":"http:\/\/hoycordobaweb.com\/index.php\/2021\/03\/30\/ex-canciller-uruguayo-nin-novoa-aseguro-que-lacalle-pou-le-erro-al-usar-la-expresion-lastre\/"},"modified":"2021-03-30T01:44:00","modified_gmt":"2021-03-30T01:44:00","slug":"ex-canciller-uruguayo-nin-novoa-aseguro-que-lacalle-pou-le-erro-al-usar-la-expresion-lastre","status":"publish","type":"post","link":"http:\/\/hoycordobaweb.com\/index.php\/2021\/03\/30\/ex-canciller-uruguayo-nin-novoa-aseguro-que-lacalle-pou-le-erro-al-usar-la-expresion-lastre\/","title":{"rendered":"Ex canciller uruguayo Nin Novoa asegur\u00f3 que Lacalle Pou \u00able err\u00f3\u00bb al usar la expresi\u00f3n \u00ablastre\u00bb"},"content":{"rendered":"<p><img src=\"http:\/\/hoycordobaweb.com\/wp-content\/uploads\/2021\/03\/ex-canciller-uruguayo-nin-novoa-aseguro-que-lacalle-pou-le-erro-al-usar-la-expresion-lastre.jpg\"><\/p>\n<div class=\"image\" id=\"image\" readability=\"7\"> <img src=\"http:\/\/hoycordobaweb.com\/wp-content\/uploads\/2021\/03\/ex-canciller-uruguayo-nin-novoa-aseguro-que-lacalle-pou-le-erro-al-usar-la-expresion-lastre-2.jpg\" alt=\"El excanciller critic\u00f3 a Lacalle Pou.\" title=\"El excanciller critic\u00f3 a Lacalle Pou.\"><\/p>\n<p>El excanciller critic\u00f3 a Lacalle Pou.<\/p>\n<\/div>\n<p><strong>El excanciller de Uruguay Rodolfo Nin Novoa, quien ocup\u00f3 el Ministerio de Relaciones Exteriores durante la gesti\u00f3n del fallecido exmandatario Tabar\u00e9 V\u00e1zquez, asegur\u00f3 que el presidente uruguayo Luis Lacalle Pou \u00able err\u00f3, no en el contenido, sino en la forma de expresarlo\u00bb al utilizar la palabra \u00ablastre\u00bb en su discurso durante la \u00faltima cumbre del Mercosur.<\/strong><\/p>\n<p>Nin Novoa, a cargo de la Canciller\u00eda en el segundo mandato de V\u00e1zquez (2015-2020), se refiri\u00f3 as\u00ed a los dichos de Lacalle Pou en el debate de presidentes del bloque regional, realizado el viernes \u00faltimo a trav\u00e9s de una videoconferencia.<\/p>\n<p>\u00abMe parece que le err\u00f3, no en el contenido, sino en la forma de expresarlo\u00bb, afirm\u00f3 Nin Novoa en declaraciones radiales que fueron citadas por el diario uruguayo El Pa\u00eds.<\/p>\n<p>Adem\u00e1s, asegur\u00f3 que en los foros y cumbres internacionales -como la reuni\u00f3n virtual de los mandatarios del Mercosur por los 30 a\u00f1os del bloque- hay que \u00abtener cierto cuidado\u00bb con las expresiones que se utilizan.<\/p>\n<p>Tras esa recomendaci\u00f3n, Nin Novoa advirti\u00f3 que la falta de cuidado en las expresiones que se utilizan al exponer o transmitir una posici\u00f3n suele ser uno de los riesgos de la llamada \u00abdiplomacia presidencial\u00bb porque, reproch\u00f3, quien la ejerce suele \u00abatribuirse ciertos derechos que, en su forma, son equivocados\u00bb<\/p>\n<p>En ese sentido, el exministro de Relaciones Exteriores remarc\u00f3 que la negociaci\u00f3n diplom\u00e1tica \u00abtiene que ser permanente, hay que creer en la diplomacia, y para eso est\u00e1n los diplom\u00e1ticos, justamente\u00bb.<\/p>\n<p>Sin embargo, luego <strong>afirm\u00f3 que el contrapunto p\u00fablico entre Lacalle Pou y el presidente Alberto Fern\u00e1ndez debe ser tratado \u00abcomo un hecho al que hay que dar por superado\u00bb, por lo que recomend\u00f3 \u00abno seguir ech\u00e1ndole le\u00f1a al fuego\u00bb.<\/strong><\/p>\n<p>En paralelo, consultado por el reclamo de Lacalle Pou de flexibilizar el arancel externo com\u00fan del Mercosur, Nin Novoa aconsej\u00f3 \u00absentarse en la mesa para discutir diplom\u00e1ticamente qu\u00e9 es lo que se quiere con el tema de la flexibilizaci\u00f3n\u00bb, tras lo que pidi\u00f3 \u00abponerle contenido\u00bb y \u00abhablar de t\u00e9rminos de referencia\u00bb.<\/p>\n<p>\u00abTodos hemos hablado de flexibilizaci\u00f3n -reconoci\u00f3 el excanciller del \u00faltimo gobierno del Frente Amplio-, es verdad, y para eso hay que tratar de ver c\u00f3mo logramos, en primer lugar, ir todos juntos a abrirnos al mundo y a las negociaciones en un mundo que est\u00e1 complejo y complicado por la pandemia, donde hay una tendencia a encerrarse\u00bb, analiz\u00f3.<\/p>\n<p>\u00abHoy todas las negociaciones est\u00e1n bastante paradas\u00bb, agreg\u00f3 en alusi\u00f3n a las disposiciones de los Estados frente al segundo a\u00f1o de la pandemia y las amenazas de la segunda y tercera ola del coronavirus.<\/p>\n<p>Por \u00faltimo, al ser consultado por el Mercosur y por lo que significa el bloque regional para Uruguay, Nin Novoa destac\u00f3 que se trata del acuerdo comercial \u00abm\u00e1s importante\u00bb de su pa\u00eds.<\/p>\n<p>\u00abNadie puede pensar en irse del Mercosur\u00bb, exhort\u00f3 luego, ya que en ese caso, advirti\u00f3, \u00abhabr\u00eda que empezar a pagar aranceles otra vez\u00bb.<\/p>\n<p>En la cumbre del viernes, Lacalle Pou dijo que Uruguay \u00abno est\u00e1 conforme\u00bb con el funcionamiento actual del Mercosur, reclam\u00f3 una \u00abflexibilizaci\u00f3n\u00bb en ese sentido y lleg\u00f3 a definir a las condiciones que rigen el comercio extra-regional como \u00abun lastre\u00bb y un \u00abcorset\u00bb para su pa\u00eds.<\/p>\n<p>Fern\u00e1ndez, como anfitri\u00f3n del encuentro, le correspondi\u00f3 el cierre, y entonces sali\u00f3 al cruce: \u00abSi nos hemos convertido en una carga, lo lamento. No queremos ser lastre de nadie. Si somos un lastre, que tomen otro barco. Es un honor ser parte del Mercosur\u00bb, respondi\u00f3.<\/p>\n","protected":false},"excerpt":{"rendered":"<p>El excanciller critic\u00f3 a Lacalle Pou. El excanciller de Uruguay Rodolfo Nin Novoa, quien ocup\u00f3 el Ministerio de Relaciones Exteriores durante la gesti\u00f3n del fallecido exmandatario Tabar\u00e9 V\u00e1zquez, asegur\u00f3 que el presidente uruguayo Luis Lacalle Pou \u00able err\u00f3, no en el contenido, sino en la forma de expresarlo\u00bb al utilizar la palabra \u00ablastre\u00bb en su [&hellip;]<\/p>\n","protected":false},"author":1,"featured_media":16383,"comment_status":"open","ping_status":"closed","sticky":false,"template":"","format":"standard","meta":[],"categories":[19],"tags":[],"_links":{"self":[{"href":"http:\/\/hoycordobaweb.com\/index.php\/wp-json\/wp\/v2\/posts\/16382"}],"collection":[{"href":"http:\/\/hoycordobaweb.com\/index.php\/wp-json\/wp\/v2\/posts"}],"about":[{"href":"http:\/\/hoycordobaweb.com\/index.php\/wp-json\/wp\/v2\/types\/post"}],"author":[{"embeddable":true,"href":"http:\/\/hoycordobaweb.com\/index.php\/wp-json\/wp\/v2\/users\/1"}],"replies":[{"embeddable":true,"href":"http:\/\/hoycordobaweb.com\/index.php\/wp-json\/wp\/v2\/comments?post=16382"}],"version-history":[{"count":0,"href":"http:\/\/hoycordobaweb.com\/index.php\/wp-json\/wp\/v2\/posts\/16382\/revisions"}],"wp:featuredmedia":[{"embeddable":true,"href":"http:\/\/hoycordobaweb.com\/index.php\/wp-json\/wp\/v2\/media\/16383"}],"wp:attachment":[{"href":"http:\/\/hoycordobaweb.com\/index.php\/wp-json\/wp\/v2\/media?parent=16382"}],"wp:term":[{"taxonomy":"category","embeddable":true,"href":"http:\/\/hoycordobaweb.com\/index.php\/wp-json\/wp\/v2\/categories?post=16382"},{"taxonomy":"post_tag","embeddable":true,"href":"http:\/\/hoycordobaweb.com\/index.php\/wp-json\/wp\/v2\/tags?post=16382"}],"curies":[{"name":"wp","href":"https:\/\/api.w.org\/{rel}","templated":true}]}}