{"id":1637,"date":"2020-09-14T23:08:00","date_gmt":"2020-09-14T23:08:00","guid":{"rendered":"https:\/\/fm-comunicar.com.ar\/contenido\/16037\/femicidio-de-juana-valdez-familiares-marcharon-pidiendo-justicia"},"modified":"2020-09-14T23:08:00","modified_gmt":"2020-09-14T23:08:00","slug":"femicidio-de-juana-valdez-familiares-marcharon-pidiendo-justicia","status":"publish","type":"post","link":"http:\/\/hoycordobaweb.com\/index.php\/2020\/09\/14\/femicidio-de-juana-valdez-familiares-marcharon-pidiendo-justicia\/","title":{"rendered":"Femicidio de Juana Vald\u00e9z: familiares marcharon pidiendo justicia"},"content":{"rendered":"<p>La hermana de la v\u00edctima cree que la mataron hace dos meses y que el asesino fue el que incendi\u00f3 la chacra donde la enterr\u00f3 y el que dio aviso a la Polic\u00eda este domingo. \u00abElla le ten\u00eda terror\u00bb, dijo sobre la v\u00edctima.<img src=\"http:\/\/hoycordobaweb.com\/wp-content\/uploads\/2020\/09\/femicidio-de-juana-valdez-familiares-marcharon-pidiendo-justicia.jpg\"><\/p>\n","protected":false},"excerpt":{"rendered":"<p>La hermana de la v\u00edctima cree que la mataron hace dos meses y que el asesino fue el que incendi\u00f3 la chacra donde la enterr\u00f3 y el que dio aviso a la Polic\u00eda este domingo. \u00abElla le ten\u00eda terror\u00bb, dijo sobre la v\u00edctima.<\/p>\n","protected":false},"author":1,"featured_media":1638,"comment_status":"closed","ping_status":"closed","sticky":false,"template":"","format":"standard","meta":[],"categories":[18],"tags":[],"_links":{"self":[{"href":"http:\/\/hoycordobaweb.com\/index.php\/wp-json\/wp\/v2\/posts\/1637"}],"collection":[{"href":"http:\/\/hoycordobaweb.com\/index.php\/wp-json\/wp\/v2\/posts"}],"about":[{"href":"http:\/\/hoycordobaweb.com\/index.php\/wp-json\/wp\/v2\/types\/post"}],"author":[{"embeddable":true,"href":"http:\/\/hoycordobaweb.com\/index.php\/wp-json\/wp\/v2\/users\/1"}],"replies":[{"embeddable":true,"href":"http:\/\/hoycordobaweb.com\/index.php\/wp-json\/wp\/v2\/comments?post=1637"}],"version-history":[{"count":0,"href":"http:\/\/hoycordobaweb.com\/index.php\/wp-json\/wp\/v2\/posts\/1637\/revisions"}],"wp:featuredmedia":[{"embeddable":true,"href":"http:\/\/hoycordobaweb.com\/index.php\/wp-json\/wp\/v2\/media\/1638"}],"wp:attachment":[{"href":"http:\/\/hoycordobaweb.com\/index.php\/wp-json\/wp\/v2\/media?parent=1637"}],"wp:term":[{"taxonomy":"category","embeddable":true,"href":"http:\/\/hoycordobaweb.com\/index.php\/wp-json\/wp\/v2\/categories?post=1637"},{"taxonomy":"post_tag","embeddable":true,"href":"http:\/\/hoycordobaweb.com\/index.php\/wp-json\/wp\/v2\/tags?post=1637"}],"curies":[{"name":"wp","href":"https:\/\/api.w.org\/{rel}","templated":true}]}}