{"id":16309,"date":"2021-03-30T00:35:00","date_gmt":"2021-03-30T00:35:00","guid":{"rendered":"http:\/\/hoycordobaweb.com\/index.php\/2021\/03\/30\/el-kun-aguero-se-va-de-manchester-city-y-podria-reunirse-con-messi-en-barcelona-o-paris\/"},"modified":"2021-03-30T00:35:00","modified_gmt":"2021-03-30T00:35:00","slug":"el-kun-aguero-se-va-de-manchester-city-y-podria-reunirse-con-messi-en-barcelona-o-paris","status":"publish","type":"post","link":"http:\/\/hoycordobaweb.com\/index.php\/2021\/03\/30\/el-kun-aguero-se-va-de-manchester-city-y-podria-reunirse-con-messi-en-barcelona-o-paris\/","title":{"rendered":"El &#8216;Kun&#8217; Ag\u00fcero se va de Manchester City y podr\u00eda reunirse con Messi en Barcelona o Par\u00eds"},"content":{"rendered":"<p><img src=\"http:\/\/hoycordobaweb.com\/wp-content\/uploads\/2021\/03\/el-kun-aguero-se-va-de-manchester-city-y-podria-reunirse-con-messi-en-barcelona-o-paris.jpg\"><\/p>\n<div class=\"image\" id=\"image\" readability=\"7\"> <img src=\"http:\/\/hoycordobaweb.com\/wp-content\/uploads\/2021\/03\/el-kun-aguero-se-va-de-manchester-city-y-podria-reunirse-con-messi-en-barcelona-o-paris-2.jpg\" alt=\"Ag\u00fcero por nuevos caminos\" title=\"Ag\u00fcero por nuevos caminos\"><\/p>\n<p>Ag\u00fcero por nuevos caminos<\/p>\n<\/div>\n<p><strong>Sergio Ag\u00fcero<\/strong> al anunciar que <strong>en junio pr\u00f3ximo se ir\u00e1 de Manchester City despu\u00e9s de 10 a\u00f1os<\/strong> dijo que se siente \u00aben plenitud\u00bb y <strong>en la continuidad de su carrera podr\u00eda llegar a cumplir su sue\u00f1o de compartir equipo con su gran amigo Lionel Messi, en Barcelona o bien en el Par\u00eds Saint Germain<\/strong>, que pretende a ambos a instancias del entrenador Mauricio Pocchetino.<\/p>\n<p><strong>La otra posibilidad es la de Juventus, de Italia, para ocupar un hueco dif\u00edcil de llenar como el que dejar\u00eda Cristiano Ronaldo<\/strong>, cuyo nombre resuena en Espa\u00f1a para retornar a Real Madrid.<\/p>\n<p><strong>\u00abCuando se cierra un ciclo se tienen muchas sensaciones. Me quedo con la satisfacci\u00f3n y el orgullo de haber estado 10 temporadas en Manchester City, algo inusual en estas \u00e9pocas para un jugador profesional\u00bb<\/strong>, expres\u00f3 Ag\u00fcero a modo de despedida adelantada a trav\u00e9s de sus redes sociales.<\/p>\n<p><strong>\u00abFueron 10 a\u00f1os, desde que llegu\u00e9 en 2011, con logros important\u00edsimos, entre ellos el de haberme convertido en el goleador hist\u00f3rico del club, pero sobre todo el haber forjado un v\u00ednculo indestructible con toda la gente de esta instituci\u00f3n que llevar\u00e9 siempre en el coraz\u00f3n\u00bb<\/strong>, manifest\u00f3.<\/p>\n<p>El texto continu\u00f3 recordando que al momento de arribar a Manchester desde Atl\u00e9tico de Madrid, donde tambi\u00e9n era muy querido, por lo que los aficionados de la entidad espa\u00f1ola se sintieron \u00abtraicionados\u00bb por esa partida, <strong>\u00abel City estaba en una etapa de reconstrucci\u00f3n. Pero junto con la visi\u00f3n de sus propietarios y el aporte de distintos jugadores, logramos colocarlo en lo m\u00e1s alto, entre los clubes m\u00e1s importantes del mundo\u00bb<\/strong>.<\/p>\n<p><strong>\u00abPor eso ahora es obligaci\u00f3n de otros futbolistas mantenerlo en ese lugar de privilegio donde merece seguir estando. De mi parte seguir\u00e9 d\u00e1ndolo todo en lo que queda de la temporada para ganar otros t\u00edtulos y brindarle m\u00e1s alegr\u00edas a la gente\u00bb<\/strong>, advirti\u00f3.<\/p>\n<p><strong>\u00abDespu\u00e9s llegar\u00e1 una nueva etapa, con otros desaf\u00edos para los que me siento en plenitud y que encarar\u00e9 con la misma pasi\u00f3n y profesionalismo que entregu\u00e9 siempre, con el objetivo de continuar compitiendo en el m\u00e1s alto nivel\u00bb<\/strong>, anunci\u00f3.<\/p>\n<p>El &#8216;Kun&#8217; dej\u00f3 en el verano de 2011 el Atl\u00e9tico de Madrid para pasar a Manchester City a cambio de 40 millones de euros, y en esta d\u00e9cada en el equipo \u00abceleste\u00bb que dirige Josep Guardiola, quien no le viene dando muchos minutos despu\u00e9s de una lesi\u00f3n que lo mantuvo bastante tiempo parado, gan\u00f3 nada menos que 13 t\u00edtulos, y actualmente es el actual l\u00edder de la Premier League y est\u00e1 muy bien aspectado en la Champions League.<\/p>\n<p>En estos 10 a\u00f1os Ag\u00fcero convirti\u00f3 257 goles en 384 partidos, siendo el m\u00e1s recordado aquel que determin\u00f3 la conquista de la Premier League en su primera temporada, al anotar en el tiempo de descuento el tanto de la victoria por 3-2 ante el Queen&#8217;s Park Rangers, lo que le permiti\u00f3 celebrar un t\u00edtulo al City despu\u00e9s de 44 a\u00f1os.<\/p>\n<p>El presidente del club, el empresario de los Emiratos \u00c1rabes Unidos, Khaldoon Al Mubarak, dio a conocer hoy que el club ya encarg\u00f3 una estatua del argentino de 32 a\u00f1os para que se coloque en las inmediaciones del Etihad Stadium, junto a las de otros contempor\u00e1neas figuras se\u00f1eras de la entidad como David Silva y Vincent Kompany.<\/p>\n<p>Y adem\u00e1s, en declaraciones que reprodujo Dpa, Al Mubarak indic\u00f3 que la instituci\u00f3n tambi\u00e9n instalar\u00e1 un mosaico dedicado al ex-Independiente en la City Football Academy, propiedad formativa de la entidad.<\/p>\n<p><strong>\u00abNo se puede exagerar, pero la contribuci\u00f3n de Sergio al Manchester City durante los \u00faltimos 10 a\u00f1os lo transform\u00f3 en una leyenda que quedar\u00e1 grabada de forma indeleble en la memoria de todos los que aman al club y tal vez incluso de los que simplemente aman el f\u00fatbol\u00bb<\/strong>, afirm\u00f3 <strong>Al Mubarak<\/strong> en la p\u00e1gina web del Manchester City.<\/p>\n<p>Ag\u00fcero prometi\u00f3 que alg\u00fan d\u00eda podr\u00eda volver a Independiente, que ese era su deseo, y <strong>el 2 de junio cumplir\u00e1 33 a\u00f1os<\/strong>, lo que podr\u00eda ser un buen momento porque lo har\u00eda \u00aben plenitud\u00bb, como \u00e9l mismo dijo sentirse.<\/p>\n<p>Pero quiz\u00e1, y m\u00e1s all\u00e1 del dinero, <strong>la posibilidad de jugar con su amigo Messi vistiendo ambos la misma camiseta, pero otra que no sea la del seleccionado argentino, lo lleve nuevamente muy lejos de Avellaneda<\/strong>. Para terminar con esa historia grande que en un ya muy lejano 2006 empez\u00f3 a forjar en suelo europeo, cuando el Vicente Calder\u00f3n del Atl\u00e9tico de Madrid estaba muy lejos de llamarse Wanda Metropolitano. <\/p>\n","protected":false},"excerpt":{"rendered":"<p>Ag\u00fcero por nuevos caminos Sergio Ag\u00fcero al anunciar que en junio pr\u00f3ximo se ir\u00e1 de Manchester City despu\u00e9s de 10 a\u00f1os dijo que se siente \u00aben plenitud\u00bb y en la continuidad de su carrera podr\u00eda llegar a cumplir su sue\u00f1o de compartir equipo con su gran amigo Lionel Messi, en Barcelona o bien en el [&hellip;]<\/p>\n","protected":false},"author":1,"featured_media":16310,"comment_status":"open","ping_status":"closed","sticky":false,"template":"","format":"standard","meta":[],"categories":[16],"tags":[],"_links":{"self":[{"href":"http:\/\/hoycordobaweb.com\/index.php\/wp-json\/wp\/v2\/posts\/16309"}],"collection":[{"href":"http:\/\/hoycordobaweb.com\/index.php\/wp-json\/wp\/v2\/posts"}],"about":[{"href":"http:\/\/hoycordobaweb.com\/index.php\/wp-json\/wp\/v2\/types\/post"}],"author":[{"embeddable":true,"href":"http:\/\/hoycordobaweb.com\/index.php\/wp-json\/wp\/v2\/users\/1"}],"replies":[{"embeddable":true,"href":"http:\/\/hoycordobaweb.com\/index.php\/wp-json\/wp\/v2\/comments?post=16309"}],"version-history":[{"count":0,"href":"http:\/\/hoycordobaweb.com\/index.php\/wp-json\/wp\/v2\/posts\/16309\/revisions"}],"wp:featuredmedia":[{"embeddable":true,"href":"http:\/\/hoycordobaweb.com\/index.php\/wp-json\/wp\/v2\/media\/16310"}],"wp:attachment":[{"href":"http:\/\/hoycordobaweb.com\/index.php\/wp-json\/wp\/v2\/media?parent=16309"}],"wp:term":[{"taxonomy":"category","embeddable":true,"href":"http:\/\/hoycordobaweb.com\/index.php\/wp-json\/wp\/v2\/categories?post=16309"},{"taxonomy":"post_tag","embeddable":true,"href":"http:\/\/hoycordobaweb.com\/index.php\/wp-json\/wp\/v2\/tags?post=16309"}],"curies":[{"name":"wp","href":"https:\/\/api.w.org\/{rel}","templated":true}]}}