{"id":16236,"date":"2021-03-28T22:07:30","date_gmt":"2021-03-28T22:07:30","guid":{"rendered":"http:\/\/hoycordobaweb.com\/index.php\/2021\/03\/28\/marcelo-diaz-tendria-decidido-regresar-a-universidad-de-chile\/"},"modified":"2021-03-28T22:07:30","modified_gmt":"2021-03-28T22:07:30","slug":"marcelo-diaz-tendria-decidido-regresar-a-universidad-de-chile","status":"publish","type":"post","link":"http:\/\/hoycordobaweb.com\/index.php\/2021\/03\/28\/marcelo-diaz-tendria-decidido-regresar-a-universidad-de-chile\/","title":{"rendered":"Marcelo D\u00edaz tendr\u00eda decidido regresar a Universidad de Chile"},"content":{"rendered":"<p>Los medios <b>argentinos<\/b> aseguran que el Chelo, una vez que finalice su contrato con Racing a mitad de este a\u00f1o, volver\u00eda al <b>f\u00fatbol<\/b> chileno para vestir&nbsp;&#8230; <\/p>\n","protected":false},"excerpt":{"rendered":"<p>Los medios argentinos aseguran que el Chelo, una vez que finalice su contrato con Racing a mitad de este a\u00f1o, volver\u00eda al f\u00fatbol chileno para vestir&nbsp;&#8230;<\/p>\n","protected":false},"author":1,"featured_media":0,"comment_status":"closed","ping_status":"closed","sticky":false,"template":"","format":"standard","meta":[],"categories":[22],"tags":[],"_links":{"self":[{"href":"http:\/\/hoycordobaweb.com\/index.php\/wp-json\/wp\/v2\/posts\/16236"}],"collection":[{"href":"http:\/\/hoycordobaweb.com\/index.php\/wp-json\/wp\/v2\/posts"}],"about":[{"href":"http:\/\/hoycordobaweb.com\/index.php\/wp-json\/wp\/v2\/types\/post"}],"author":[{"embeddable":true,"href":"http:\/\/hoycordobaweb.com\/index.php\/wp-json\/wp\/v2\/users\/1"}],"replies":[{"embeddable":true,"href":"http:\/\/hoycordobaweb.com\/index.php\/wp-json\/wp\/v2\/comments?post=16236"}],"version-history":[{"count":0,"href":"http:\/\/hoycordobaweb.com\/index.php\/wp-json\/wp\/v2\/posts\/16236\/revisions"}],"wp:attachment":[{"href":"http:\/\/hoycordobaweb.com\/index.php\/wp-json\/wp\/v2\/media?parent=16236"}],"wp:term":[{"taxonomy":"category","embeddable":true,"href":"http:\/\/hoycordobaweb.com\/index.php\/wp-json\/wp\/v2\/categories?post=16236"},{"taxonomy":"post_tag","embeddable":true,"href":"http:\/\/hoycordobaweb.com\/index.php\/wp-json\/wp\/v2\/tags?post=16236"}],"curies":[{"name":"wp","href":"https:\/\/api.w.org\/{rel}","templated":true}]}}