{"id":1616,"date":"2020-09-14T15:16:00","date_gmt":"2020-09-14T15:16:00","guid":{"rendered":"http:\/\/hoycordobaweb.com\/index.php\/2020\/09\/14\/marcos-acuna-es-nuevo-jugador-de-sevilla\/"},"modified":"2020-09-14T15:16:00","modified_gmt":"2020-09-14T15:16:00","slug":"marcos-acuna-es-nuevo-jugador-de-sevilla","status":"publish","type":"post","link":"http:\/\/hoycordobaweb.com\/index.php\/2020\/09\/14\/marcos-acuna-es-nuevo-jugador-de-sevilla\/","title":{"rendered":"Marcos Acu\u00f1a es nuevo jugador de Sevilla"},"content":{"rendered":"<p><img src=\"http:\/\/hoycordobaweb.com\/wp-content\/uploads\/2020\/09\/marcos-acuna-es-nuevo-jugador-de-sevilla.jpg\"><\/p>\n<div class=\"image\" id=\"image\" readability=\"8\"> <img src=\"http:\/\/hoycordobaweb.com\/wp-content\/uploads\/2020\/09\/marcos-acuna-es-nuevo-jugador-de-sevilla-2.jpg\" alt=\"Marcos Acu\u00f1a hizo su debut como profesional en Ferro Carril Oeste donde jug\u00f3 117 partidos y marc\u00f3 5 goles. \" title=\"Marcos Acu\u00f1a hizo su debut como profesional en Ferro Carril Oeste donde jug\u00f3 117 partidos y marc\u00f3 5 goles. \"><\/p>\n<p>Marcos Acu\u00f1a hizo su debut como profesional en Ferro Carril Oeste donde jug\u00f3 117 partidos y marc\u00f3 5 goles. <\/p>\n<\/div>\n<p>El mediocampista Marcos Acu\u00f1a fue oficializado hoy como nuevo jugador de Sevilla, de Espa\u00f1a, \u00faltimo ganador de la Liga de Europa, luego de jugar tres a\u00f1os en Sporting de Portugal.<\/p>\n<p>El neuquino nacido en Zapala firm\u00f3 un contrato por cuatro temporadas con Sevilla y seg\u00fan la prensa espa\u00f1ola el traspaso se concret\u00f3 en una suma cercana a los diez millones de euros.<\/p>\n<p>El \u00abHuevo\u00bb Acu\u00f1a, de 28 a\u00f1os, lleg\u00f3 ayer a Sevilla. Despu\u00e9s de pasar la revisi\u00f3n m\u00e9dica y firmar el contrato, el futbolista viajar\u00e1 hoy a la concentraci\u00f3n que el equipo dirigido por Julen Lopetegui est\u00e1 realizando en Algorfa, un municipio de la comunidad valenciana.<\/p>\n<p>Acu\u00f1a, ex Ferro y Racing Club, dej\u00f3 Portugal luego de tres a\u00f1os y la misma cantidad de t\u00edtulos: dos Copa de Liga y una Copa de Portugal.<\/p>\n<p>En el Sevilla, el volante seguramente ser\u00e1 utilizado en su funci\u00f3n de lateral izquierdo ante la partida de Sergio Reguil\u00f3n, una de las figuras de la \u00faltima temporada que fue coronada con la obtenci\u00f3n de la Liga de Europa.<\/p>\n<p>Acu\u00f1a ser\u00e1 compa\u00f1ero de Lucas Ocampos, a quien conoce del seleccionado argentino, y de Franco \u00abMudo\u00bb V\u00e1zquez.<\/p>\n<p>Sevilla jugar\u00e1 ma\u00f1ana un amistoso ante Levante como preparaci\u00f3n para el duelo del pr\u00f3ximo 24 de septiembre contra Bayern M\u00fanich, de Alemania, por la Supercopa de Europa en Budapest.<\/p>\n<p><\/p>\n","protected":false},"excerpt":{"rendered":"<p>Marcos Acu\u00f1a hizo su debut como profesional en Ferro Carril Oeste donde jug\u00f3 117 partidos y marc\u00f3 5 goles. El mediocampista Marcos Acu\u00f1a fue oficializado hoy como nuevo jugador de Sevilla, de Espa\u00f1a, \u00faltimo ganador de la Liga de Europa, luego de jugar tres a\u00f1os en Sporting de Portugal. El neuquino nacido en Zapala firm\u00f3 [&hellip;]<\/p>\n","protected":false},"author":1,"featured_media":1617,"comment_status":"open","ping_status":"closed","sticky":false,"template":"","format":"standard","meta":[],"categories":[19],"tags":[],"_links":{"self":[{"href":"http:\/\/hoycordobaweb.com\/index.php\/wp-json\/wp\/v2\/posts\/1616"}],"collection":[{"href":"http:\/\/hoycordobaweb.com\/index.php\/wp-json\/wp\/v2\/posts"}],"about":[{"href":"http:\/\/hoycordobaweb.com\/index.php\/wp-json\/wp\/v2\/types\/post"}],"author":[{"embeddable":true,"href":"http:\/\/hoycordobaweb.com\/index.php\/wp-json\/wp\/v2\/users\/1"}],"replies":[{"embeddable":true,"href":"http:\/\/hoycordobaweb.com\/index.php\/wp-json\/wp\/v2\/comments?post=1616"}],"version-history":[{"count":0,"href":"http:\/\/hoycordobaweb.com\/index.php\/wp-json\/wp\/v2\/posts\/1616\/revisions"}],"wp:featuredmedia":[{"embeddable":true,"href":"http:\/\/hoycordobaweb.com\/index.php\/wp-json\/wp\/v2\/media\/1617"}],"wp:attachment":[{"href":"http:\/\/hoycordobaweb.com\/index.php\/wp-json\/wp\/v2\/media?parent=1616"}],"wp:term":[{"taxonomy":"category","embeddable":true,"href":"http:\/\/hoycordobaweb.com\/index.php\/wp-json\/wp\/v2\/categories?post=1616"},{"taxonomy":"post_tag","embeddable":true,"href":"http:\/\/hoycordobaweb.com\/index.php\/wp-json\/wp\/v2\/tags?post=1616"}],"curies":[{"name":"wp","href":"https:\/\/api.w.org\/{rel}","templated":true}]}}