{"id":16159,"date":"2021-03-26T23:33:50","date_gmt":"2021-03-26T23:33:50","guid":{"rendered":"http:\/\/ladecimaweb.com\/?p=8896"},"modified":"2021-03-26T23:33:50","modified_gmt":"2021-03-26T23:33:50","slug":"nacion-recomendo-postergar-la-segunda-dosis-de-todas-las-vacunas-y-avivo-una-nueva-polemica","status":"publish","type":"post","link":"http:\/\/hoycordobaweb.com\/index.php\/2021\/03\/26\/nacion-recomendo-postergar-la-segunda-dosis-de-todas-las-vacunas-y-avivo-una-nueva-polemica\/","title":{"rendered":"Naci\u00f3n recomend\u00f3 postergar la segunda dosis de todas las vacunas y aviv\u00f3 una nueva pol\u00e9mica"},"content":{"rendered":"<p><em>(Con informaci\u00f3n de T\u00e9lam y medios porte\u00f1os)<\/em> La ministra de Salud, Carla Vizzotti, consensu\u00f3 junto a sus pares de las 24 jurisdicciones, diferir por tres meses la aplicaci\u00f3n de las segundas dosis de vacunas contra el coronavirus<strong>\u00a0\u201cpara proteger a la mayor cantidad de personas con alguna condici\u00f3n de riesgo, lo antes posible y reducir el impacto de las muertes por esta enfermedad\u201d<\/strong>, informaron fuentes oficiales.<\/p>\n<p>Adem\u00e1s, se resolvi\u00f3 que en aquellas personas con diagn\u00f3stico confirmado de Covid-19, la segunda inoculaci\u00f3n se postergue entre tres y seis meses, posterior al alta cl\u00ednica.<\/p>\n<p>La decisi\u00f3n se basa en la<strong>\u00a0recomendaci\u00f3n del grupo de trabajo de la Comisi\u00f3n Nacional de Inmunizaciones<\/strong>\u00a0y apunta a vacunar al mayor n\u00famero posible de personas con la primera dosis para maximizar los beneficios de la vacunaci\u00f3n y disminuir el impacto de las hospitalizaciones y mortalidad por esta causa.<\/p>\n<p>Las funcionaria dijo que la decisi\u00f3n se basa \u201cno s\u00f3lo en la evidencia cient\u00edfica, sino en favorecer la equidad en el acceso y, por supuesto, revisando permanentemente toda la informaci\u00f3n nueva y prosiguiendo con las gestiones para contar con m\u00e1s dosis lo antes posible y, as\u00ed, cumplir con el esquema completo lo m\u00e1s r\u00e1pido posible\u201d.<\/p>\n<p><strong>Estrategias<\/strong><\/p>\n<p>Luego de considerar la situaci\u00f3n epidemiol\u00f3gica, la escasez, la inequidad global en la distribuci\u00f3n de vacunas, la aparici\u00f3n de variantes y la evidencia cient\u00edfica, los expertos recomendaron tres estrategias:<\/p>\n<p>&#8211;\u00a0<strong>Diferir las segundas dosis de cualquiera de las vacunas actualmente disponibles<\/strong>\u00a0en nuestro pa\u00eds -Sputnik V, Covishield\/ChadOx-1 y Sinopharm- a un intervalo m\u00ednimo de 12 semanas desde la primera dosis.<\/p>\n<p>&#8211; Despu\u00e9s de los 3 meses de la primera dosis, se sugiere la\u00a0<strong>aplicaci\u00f3n de la segunda en forma escalonada priorizando la poblaci\u00f3n de mayor riesgo de enfermedad grave<\/strong>\u00a0(mayores de 60 y personas entre 18 y 59 a\u00f1os con factores de riesgo) para completar el esquema.<\/p>\n<p>&#8211; Adem\u00e1s, dada la situaci\u00f3n del personal de salud, incluyendo quienes est\u00e1n licenciados, se recomienda\u00a0<strong>completar esquemas con intervalo convencional, en aquellos que realicen actividad asistencial y con alta exposici\u00f3n<\/strong>\u00a0al riesgo o que manipulen muestras cl\u00ednicas.<\/p>\n<p><strong>Pol\u00e9mica<\/strong><\/p>\n<p>Sin embargo, la nueva decisi\u00f3n genera pol\u00e9mica porque la medida tiene <strong style=\"font-weight: inherit;\">respaldo cient\u00edfico<\/strong> por ahora <strong>s\u00f3lo con la vacuna de AstraZeneca\/Oxford<\/strong>. As\u00ed lo aseguran los expertos que asesoran o asesoraron al gobierno de Alberto Fern\u00e1ndez desde el comienzo de la pandemia en el pa\u00eds.<\/p>\n<p>Por caso, el infect\u00f3logo y asesor del Gobierno Eduardo L\u00f3pez <a href=\"https:\/\/www.clarin.com\/sociedad\/consejo-federal-salud-recomendo-postergar-segunda-dosis-vacunas-coronavirus_0_fEefOgmJB.html\">explic\u00f3 a Clar\u00edn<\/a> que &#8220;<strong style=\"font-weight: inherit;\">no existe documentaci\u00f3n que avale el diferimiento de tres meses<\/strong>\u00a0de las segundas dosis <strong>tanto en Sinopharm como en Sputnik V&#8221;.<\/strong><\/p>\n<p>En el caso de la vacuna rusa, detall\u00f3: &#8220;El director del Instituto Gamaleya hab\u00eda fijado como tiempo l\u00edmite para la aplicaci\u00f3n de la segunda dosis\u00a0<strong style=\"font-weight: inherit;\">un intervalo de ocho semanas<\/strong>&#8220;. Adem\u00e1s hay que tener en cuenta que la Sputnik tiene dos componentes diferentes y que el segundo no puede aplicarse en reemplazo del primero.<\/p>\n<p>Sobre Sinopharm, L\u00f3pez agreg\u00f3 que\u00a0<strong style=\"font-weight: inherit;\">no sabe cu\u00e1nta es la efectividad de la vacuna con una sola dosis<\/strong>, ya que no se han publicado los ensayos cl\u00ednicos.<\/p>\n<p>Roberto Debbag, vicepresidente de la Sociedad Latinoamericana de Infectolog\u00eda Pedi\u00e1trica, dijo por su parte: &#8220;<strong style=\"font-weight: inherit;\">No es una medida adecuada, pero es necesaria\u00a0<\/strong>en funci\u00f3n de la escasez de dosis para tratar de\u00a0<strong style=\"font-weight: inherit;\">reducir la mortalidad<\/strong>\u00a0de cara a la segunda ola de coronavirus. Hay que vacunar a 7,4 millones de adultos mayores antes del invierno&#8221;.<\/p>\n<p>El experto agreg\u00f3 que esta decisi\u00f3n se toma\u00a0<strong style=\"font-weight: inherit;\">&#8220;por analog\u00eda&#8221;<\/strong>\u00a0con otras vacunas. Y explic\u00f3 que seg\u00fan esa l\u00f3gica, aunque se difiera la aplicaci\u00f3n de la segunda dosis, <strong>&#8220;el cuerpo tiene memoria&#8221; y al momento de la aplicaci\u00f3n aunque sea m\u00e1s tarde se puede completar la cobertura.<\/strong><\/p>\n<p>Debbag, sin embargo, subray\u00f3 el concepto de\u00a0analog\u00eda, porque\u00a0<strong style=\"font-weight: inherit;\">no existen datos cient\u00edficos<\/strong>\u00a0que permitan afirmar a ciencia cierta que las todas vacunas\u00a0contra el coronavirus tienen el mismo comportamiento, o que \u00e9ste sea\u00a0similar al de\u00a0las utilizadas para otras enfermedades.<\/p>\n<div class=\"ubm_banner\"><a href=\"https:\/\/youtu.be\/4ekd0b3znLI\" target=\"_blank\" rel=\"dofollow noopener noreferrer\"><img src=\"http:\/\/hoycordobaweb.com\/wp-content\/uploads\/2021\/03\/nacion-recomendo-postergar-la-segunda-dosis-de-todas-las-vacunas-y-avivo-una-nueva-polemica.gif\" alt=\"\"><\/a><\/div>\n<p>La entrada <a rel=\"nofollow\" href=\"https:\/\/ladecimaweb.com\/nacion-recomendo-postergar-la-segunda-dosis-de-todas-las-vacunas-y-avivo-una-nueva-polemica\/\">Naci\u00f3n recomend\u00f3 postergar la segunda dosis de todas las vacunas y aviv\u00f3 una nueva pol\u00e9mica<\/a> se public\u00f3 primero en <a rel=\"nofollow\" href=\"https:\/\/ladecimaweb.com\">LaDecima<\/a>.<\/p>\n","protected":false},"excerpt":{"rendered":"<p>(Con informaci\u00f3n de T\u00e9lam y medios porte\u00f1os) La ministra de Salud, Carla Vizzotti, consensu\u00f3 junto a sus pares de las 24 jurisdicciones, diferir por tres meses la aplicaci\u00f3n de las segundas dosis de vacunas contra el coronavirus\u00a0\u201cpara proteger a la mayor cantidad de personas con alguna condici\u00f3n de riesgo, lo antes posible y reducir el [&hellip;]<\/p>\n","protected":false},"author":1,"featured_media":16160,"comment_status":"closed","ping_status":"closed","sticky":false,"template":"","format":"standard","meta":[],"categories":[19],"tags":[],"_links":{"self":[{"href":"http:\/\/hoycordobaweb.com\/index.php\/wp-json\/wp\/v2\/posts\/16159"}],"collection":[{"href":"http:\/\/hoycordobaweb.com\/index.php\/wp-json\/wp\/v2\/posts"}],"about":[{"href":"http:\/\/hoycordobaweb.com\/index.php\/wp-json\/wp\/v2\/types\/post"}],"author":[{"embeddable":true,"href":"http:\/\/hoycordobaweb.com\/index.php\/wp-json\/wp\/v2\/users\/1"}],"replies":[{"embeddable":true,"href":"http:\/\/hoycordobaweb.com\/index.php\/wp-json\/wp\/v2\/comments?post=16159"}],"version-history":[{"count":0,"href":"http:\/\/hoycordobaweb.com\/index.php\/wp-json\/wp\/v2\/posts\/16159\/revisions"}],"wp:featuredmedia":[{"embeddable":true,"href":"http:\/\/hoycordobaweb.com\/index.php\/wp-json\/wp\/v2\/media\/16160"}],"wp:attachment":[{"href":"http:\/\/hoycordobaweb.com\/index.php\/wp-json\/wp\/v2\/media?parent=16159"}],"wp:term":[{"taxonomy":"category","embeddable":true,"href":"http:\/\/hoycordobaweb.com\/index.php\/wp-json\/wp\/v2\/categories?post=16159"},{"taxonomy":"post_tag","embeddable":true,"href":"http:\/\/hoycordobaweb.com\/index.php\/wp-json\/wp\/v2\/tags?post=16159"}],"curies":[{"name":"wp","href":"https:\/\/api.w.org\/{rel}","templated":true}]}}