{"id":16127,"date":"2021-03-27T00:29:00","date_gmt":"2021-03-27T00:29:00","guid":{"rendered":"http:\/\/hoycordobaweb.com\/index.php\/2021\/03\/27\/concejales-del-fdt-repudiaron-al-funcionario-que-pidio-echar-a-carlotto-de-la-plata\/"},"modified":"2021-03-27T00:29:00","modified_gmt":"2021-03-27T00:29:00","slug":"concejales-del-fdt-repudiaron-al-funcionario-que-pidio-echar-a-carlotto-de-la-plata","status":"publish","type":"post","link":"http:\/\/hoycordobaweb.com\/index.php\/2021\/03\/27\/concejales-del-fdt-repudiaron-al-funcionario-que-pidio-echar-a-carlotto-de-la-plata\/","title":{"rendered":"Concejales del FdT repudiaron al funcionario que pidi\u00f3 \u00abechar\u00bb a Carlotto de La Plata"},"content":{"rendered":"<p><img src=\"http:\/\/hoycordobaweb.com\/wp-content\/uploads\/2021\/03\/concejales-del-fdt-repudiaron-al-funcionario-que-pidio-echar-a-carlotto-de-la-plata.jpg\"><\/p>\n<div class=\"image\" id=\"image\" readability=\"8\"> <img src=\"http:\/\/hoycordobaweb.com\/wp-content\/uploads\/2021\/03\/concejales-del-fdt-repudiaron-al-funcionario-que-pidio-echar-a-carlotto-de-la-plata-2.jpg\" alt=\"Concejales del FdT de La Plata repudiaron &quot;las agresiones&quot; contra la titular de Abuelas de Plaza de Mayo.\" title=\"Concejales del FdT de La Plata repudiaron &quot;las agresiones&quot; contra la titular de Abuelas de Plaza de Mayo.\"><\/p>\n<p>Concejales del FdT de La Plata repudiaron \u00ablas agresiones\u00bb contra la titular de Abuelas de Plaza de Mayo.<\/p>\n<\/div>\n<p>El bloque de Concejales del Frente de Todos de La Plata repudi\u00f3 \u00ablas agresiones\u00bb que un funcionario municipal profiri\u00f3 contra la titular de Abuelas de Plaza de Mayo, Estela de Carlotto, y que propuso adem\u00e1s \u00abechar\u00bb de la capital bonaerense a la emblem\u00e1tica integrante del movimiento de derechos humanos que denunci\u00f3 a la \u00faltima dictadura c\u00edvico militar.<\/p>\n<p>Sin nombrarlo, <strong>los ediles platenses del Frente de Todos se refirieron al subsecretario de Proyectos Especiales de la Municipalidad de La Plata, Mauro Palummo, quien en su p\u00e1gina de la red social Facebook afirm\u00f3 \u00aba esta inmundicia no la puedo ni ver\u00bb, al referirse a una foto de Carlotto que hab\u00eda posteado.<\/strong><\/p>\n<p>\u201cIba con la sonrisita y cara de yo no fui a pedir reuni\u00f3n con Mauricio Macri cuando era presidente. Y ahora dice que tiene que ir preso.<\/p>\n<p>\u00bfPor qu\u00e9? me pregunto. C\u00f3mplice de delincuentes, criminales y pone bombas. Cara dura, sin verg\u00fcenza. No la puedo ni ver. Y si mejor la echamos de la Ciudad de La Plata a esta desvergonzada, c\u00f3mplice de los delincuentes de este pa\u00eds?? Ser\u00eda m\u00e1s l\u00f3gico\u201d, escribi\u00f3 Palummo en Facebook junto al hashtag \u201c#NiunKm\u00e1s\u201d.<\/p>\n<p><strong>\u00abCon sus dichos no se trata s\u00f3lo del insulto a una figura trascendental en la visibilizaci\u00f3n de los derechos humanos reconocida en el mundo entero, sino tambi\u00e9n a toda la lucha por la Memoria, la Verdad y la Justicia. <\/strong>Resulta preocupante que un dirigente encargado de la gesti\u00f3n de la Ciudad de La Plata, que tanto ha sufrido en la noche m\u00e1s macabra de nuestro pa\u00eds- acuse a las y los desaparecidos y v\u00edctimas del genocidio de \u201cdelincuentes, criminales y pone bombas\u201d<strong>,<\/strong> sostuvieron los concejales del Frente de Todos.<\/p>\n<div class=\"js-code\" readability=\"7.3156424581006\">\n<blockquote class=\"twitter-tweet\" readability=\"8.9413407821229\">\n<p lang=\"es\" dir=\"ltr\">Es inadmisible y repudiable que un funcionario p\u00fablico pida \u00abechar de la ciudad\u00bb a nuestra querida Estela de Carlotto, un emblema de lucha y amor que nos representa en el mundo con las <a href=\"https:\/\/twitter.com\/abuelasdifusion?ref_src=twsrc%5Etfw\">@abuelasdifusion<\/a>.<br \/>Sr <a href=\"https:\/\/twitter.com\/JulioGarro?ref_src=twsrc%5Etfw\">@JulioGarro<\/a>, como platense e intendente, es su deber pedirle la renuncia. <a href=\"https:\/\/t.co\/ZJoy9Nay86\">pic.twitter.com\/ZJoy9Nay86<\/a><\/p>\n<p>\u2014 Victoria Tolosa Paz (@vtolosapaz) <a href=\"https:\/\/twitter.com\/vtolosapaz\/status\/1375510553897041922?ref_src=twsrc%5Etfw\">March 26, 2021<\/a><\/p><\/blockquote><\/div>\n<p>En ese sentido, los representantes opositores platenses consideraron que los dichos de Palummo son<strong> \u00abotra expresi\u00f3n de negacionismo y simpat\u00eda por la dictadura, en la que se justifican los cr\u00edmenes cometidos por el estado contra las y los militantes, a quienes se tilda de terroristas intentando justificar as\u00ed el \u00faltimo genocidio\u00bb.<\/strong><\/p>\n<p>\u00ab<strong>Exigimos al Intendente Garro que desplace de inmediato a este funcionario<\/strong> que trabaja bajo su ala y la de su partido, quien no hace m\u00e1s que descargar su desprecio por la democracia y su odio sobre Estela de Carlotto, que es adem\u00e1s ciudadana ilustre y personalidad destacada de nuestra ciudad, orgullo de las y los platenses\u00bb, puntualiza el comunicado. <\/p>\n","protected":false},"excerpt":{"rendered":"<p>Concejales del FdT de La Plata repudiaron \u00ablas agresiones\u00bb contra la titular de Abuelas de Plaza de Mayo. El bloque de Concejales del Frente de Todos de La Plata repudi\u00f3 \u00ablas agresiones\u00bb que un funcionario municipal profiri\u00f3 contra la titular de Abuelas de Plaza de Mayo, Estela de Carlotto, y que propuso adem\u00e1s \u00abechar\u00bb de [&hellip;]<\/p>\n","protected":false},"author":1,"featured_media":16128,"comment_status":"open","ping_status":"closed","sticky":false,"template":"","format":"standard","meta":[],"categories":[19],"tags":[],"_links":{"self":[{"href":"http:\/\/hoycordobaweb.com\/index.php\/wp-json\/wp\/v2\/posts\/16127"}],"collection":[{"href":"http:\/\/hoycordobaweb.com\/index.php\/wp-json\/wp\/v2\/posts"}],"about":[{"href":"http:\/\/hoycordobaweb.com\/index.php\/wp-json\/wp\/v2\/types\/post"}],"author":[{"embeddable":true,"href":"http:\/\/hoycordobaweb.com\/index.php\/wp-json\/wp\/v2\/users\/1"}],"replies":[{"embeddable":true,"href":"http:\/\/hoycordobaweb.com\/index.php\/wp-json\/wp\/v2\/comments?post=16127"}],"version-history":[{"count":0,"href":"http:\/\/hoycordobaweb.com\/index.php\/wp-json\/wp\/v2\/posts\/16127\/revisions"}],"wp:featuredmedia":[{"embeddable":true,"href":"http:\/\/hoycordobaweb.com\/index.php\/wp-json\/wp\/v2\/media\/16128"}],"wp:attachment":[{"href":"http:\/\/hoycordobaweb.com\/index.php\/wp-json\/wp\/v2\/media?parent=16127"}],"wp:term":[{"taxonomy":"category","embeddable":true,"href":"http:\/\/hoycordobaweb.com\/index.php\/wp-json\/wp\/v2\/categories?post=16127"},{"taxonomy":"post_tag","embeddable":true,"href":"http:\/\/hoycordobaweb.com\/index.php\/wp-json\/wp\/v2\/tags?post=16127"}],"curies":[{"name":"wp","href":"https:\/\/api.w.org\/{rel}","templated":true}]}}