{"id":16074,"date":"2021-03-26T23:07:09","date_gmt":"2021-03-26T23:07:09","guid":{"rendered":"http:\/\/ladecimaweb.com\/?p=8892"},"modified":"2021-03-26T23:07:09","modified_gmt":"2021-03-26T23:07:09","slug":"el-31-de-marzo-comienza-el-pago-a-la-administracion-publica-provincial","status":"publish","type":"post","link":"http:\/\/hoycordobaweb.com\/index.php\/2021\/03\/26\/el-31-de-marzo-comienza-el-pago-a-la-administracion-publica-provincial\/","title":{"rendered":"El 31 de marzo comienza el pago a la administraci\u00f3n p\u00fablica provincial"},"content":{"rendered":"<ul>\n<li><strong>El cronograma de pago a los agentes activos se inicia el mi\u00e9rcoles y se extender\u00e1 hasta el 8 de abril.<\/strong><\/li>\n<li><strong>Jubilados y pensionados cobrar\u00e1n entre el 5 y el 8 de abril.<\/strong><\/li>\n<\/ul>\n<p>El\u00a0<strong>Gobierno de C\u00f3rdoba\u00a0<\/strong>informa el\u00a0<strong>cronograma de pagos\u00a0<\/strong>de los haberes de marzo a agentes activos, jubilados y pensionados de la Administraci\u00f3n P\u00fablica Provincial.<\/p>\n<p>El pago a los activos comenzar\u00e1 el\u00a0<strong>31 de marzo y se extender\u00e1 hasta el jueves 8\u00a0<\/strong>de abril. Mientras que jubilados y pensionados cobrar\u00e1n entre el lunes 5 y jueves 8.<\/p>\n<p><strong>Mi\u00e9rcoles 31 de marzo<\/strong><\/p>\n<ul>\n<li>Polic\u00eda Provincia de C\u00f3rdoba<\/li>\n<li>Fuerza Policial Antinarcotr\u00e1fico<\/li>\n<li>Servicio Penitenciario<\/li>\n<\/ul>\n<p><strong>Lunes 5 de abril<\/strong><\/p>\n<ul>\n<li>Ministerio de Salud<\/li>\n<li>APROSS<\/li>\n<\/ul>\n<p><strong>Martes 6 de abril<\/strong><\/p>\n<ul>\n<li>Min. de Educaci\u00f3n: \u00c1rea Central, Nivel Inicial y Nivel Primario<\/li>\n<li>Min. de Educaci\u00f3n: Nivel Secundario y Resto de Niveles<\/li>\n<li>Personal Docente Univ. Provincial de C\u00f3rdoba<\/li>\n<\/ul>\n<p><strong>Mi\u00e9rcoles 7 de abril<\/strong><\/p>\n<ul>\n<li>Min. de Educaci\u00f3n: DIPE (*)<\/li>\n<li>Escalaf\u00f3n General Tramo Ejecuci\u00f3n<\/li>\n<li>Contratados Servicio\/Nivel<\/li>\n<li>Contratados Tribunal de Cuentas<\/li>\n<li>Escalaf\u00f3n Salud (no pertenecientes al Min. de Salud)<\/li>\n<li>Escalaf\u00f3n Docente (no pertenecientes al Min. Educaci\u00f3n)<\/li>\n<li>Personal Poder Judicial<\/li>\n<li>Personal Poder Legislativo<\/li>\n<li>Personal Defensor\u00eda del Pueblo<\/li>\n<li>Personal Defensor\u00eda de los Derechos de los Ni\u00f1as, Ni\u00f1os y Adolescentes<\/li>\n<li>Escalaf\u00f3n General Tramo Superior<\/li>\n<li>Escalaf\u00f3n Vialidad<\/li>\n<li>Escalaf\u00f3n M\u00fasicos<\/li>\n<li>Escalaf\u00f3n Cuerpo Art\u00edstico<\/li>\n<li>Escalaf\u00f3n Gr\u00e1ficos<\/li>\n<li>Escalaf\u00f3n Cient\u00edfico y Tecnol\u00f3gico<\/li>\n<li>Escalaf\u00f3n Bancarios<\/li>\n<li>Escalaf\u00f3n Aeron\u00e1uticos<\/li>\n<li>Polic\u00eda Fiscal<\/li>\n<li>Otros Organismos P\u00fablicos: Caja de Jubilaciones<\/li>\n<\/ul>\n<p><strong>Jueves 8 de abril<\/strong><\/p>\n<ul>\n<li>Autoridades Superiores y Personal de Gabinete del Poder Ejecutivo<\/li>\n<li>Autoridades Poder Legislativo<\/li>\n<li>Autoridades Defensor\u00eda del Pueblo<\/li>\n<li>Autoridades Defensor\u00eda de los Derechos de los Ni\u00f1as, Ni\u00f1os y Adolescentes<\/li>\n<li>Autoridades Tribunal de Cuentas<\/li>\n<li>Magistrados y Funcionarios Judiciales<\/li>\n<li>Autoridades Universidad Provincial<\/li>\n<\/ul>\n<h4><strong>Pago a jubilados y pensionados<\/strong><\/h4>\n<p><strong>Lunes 5 de abril<\/strong><\/p>\n<ul>\n<li>Haberes hasta $30.000.<\/li>\n<\/ul>\n<p><strong>Martes 6 de abril<\/strong><\/p>\n<ul>\n<li>Haberes entre $30.000 y $60.000.<\/li>\n<\/ul>\n<p><strong>Jueves 8 de abril<\/strong><\/p>\n<ul>\n<li>Haberes mayores a $60.000.<\/li>\n<li><\/li>\n<\/ul>\n<div class=\"ubm_banner\"><a href=\"https:\/\/youtu.be\/4ekd0b3znLI\" target=\"_blank\" rel=\"dofollow noopener noreferrer\"><img src=\"http:\/\/hoycordobaweb.com\/wp-content\/uploads\/2021\/03\/el-31-de-marzo-comienza-el-pago-a-la-administracion-publica-provincial.gif\" alt=\"\"><\/a><\/div>\n<p>La entrada <a rel=\"nofollow\" href=\"https:\/\/ladecimaweb.com\/el-31-de-marzo-comienza-el-pago-a-la-administracion-publica-provincial\/\">El 31 de marzo comienza el pago a la administraci\u00f3n p\u00fablica provincial<\/a> se public\u00f3 primero en <a rel=\"nofollow\" href=\"https:\/\/ladecimaweb.com\">LaDecima<\/a>.<\/p>\n","protected":false},"excerpt":{"rendered":"<p>El cronograma de pago a los agentes activos se inicia el mi\u00e9rcoles y se extender\u00e1 hasta el 8 de abril. Jubilados y pensionados cobrar\u00e1n entre el 5 y el 8 de abril. El\u00a0Gobierno de C\u00f3rdoba\u00a0informa el\u00a0cronograma de pagos\u00a0de los haberes de marzo a agentes activos, jubilados y pensionados de la Administraci\u00f3n P\u00fablica Provincial. El pago [&hellip;]<\/p>\n","protected":false},"author":1,"featured_media":16075,"comment_status":"closed","ping_status":"closed","sticky":false,"template":"","format":"standard","meta":[],"categories":[19],"tags":[],"_links":{"self":[{"href":"http:\/\/hoycordobaweb.com\/index.php\/wp-json\/wp\/v2\/posts\/16074"}],"collection":[{"href":"http:\/\/hoycordobaweb.com\/index.php\/wp-json\/wp\/v2\/posts"}],"about":[{"href":"http:\/\/hoycordobaweb.com\/index.php\/wp-json\/wp\/v2\/types\/post"}],"author":[{"embeddable":true,"href":"http:\/\/hoycordobaweb.com\/index.php\/wp-json\/wp\/v2\/users\/1"}],"replies":[{"embeddable":true,"href":"http:\/\/hoycordobaweb.com\/index.php\/wp-json\/wp\/v2\/comments?post=16074"}],"version-history":[{"count":0,"href":"http:\/\/hoycordobaweb.com\/index.php\/wp-json\/wp\/v2\/posts\/16074\/revisions"}],"wp:featuredmedia":[{"embeddable":true,"href":"http:\/\/hoycordobaweb.com\/index.php\/wp-json\/wp\/v2\/media\/16075"}],"wp:attachment":[{"href":"http:\/\/hoycordobaweb.com\/index.php\/wp-json\/wp\/v2\/media?parent=16074"}],"wp:term":[{"taxonomy":"category","embeddable":true,"href":"http:\/\/hoycordobaweb.com\/index.php\/wp-json\/wp\/v2\/categories?post=16074"},{"taxonomy":"post_tag","embeddable":true,"href":"http:\/\/hoycordobaweb.com\/index.php\/wp-json\/wp\/v2\/tags?post=16074"}],"curies":[{"name":"wp","href":"https:\/\/api.w.org\/{rel}","templated":true}]}}