{"id":16072,"date":"2021-03-26T21:14:00","date_gmt":"2021-03-26T21:14:00","guid":{"rendered":"http:\/\/hoycordobaweb.com\/index.php\/2021\/03\/26\/biden-nomino-al-responsable-de-la-diplomacia-para-latinoamerica-y-el-caribe\/"},"modified":"2021-03-26T21:14:00","modified_gmt":"2021-03-26T21:14:00","slug":"biden-nomino-al-responsable-de-la-diplomacia-para-latinoamerica-y-el-caribe","status":"publish","type":"post","link":"http:\/\/hoycordobaweb.com\/index.php\/2021\/03\/26\/biden-nomino-al-responsable-de-la-diplomacia-para-latinoamerica-y-el-caribe\/","title":{"rendered":"Biden nomin\u00f3 al responsable de la diplomacia para Latinoam\u00e9rica y el Caribe"},"content":{"rendered":"<p><img src=\"http:\/\/hoycordobaweb.com\/wp-content\/uploads\/2021\/03\/biden-nomino-al-responsable-de-la-diplomacia-para-latinoamerica-y-el-caribe.jpg\"><\/p>\n<div><img src=\"http:\/\/hoycordobaweb.com\/wp-content\/uploads\/2021\/03\/biden-nomino-al-responsable-de-la-diplomacia-para-latinoamerica-y-el-caribe-2.jpg\" class=\"ff-og-image-inserted\"><\/div>\n<p> El presidente Joe Biden nomin\u00f3 a Brian Nichols como jefe de la diplomacia de Estados Unidos para Latinoam\u00e9rica y el Caribe, inform\u00f3 la Casa Blanca.<\/p>\n<p>Si es confirmado por el Senado, Nichols, un diplom\u00e1tico afroamericano de carrera de 56 a\u00f1os, se convertir\u00e1 en subsecretario de Estado para Asuntos del Hemisferio Occidental, un puesto que conlleva los retos de la migraci\u00f3n irregular, la crisis venezolana y la lucha antidrogas.<\/p>\n<p><strong>Actualmente embajador en Zimbabue, Nichols tiene una vasta experiencia en Am\u00e9rica Latina, donde inici\u00f3 su carrera en el Servicio Exterior como funcionario consular en Per\u00fa en 1989<\/strong>, consign\u00f3 la agencia AFP.<\/p>\n<p>Nichols, que <strong>habla fluidamente espa\u00f1ol, fue luego embajador en Per\u00fa de 2014 a 2017, subjefe de misi\u00f3n en la embajada en Colombia entre 2007 y 2010, consejero pol\u00edtico adjunto en M\u00e9xico (1998-2001), y funcionario pol\u00edtico en El Salvador (1991-1993)<\/strong>.<\/p>\n<p>Adem\u00e1s, fue subsecretario adjunto principal de la oficina de asuntos internacionales sobre narc\u00f3ticos y aplicaci\u00f3n de la ley (INL), donde entre 2011 y 2013 supervis\u00f3 la amplia gama de programas del Departamento de Estado vinculados a las drogas.<\/p>\n<p>Tambi\u00e9n encabez\u00f3 las oficinas de Asuntos del Caribe (2004-2007) y de Asuntos Centroamericanos (1994-1996) del Departamento de Estado.<\/p>\n<p>En el plano interno, <strong>Nichols se pronunci\u00f3 firmemente contra la brutalidad policial en Estados Unidos tras la muerte de George Floyd en mayo de 2020<\/strong>.<\/p>\n<p>Cuando la agencia AP inform\u00f3 el mes pasado la intenci\u00f3n de Biden de nominar a Nichols, Christopher Sabatini, experto en Latinoam\u00e9rica para el centro de estudios Chatham House en Londres, consider\u00f3 la iniciativa como un mensaje de apoyo a las minor\u00edas de una regi\u00f3n \u00abmarcada por la marginaci\u00f3n y el racismo\u00bb.<\/p>\n<p>Adem\u00e1s, enfatiz\u00f3 los logros de Nichols en la negociaci\u00f3n de un tratado de libre comercio con Per\u00fa con especiales protecciones ambientales y laborales.<\/p>\n<p>\u00abEs una excelente elecci\u00f3n\u00bb, opin\u00f3 de su lado Mark Feierstein, asesor del expresidente Barack Obama en el Consejo de Seguridad Nacional, al describir a Nichols como \u00abun diplom\u00e1tico afable e inteligente que conoce bien la regi\u00f3n\u00bb.<\/p>\n<p>El experto en seguridad y defensa del centro de an\u00e1lisis Washington Office on Latin America (WOLA), Adam Isacson, tambi\u00e9n elogi\u00f3 la candidatura, se\u00f1alando el inter\u00e9s de Nichols por la defensa de los derechos humanos y una salida negociada del conflicto interno colombiano durante sus a\u00f1os en Bogot\u00e1.<\/p>\n<p>El diplom\u00e1tico negro que encabez\u00f3 la diplomacia estadounidense para Am\u00e9rica Latina y el Caribe entre 1977 y 1978, durante el gobierno de Jimmy Carter, fue Terence Todman, quien en los a\u00f1os &#8217;90 fue embajador en Argentina.<\/p>\n","protected":false},"excerpt":{"rendered":"<p>El presidente Joe Biden nomin\u00f3 a Brian Nichols como jefe de la diplomacia de Estados Unidos para Latinoam\u00e9rica y el Caribe, inform\u00f3 la Casa Blanca. Si es confirmado por el Senado, Nichols, un diplom\u00e1tico afroamericano de carrera de 56 a\u00f1os, se convertir\u00e1 en subsecretario de Estado para Asuntos del Hemisferio Occidental, un puesto que conlleva [&hellip;]<\/p>\n","protected":false},"author":1,"featured_media":16073,"comment_status":"open","ping_status":"closed","sticky":false,"template":"","format":"standard","meta":[],"categories":[24],"tags":[],"_links":{"self":[{"href":"http:\/\/hoycordobaweb.com\/index.php\/wp-json\/wp\/v2\/posts\/16072"}],"collection":[{"href":"http:\/\/hoycordobaweb.com\/index.php\/wp-json\/wp\/v2\/posts"}],"about":[{"href":"http:\/\/hoycordobaweb.com\/index.php\/wp-json\/wp\/v2\/types\/post"}],"author":[{"embeddable":true,"href":"http:\/\/hoycordobaweb.com\/index.php\/wp-json\/wp\/v2\/users\/1"}],"replies":[{"embeddable":true,"href":"http:\/\/hoycordobaweb.com\/index.php\/wp-json\/wp\/v2\/comments?post=16072"}],"version-history":[{"count":0,"href":"http:\/\/hoycordobaweb.com\/index.php\/wp-json\/wp\/v2\/posts\/16072\/revisions"}],"wp:featuredmedia":[{"embeddable":true,"href":"http:\/\/hoycordobaweb.com\/index.php\/wp-json\/wp\/v2\/media\/16073"}],"wp:attachment":[{"href":"http:\/\/hoycordobaweb.com\/index.php\/wp-json\/wp\/v2\/media?parent=16072"}],"wp:term":[{"taxonomy":"category","embeddable":true,"href":"http:\/\/hoycordobaweb.com\/index.php\/wp-json\/wp\/v2\/categories?post=16072"},{"taxonomy":"post_tag","embeddable":true,"href":"http:\/\/hoycordobaweb.com\/index.php\/wp-json\/wp\/v2\/tags?post=16072"}],"curies":[{"name":"wp","href":"https:\/\/api.w.org\/{rel}","templated":true}]}}