{"id":16071,"date":"2021-03-26T21:00:00","date_gmt":"2021-03-26T21:00:00","guid":{"rendered":"http:\/\/hoycordobaweb.com\/index.php\/2021\/03\/26\/por-alicia-machado-luis-miguel-dejaria-a-daisy-fuentes\/"},"modified":"2021-03-26T21:00:00","modified_gmt":"2021-03-26T21:00:00","slug":"por-alicia-machado-luis-miguel-dejaria-a-daisy-fuentes","status":"publish","type":"post","link":"http:\/\/hoycordobaweb.com\/index.php\/2021\/03\/26\/por-alicia-machado-luis-miguel-dejaria-a-daisy-fuentes\/","title":{"rendered":"\u00bfPor Alicia Machado Luis Miguel dejar\u00eda a Daisy Fuentes?"},"content":{"rendered":"<p>&#8230; historia de <b>Netflix<\/b> se queda corta en cuanto a esta etapa, &quot;La Machado&quot; tendr\u00e1 su propio espacio y versi\u00f3n en esta obra. S\u00edguenos en Google <b>News<\/b>&nbsp;&#8230; <\/p>\n","protected":false},"excerpt":{"rendered":"<p>&#8230; historia de Netflix se queda corta en cuanto a esta etapa, &quot;La Machado&quot; tendr\u00e1 su propio espacio y versi\u00f3n en esta obra. S\u00edguenos en Google News&nbsp;&#8230;<\/p>\n","protected":false},"author":1,"featured_media":0,"comment_status":"closed","ping_status":"closed","sticky":false,"template":"","format":"standard","meta":[],"categories":[23],"tags":[],"_links":{"self":[{"href":"http:\/\/hoycordobaweb.com\/index.php\/wp-json\/wp\/v2\/posts\/16071"}],"collection":[{"href":"http:\/\/hoycordobaweb.com\/index.php\/wp-json\/wp\/v2\/posts"}],"about":[{"href":"http:\/\/hoycordobaweb.com\/index.php\/wp-json\/wp\/v2\/types\/post"}],"author":[{"embeddable":true,"href":"http:\/\/hoycordobaweb.com\/index.php\/wp-json\/wp\/v2\/users\/1"}],"replies":[{"embeddable":true,"href":"http:\/\/hoycordobaweb.com\/index.php\/wp-json\/wp\/v2\/comments?post=16071"}],"version-history":[{"count":0,"href":"http:\/\/hoycordobaweb.com\/index.php\/wp-json\/wp\/v2\/posts\/16071\/revisions"}],"wp:attachment":[{"href":"http:\/\/hoycordobaweb.com\/index.php\/wp-json\/wp\/v2\/media?parent=16071"}],"wp:term":[{"taxonomy":"category","embeddable":true,"href":"http:\/\/hoycordobaweb.com\/index.php\/wp-json\/wp\/v2\/categories?post=16071"},{"taxonomy":"post_tag","embeddable":true,"href":"http:\/\/hoycordobaweb.com\/index.php\/wp-json\/wp\/v2\/tags?post=16071"}],"curies":[{"name":"wp","href":"https:\/\/api.w.org\/{rel}","templated":true}]}}