{"id":15987,"date":"2021-03-24T19:26:43","date_gmt":"2021-03-24T19:26:43","guid":{"rendered":"http:\/\/fono.fcm.unc.edu.ar\/?p=5769"},"modified":"2021-03-24T19:26:43","modified_gmt":"2021-03-24T19:26:43","slug":"24-de-marzo-dia-nacional-de-la-memoria-por-la-verdad-y-la-justicia","status":"publish","type":"post","link":"http:\/\/hoycordobaweb.com\/index.php\/2021\/03\/24\/24-de-marzo-dia-nacional-de-la-memoria-por-la-verdad-y-la-justicia\/","title":{"rendered":"24 de marzo: D\u00eda Nacional de la Memoria por la Verdad y la Justicia"},"content":{"rendered":"<h2 class=\"fusion-post-title\">24 de marzo: D\u00eda Nacional de la Memoria por la Verdad y la Justicia<\/h2>\n<div class=\"post-content\" readability=\"37\">\n<p><img loading=\"lazy\" class=\"size-medium wp-image-5770 alignright\" src=\"https:\/\/fono.fcm.unc.edu.ar\/wp-content\/uploads\/sites\/14\/2021\/03\/20210324_212258-300x248.jpg\" alt width=\"300\" height=\"248\" srcset=\"https:\/\/fono.fcm.unc.edu.ar\/wp-content\/uploads\/sites\/14\/2021\/03\/20210324_212258-200x165.jpg 200w, https:\/\/fono.fcm.unc.edu.ar\/wp-content\/uploads\/sites\/14\/2021\/03\/20210324_212258-300x248.jpg 300w, https:\/\/fono.fcm.unc.edu.ar\/wp-content\/uploads\/sites\/14\/2021\/03\/20210324_212258-400x330.jpg 400w, https:\/\/fono.fcm.unc.edu.ar\/wp-content\/uploads\/sites\/14\/2021\/03\/20210324_212258-600x495.jpg 600w, https:\/\/fono.fcm.unc.edu.ar\/wp-content\/uploads\/sites\/14\/2021\/03\/20210324_212258-768x634.jpg 768w, https:\/\/fono.fcm.unc.edu.ar\/wp-content\/uploads\/sites\/14\/2021\/03\/20210324_212258-800x660.jpg 800w, https:\/\/fono.fcm.unc.edu.ar\/wp-content\/uploads\/sites\/14\/2021\/03\/20210324_212258-1024x845.jpg 1024w, https:\/\/fono.fcm.unc.edu.ar\/wp-content\/uploads\/sites\/14\/2021\/03\/20210324_212258.jpg 1080w\" sizes=\"(max-width: 300px) 100vw, 300px\">El D\u00eda Nacional de la Memoria por la Verdad y la Justicia es el d\u00eda en el que se&nbsp;conmemora&nbsp;en Argentina a las&nbsp;v\u00edctimas de la \u00faltima dictadura militar, autodenominada \u00abProceso de Reorganizaci\u00f3n Nacional\u00bb, que usurp\u00f3 el gobierno del Estado nacional argentino entre el 24 de marzo de 1976 y el 10 de diciembre de 1983.<br \/>Nunca M\u00e1s!<\/p>\n<\/p><\/div>\n","protected":false},"excerpt":{"rendered":"<p>24 de marzo: D\u00eda Nacional de la Memoria por la Verdad y la Justicia El D\u00eda Nacional de la Memoria por la Verdad y la Justicia es el d\u00eda en el que se&nbsp;conmemora&nbsp;en Argentina a las&nbsp;v\u00edctimas de la \u00faltima dictadura militar, autodenominada \u00abProceso de Reorganizaci\u00f3n Nacional\u00bb, que usurp\u00f3 el gobierno del Estado nacional argentino entre [&hellip;]<\/p>\n","protected":false},"author":1,"featured_media":0,"comment_status":"closed","ping_status":"closed","sticky":false,"template":"","format":"standard","meta":[],"categories":[1],"tags":[],"_links":{"self":[{"href":"http:\/\/hoycordobaweb.com\/index.php\/wp-json\/wp\/v2\/posts\/15987"}],"collection":[{"href":"http:\/\/hoycordobaweb.com\/index.php\/wp-json\/wp\/v2\/posts"}],"about":[{"href":"http:\/\/hoycordobaweb.com\/index.php\/wp-json\/wp\/v2\/types\/post"}],"author":[{"embeddable":true,"href":"http:\/\/hoycordobaweb.com\/index.php\/wp-json\/wp\/v2\/users\/1"}],"replies":[{"embeddable":true,"href":"http:\/\/hoycordobaweb.com\/index.php\/wp-json\/wp\/v2\/comments?post=15987"}],"version-history":[{"count":0,"href":"http:\/\/hoycordobaweb.com\/index.php\/wp-json\/wp\/v2\/posts\/15987\/revisions"}],"wp:attachment":[{"href":"http:\/\/hoycordobaweb.com\/index.php\/wp-json\/wp\/v2\/media?parent=15987"}],"wp:term":[{"taxonomy":"category","embeddable":true,"href":"http:\/\/hoycordobaweb.com\/index.php\/wp-json\/wp\/v2\/categories?post=15987"},{"taxonomy":"post_tag","embeddable":true,"href":"http:\/\/hoycordobaweb.com\/index.php\/wp-json\/wp\/v2\/tags?post=15987"}],"curies":[{"name":"wp","href":"https:\/\/api.w.org\/{rel}","templated":true}]}}