{"id":15918,"date":"2021-03-24T15:15:58","date_gmt":"2021-03-24T15:15:58","guid":{"rendered":"http:\/\/ladecimaweb.com\/?p=8858"},"modified":"2021-03-24T15:15:58","modified_gmt":"2021-03-24T15:15:58","slug":"a-45-anos-del-golpe-homenajearon-a-las-madres-linea-fundadora-en-plaza-de-mayo","status":"publish","type":"post","link":"http:\/\/hoycordobaweb.com\/index.php\/2021\/03\/24\/a-45-anos-del-golpe-homenajearon-a-las-madres-linea-fundadora-en-plaza-de-mayo\/","title":{"rendered":"A 45 a\u00f1os del golpe, homenajearon a las Madres L\u00ednea Fundadora en Plaza de Mayo"},"content":{"rendered":"<p><em>(Agencia T\u00e9lam)<\/em> Un emotivo homenaje a la militancia de las Madres de Plaza de Mayo-L\u00ednea Fundadora se realiz\u00f3 esta ma\u00f1ana en la pir\u00e1mide de Plaza de Mayo y se extendi\u00f3 por la calle Bol\u00edvar, con la intervenci\u00f3n de pa\u00f1os con fotos en recordatorio de los 30.000 detenidos desaparecidos,<strong> a 45 a\u00f1os del golpe c\u00edvico militar que se recuerda este mi\u00e9rcoles.<\/strong><\/p>\n<p>La convocatoria estuvo a cargo del Grupo de Apoyo a <strong>Madres L\u00ednea Fundadora<\/strong>, que integran Maite Vasques, Nati Bermejo y Pascual Spinelli, entre otros, se indic\u00f3 en un comunicado de prensa.<\/p>\n<p><strong>La actividad consisti\u00f3 en colocar los 13 pa\u00f1os azules con las fotos de los 30.000 detenidos desaparecidos,<\/strong> y fue realizado de forma ordenada en virtud de los cuidados y protocolos por la pandemia de coronavirus.<\/p>\n<p>Cada pa\u00f1o fue sostenido por 12 personas, a una distancia interpersonal de dos metros.<\/p>\n<p>Por su parte, la Defensor\u00eda del Pueblo colabor\u00f3 con auxiliares y la instalaci\u00f3n de un puesto en el que se control\u00f3 la fiebre de los asistentes al acto recordatorio.<\/p>\n<p>Participaron de la actividad integrantes de diferentes sindicatos, entre ellos de Foetra, APA, Subte, ATE, UTE, Ctera, y Suteba.<\/p>\n<p>El acto finaliz\u00f3 al momento de enrollar las banderas al grito de la tradicional consigna: &#8220;\u00a130.000 detenidos desaparecidos, presentes! \u00a1Ahora, y siempre!&#8221;.<\/p>\n<div id=\"image\" class=\"image\"><img title=\"\" src=\"http:\/\/hoycordobaweb.com\/wp-content\/uploads\/2021\/03\/a-45-anos-del-golpe-homenajearon-a-las-madres-linea-fundadora-en-plaza-de-mayo.jpg\" alt=\"\" \/><\/div>\n<p>En tanto, desde las 11 y hasta las 15, la Asociaci\u00f3n Madres de Plaza de Mayo presenta en la Plaza de Mayo &#8220;Memoria F\u00e9rtil: a 45 a\u00f1os del golpe&#8221;, una pieza &#8220;compaginada con el archivo hist\u00f3rico, un archivo que pertenece al pueblo&#8221;, se inform\u00f3 en un comunicado.<\/p>\n<p>&#8220;Esta pieza recopila todas las acciones, declaraciones y actividades pol\u00edticas de repudio a los genocidas, realizadas por las Madres entre 1981 y 2020.<\/p>\n<div id=\"image\" class=\"image\"><img title=\"\" src=\"http:\/\/hoycordobaweb.com\/wp-content\/uploads\/2021\/03\/a-45-anos-del-golpe-homenajearon-a-las-madres-linea-fundadora-en-plaza-de-mayo-1.jpg\" alt=\"\" \/><\/div>\n<p>Casi 44 a\u00f1os de lucha y resistencia para construir la memoria colectiva&#8221;, agregaron los organizadores. Tambi\u00e9n se presentar\u00e1 la muestra fotogr\u00e1fica &#8220;Los caminos del Coraz\u00f3n&#8221;.<\/p>\n<div class=\"ubm_banner\"><a href=\"https:\/\/youtu.be\/4ekd0b3znLI\" target=\"_blank\" rel=\"dofollow noopener noreferrer\"><img src=\"http:\/\/hoycordobaweb.com\/wp-content\/uploads\/2021\/03\/a-45-anos-del-golpe-homenajearon-a-las-madres-linea-fundadora-en-plaza-de-mayo.gif\" alt=\"\"><\/a><\/div>\n<p>&nbsp;<\/p>\n<p>&nbsp;<\/p>\n<p>La entrada <a rel=\"nofollow\" href=\"https:\/\/ladecimaweb.com\/a-45-anos-del-golpe-homenajearon-a-las-madres-linea-fundadora-en-plaza-de-mayo\/\">A 45 a\u00f1os del golpe, homenajearon a las Madres L\u00ednea Fundadora en Plaza de Mayo<\/a> se public\u00f3 primero en <a rel=\"nofollow\" href=\"https:\/\/ladecimaweb.com\">LaDecima<\/a>.<\/p>\n","protected":false},"excerpt":{"rendered":"<p>(Agencia T\u00e9lam) Un emotivo homenaje a la militancia de las Madres de Plaza de Mayo-L\u00ednea Fundadora se realiz\u00f3 esta ma\u00f1ana en la pir\u00e1mide de Plaza de Mayo y se extendi\u00f3 por la calle Bol\u00edvar, con la intervenci\u00f3n de pa\u00f1os con fotos en recordatorio de los 30.000 detenidos desaparecidos, a 45 a\u00f1os del golpe c\u00edvico militar [&hellip;]<\/p>\n","protected":false},"author":1,"featured_media":15919,"comment_status":"closed","ping_status":"closed","sticky":false,"template":"","format":"standard","meta":[],"categories":[19],"tags":[],"_links":{"self":[{"href":"http:\/\/hoycordobaweb.com\/index.php\/wp-json\/wp\/v2\/posts\/15918"}],"collection":[{"href":"http:\/\/hoycordobaweb.com\/index.php\/wp-json\/wp\/v2\/posts"}],"about":[{"href":"http:\/\/hoycordobaweb.com\/index.php\/wp-json\/wp\/v2\/types\/post"}],"author":[{"embeddable":true,"href":"http:\/\/hoycordobaweb.com\/index.php\/wp-json\/wp\/v2\/users\/1"}],"replies":[{"embeddable":true,"href":"http:\/\/hoycordobaweb.com\/index.php\/wp-json\/wp\/v2\/comments?post=15918"}],"version-history":[{"count":0,"href":"http:\/\/hoycordobaweb.com\/index.php\/wp-json\/wp\/v2\/posts\/15918\/revisions"}],"wp:featuredmedia":[{"embeddable":true,"href":"http:\/\/hoycordobaweb.com\/index.php\/wp-json\/wp\/v2\/media\/15919"}],"wp:attachment":[{"href":"http:\/\/hoycordobaweb.com\/index.php\/wp-json\/wp\/v2\/media?parent=15918"}],"wp:term":[{"taxonomy":"category","embeddable":true,"href":"http:\/\/hoycordobaweb.com\/index.php\/wp-json\/wp\/v2\/categories?post=15918"},{"taxonomy":"post_tag","embeddable":true,"href":"http:\/\/hoycordobaweb.com\/index.php\/wp-json\/wp\/v2\/tags?post=15918"}],"curies":[{"name":"wp","href":"https:\/\/api.w.org\/{rel}","templated":true}]}}