{"id":15900,"date":"2021-03-21T13:08:54","date_gmt":"2021-03-21T13:08:54","guid":{"rendered":"http:\/\/fono.fcm.unc.edu.ar\/?p=5745"},"modified":"2021-03-21T13:08:54","modified_gmt":"2021-03-21T13:08:54","slug":"21-de-marzo-dia-mundial-del-sindrome-de-down","status":"publish","type":"post","link":"http:\/\/hoycordobaweb.com\/index.php\/2021\/03\/21\/21-de-marzo-dia-mundial-del-sindrome-de-down\/","title":{"rendered":"21 de marzo: \u00abD\u00eda Mundial del S\u00edndrome de Down\u00bb"},"content":{"rendered":"<h2 class=\"fusion-post-title\">21 de marzo: \u00abD\u00eda Mundial del S\u00edndrome de Down\u00bb<\/h2>\n<div class=\"post-content\" readability=\"44.209710743802\">\n<p><img loading=\"lazy\" class=\" wp-image-5746 alignright\" src=\"https:\/\/fono.fcm.unc.edu.ar\/wp-content\/uploads\/sites\/14\/2021\/03\/WhatsApp-Image-2021-03-21-at-09.36.50-300x251.jpeg\" alt width=\"313\" height=\"262\" srcset=\"https:\/\/fono.fcm.unc.edu.ar\/wp-content\/uploads\/sites\/14\/2021\/03\/WhatsApp-Image-2021-03-21-at-09.36.50-200x168.jpeg 200w, https:\/\/fono.fcm.unc.edu.ar\/wp-content\/uploads\/sites\/14\/2021\/03\/WhatsApp-Image-2021-03-21-at-09.36.50-300x251.jpeg 300w, https:\/\/fono.fcm.unc.edu.ar\/wp-content\/uploads\/sites\/14\/2021\/03\/WhatsApp-Image-2021-03-21-at-09.36.50-400x335.jpeg 400w, https:\/\/fono.fcm.unc.edu.ar\/wp-content\/uploads\/sites\/14\/2021\/03\/WhatsApp-Image-2021-03-21-at-09.36.50-600x503.jpeg 600w, https:\/\/fono.fcm.unc.edu.ar\/wp-content\/uploads\/sites\/14\/2021\/03\/WhatsApp-Image-2021-03-21-at-09.36.50-768x644.jpeg 768w, https:\/\/fono.fcm.unc.edu.ar\/wp-content\/uploads\/sites\/14\/2021\/03\/WhatsApp-Image-2021-03-21-at-09.36.50-800x671.jpeg 800w, https:\/\/fono.fcm.unc.edu.ar\/wp-content\/uploads\/sites\/14\/2021\/03\/WhatsApp-Image-2021-03-21-at-09.36.50.jpeg 940w\" sizes=\"(max-width: 313px) 100vw, 313px\">En el D\u00eda Mundial del S\u00edndrome de Down con una reivindicaci\u00f3n para el colectivo, se ha elaborado la campa\u00f1a&nbsp;<a class=\" xil3i\" href=\"https:\/\/www.instagram.com\/explore\/tags\/quenadanossepare\/\">#QueNadaNosSepare<\/a>,&nbsp;cuyo eje central es un&nbsp;mensaje de&nbsp;sensibilizaci\u00f3n&nbsp;social:&nbsp;\u201cSi tenemos tantas cosas en com\u00fan, \u00bfpor qu\u00e9 dejamos que solo un cromosoma nos separe?\u201d.<\/p>\n<p>A trav\u00e9s de esta campa\u00f1a, se pretende abordar el problema de la&nbsp;falta de amistades y oportunidades de socializaci\u00f3n al que se enfrentan las personas con s\u00edndrome de Down&nbsp;cuando alcanzan la adolescencia y la edad adulta (un 24% del colectivo dice no tener amigos y un 62% tiene pocas o ninguna oportunidad para hacer nuevas amistades). Un problema que provoca su&nbsp;aislamiento y soledad, y que conduce a situaciones de frustraci\u00f3n y depresi\u00f3n.<br \/>Para que este mensaje llegue muy lejos y consiga hacerse&nbsp;viral&nbsp;es&nbsp;esencial&nbsp;compartir v\u00eddeos de la campa\u00f1a,&nbsp;pero adem\u00e1s pedimos la participaci\u00f3n de todos aquellos que quieran impulsar ese cambio de mirada tan necesario.<\/p>\n<\/p><\/div>\n","protected":false},"excerpt":{"rendered":"<p>21 de marzo: \u00abD\u00eda Mundial del S\u00edndrome de Down\u00bb En el D\u00eda Mundial del S\u00edndrome de Down con una reivindicaci\u00f3n para el colectivo, se ha elaborado la campa\u00f1a&nbsp;#QueNadaNosSepare,&nbsp;cuyo eje central es un&nbsp;mensaje de&nbsp;sensibilizaci\u00f3n&nbsp;social:&nbsp;\u201cSi tenemos tantas cosas en com\u00fan, \u00bfpor qu\u00e9 dejamos que solo un cromosoma nos separe?\u201d. A trav\u00e9s de esta campa\u00f1a, se pretende abordar [&hellip;]<\/p>\n","protected":false},"author":1,"featured_media":0,"comment_status":"closed","ping_status":"closed","sticky":false,"template":"","format":"standard","meta":[],"categories":[1],"tags":[],"_links":{"self":[{"href":"http:\/\/hoycordobaweb.com\/index.php\/wp-json\/wp\/v2\/posts\/15900"}],"collection":[{"href":"http:\/\/hoycordobaweb.com\/index.php\/wp-json\/wp\/v2\/posts"}],"about":[{"href":"http:\/\/hoycordobaweb.com\/index.php\/wp-json\/wp\/v2\/types\/post"}],"author":[{"embeddable":true,"href":"http:\/\/hoycordobaweb.com\/index.php\/wp-json\/wp\/v2\/users\/1"}],"replies":[{"embeddable":true,"href":"http:\/\/hoycordobaweb.com\/index.php\/wp-json\/wp\/v2\/comments?post=15900"}],"version-history":[{"count":0,"href":"http:\/\/hoycordobaweb.com\/index.php\/wp-json\/wp\/v2\/posts\/15900\/revisions"}],"wp:attachment":[{"href":"http:\/\/hoycordobaweb.com\/index.php\/wp-json\/wp\/v2\/media?parent=15900"}],"wp:term":[{"taxonomy":"category","embeddable":true,"href":"http:\/\/hoycordobaweb.com\/index.php\/wp-json\/wp\/v2\/categories?post=15900"},{"taxonomy":"post_tag","embeddable":true,"href":"http:\/\/hoycordobaweb.com\/index.php\/wp-json\/wp\/v2\/tags?post=15900"}],"curies":[{"name":"wp","href":"https:\/\/api.w.org\/{rel}","templated":true}]}}