{"id":15796,"date":"2021-03-23T01:04:00","date_gmt":"2021-03-23T01:04:00","guid":{"rendered":"http:\/\/hoycordobaweb.com\/index.php\/2021\/03\/23\/un-perro-aportado-por-perito-de-la-querella-marco-rastros-en-dos-patrulleros\/"},"modified":"2021-03-23T01:04:00","modified_gmt":"2021-03-23T01:04:00","slug":"un-perro-aportado-por-perito-de-la-querella-marco-rastros-en-dos-patrulleros","status":"publish","type":"post","link":"http:\/\/hoycordobaweb.com\/index.php\/2021\/03\/23\/un-perro-aportado-por-perito-de-la-querella-marco-rastros-en-dos-patrulleros\/","title":{"rendered":"Un perro aportado por perito de la querella marc\u00f3 rastros en dos patrulleros"},"content":{"rendered":"<p><img src=\"http:\/\/hoycordobaweb.com\/wp-content\/uploads\/2021\/03\/un-perro-aportado-por-perito-de-la-querella-marco-rastros-en-dos-patrulleros.jpg\"><\/p>\n<div class=\"image\" id=\"image\" readability=\"7\"> <img src=\"http:\/\/hoycordobaweb.com\/wp-content\/uploads\/2021\/03\/un-perro-aportado-por-perito-de-la-querella-marco-rastros-en-dos-patrulleros-2.jpg\" alt=\"Un perro aportado por el perito de parte de la familia de Facundo Astudillo Castro.\" title=\"Un perro aportado por el perito de parte de la familia de Facundo Astudillo Castro.\"><\/p>\n<p>Un perro aportado por el perito de parte de la familia de Facundo Astudillo Castro.<\/p>\n<\/div>\n<p>Un perro aportado por el perito de parte de la familia de Facundo Astudillo Castro, el joven que apareci\u00f3 muerto en agosto de 2020 en un cangrejal de Teniente Origone, volvi\u00f3 a marcar rastros de la v\u00edctima en dos patrulleros de la Polic\u00eda de la provincia de Buenos Aires en el marco de una diligencia ordenada por la Justicia, informaron hoy fuentes de la investigaci\u00f3n.<\/p>\n<p><strong>Se trata de un peritaje efectuado por el perro Yatel del adiestrador canino Marcos Herrero, la cual se llev\u00f3 a cabo en un predio de Vialidad Nacional ubicado en el kil\u00f3metro 701 de la ruta nacional 3, al sur de Bah\u00eda Blanca.<\/strong><\/p>\n<p>En dicho lugar se encuentran secuestrados patrulleros de Mayor Buratovich y Teniente Origone, y el autom\u00f3vil particular de una integrante de la polic\u00eda bonaerense, Xiomara Flores, mencionada en el expediente junto a otros tres miembros de la fuerza.<\/p>\n<p>\u00abSe trata de una medida que hab\u00eda sido rechazada por la jueza Federal (Mar\u00eda Gabriela) Marr\u00f3n y aceptada por la C\u00e1mara Federal de Apelaciones de Bah\u00eda Blanca a partir de un pedido realizado por la fiscal\u00eda y la querella\u00bb, se\u00f1al\u00f3 a T\u00e9lam, Leandro Aparicio uno de los abogados de Cristina Castro, madre del joven muerto.<\/p>\n<p>Por su parte, el propio adiestrador Herrero dijo a T\u00e9lam que \u00abtras una toma de olor reconocida por los fiscales de Procuvin en ropa de Facundo se trabaj\u00f3 con el perro Yatel con correa por alrededor de cada veh\u00edculo que estaban cerrados y precintados\u00bb.<\/p>\n<p><strong>\u00abEl perro trabaj\u00f3 sobre puerta, ba\u00fal y las cubiertas, donde hizo hincapi\u00e9 en la camioneta de Teniente Origone\u00bb, dijo el adiestrador y a\u00f1adi\u00f3 que \u00abel perro dio un alerta en la parte de atr\u00e1s de la cabina y la compuerta\u00bb.<\/strong><\/p>\n<p>\u00abEmpez\u00f3 a ladrar\u00bb, dijo al indicar que continu\u00f3 con la tarea con \u00abeste veh\u00edculo Toyota donde se reconoce a Facundo en la foto que fue viral\u00bb en referencia al patrullero perteneciente a Mayor Buratovich.<\/p>\n<p>El perito canino se\u00f1al\u00f3: \u00ab(El perro) Hace un alerta, mueve la cola, mueve las orejas, identifica la parte izquierda de la cubierta y sobre la parte de la caja pero no ladra, pero lo tomo en cuenta porque es un alerta\u00bb.<\/p>\n<p>\u00abMe alejo unos diez pasos y trabaja el perro, suelto esta vez sin la correa\u00bb, dijo al indicar que el can \u00absalt\u00f3 sobre el veh\u00edculo de Flores pero no le dio atenci\u00f3n\u00bb al comentar que tras ello el perro pas\u00f3 por la camioneta Toyota ploteada negro \u00abdonde empieza a ladrar, marcar y a reconocer el patr\u00f3n de olor de Facundo sobre la parte de atr\u00e1s\u00bb.<\/p>\n<p>El perito cont\u00f3 que \u00abluego pasa nuevamente sobre la camioneta donde sali\u00f3 en la foto donde dio un alerta poni\u00e9ndose nervioso y con una atenci\u00f3n en la cubierta totalmente suelto y con total autonom\u00eda\u00bb.<\/p>\n<p><strong>Herrero coment\u00f3 que integrantes de Gendarmer\u00eda llevaron a cabo barrido de rastros en los veh\u00edculos donde se secuestraron envoltorios de caramelos, una colilla de cigarrillo, monedas y un cabello que deber\u00e1 ser sometido a cotejo de ADN.<\/strong><\/p>\n<p>Por \u00faltimo el adiestrador canino record\u00f3 que el a\u00f1o pasado y durante un operativo llevado a cabo en la sede de la Polic\u00eda Federal Argentina el mismo can \u00abhab\u00eda marcado estas dos camionetas, la de Teniente Origone y de Mayor Buratovich\u00bb.<\/p>\n<p>Facundo desapareci\u00f3 el 30 de abril de 2020, cuando en plena cuarentena sali\u00f3 de su casa de Pedro Luro para ir a ver a su novia a Bah\u00eda Blanca, y el 15 de agosto su cuerpo fue hallado en un cangrejal de la localidad de General Daniel Cerri.<\/p>\n<p>Su madre y los abogados est\u00e1n convencidos de la responsabilidad policial en lo sucedido con Facundo, quien, seg\u00fan la autopsia, sufri\u00f3 una muerte por asfixia por sumersi\u00f3n. <\/p>\n","protected":false},"excerpt":{"rendered":"<p>Un perro aportado por el perito de parte de la familia de Facundo Astudillo Castro. Un perro aportado por el perito de parte de la familia de Facundo Astudillo Castro, el joven que apareci\u00f3 muerto en agosto de 2020 en un cangrejal de Teniente Origone, volvi\u00f3 a marcar rastros de la v\u00edctima en dos patrulleros [&hellip;]<\/p>\n","protected":false},"author":1,"featured_media":15797,"comment_status":"open","ping_status":"closed","sticky":false,"template":"","format":"standard","meta":[],"categories":[19],"tags":[],"_links":{"self":[{"href":"http:\/\/hoycordobaweb.com\/index.php\/wp-json\/wp\/v2\/posts\/15796"}],"collection":[{"href":"http:\/\/hoycordobaweb.com\/index.php\/wp-json\/wp\/v2\/posts"}],"about":[{"href":"http:\/\/hoycordobaweb.com\/index.php\/wp-json\/wp\/v2\/types\/post"}],"author":[{"embeddable":true,"href":"http:\/\/hoycordobaweb.com\/index.php\/wp-json\/wp\/v2\/users\/1"}],"replies":[{"embeddable":true,"href":"http:\/\/hoycordobaweb.com\/index.php\/wp-json\/wp\/v2\/comments?post=15796"}],"version-history":[{"count":0,"href":"http:\/\/hoycordobaweb.com\/index.php\/wp-json\/wp\/v2\/posts\/15796\/revisions"}],"wp:featuredmedia":[{"embeddable":true,"href":"http:\/\/hoycordobaweb.com\/index.php\/wp-json\/wp\/v2\/media\/15797"}],"wp:attachment":[{"href":"http:\/\/hoycordobaweb.com\/index.php\/wp-json\/wp\/v2\/media?parent=15796"}],"wp:term":[{"taxonomy":"category","embeddable":true,"href":"http:\/\/hoycordobaweb.com\/index.php\/wp-json\/wp\/v2\/categories?post=15796"},{"taxonomy":"post_tag","embeddable":true,"href":"http:\/\/hoycordobaweb.com\/index.php\/wp-json\/wp\/v2\/tags?post=15796"}],"curies":[{"name":"wp","href":"https:\/\/api.w.org\/{rel}","templated":true}]}}