{"id":15786,"date":"2021-03-22T18:45:17","date_gmt":"2021-03-22T18:45:17","guid":{"rendered":"https:\/\/www.mujerhoy.com\/vivir\/salud\/202103\/22\/vencedoras-vencidas-spot-efecto-cancer-metastasico-20210322131035.html"},"modified":"2021-03-22T18:45:17","modified_gmt":"2021-03-22T18:45:17","slug":"ni-vencedoras-ni-vencidas-el-spot-que-muestra-la-realidad-de-las-mujeres-con-cancer-de-mama-metastasico","status":"publish","type":"post","link":"http:\/\/hoycordobaweb.com\/index.php\/2021\/03\/22\/ni-vencedoras-ni-vencidas-el-spot-que-muestra-la-realidad-de-las-mujeres-con-cancer-de-mama-metastasico\/","title":{"rendered":"Ni Vencedoras Ni Vencidas, el &#8216;spot&#8217; que muestra la realidad de las mujeres con c\u00e1ncer de mama metast\u00e1sico"},"content":{"rendered":"<div><img src=\"http:\/\/hoycordobaweb.com\/wp-content\/uploads\/2021\/03\/ni-vencedoras-ni-vencidas-el-spot-que-muestra-la-realidad-de-las-mujeres-con-cancer-de-mama-metastasico.jpg\" class=\"ff-og-image-inserted\"><\/div>\n<p><a href=\"https:\/\/www.mujerhoy.com\/vivir\/salud\/201910\/18\/todo-debes-saber-cancer-mama-20191018110610.html\" target=\"_self\" rel=\"noopener noreferrer\">El c\u00e1ncer de mama metast\u00e1sico <\/a>a d\u00eda de hoy no tiene cura y es la primera causa de muerte de mujeres entre 35 y 50 a\u00f1os. \u201cSomos la otra parte del c\u00e1ncer de mama, la que se muere. <a href=\"https:\/\/www.mujerhoy.com\/vivir\/salud\/202010\/19\/cancer-care-2020-mujerhoy-cancer-mama-prevencion-tratamiento-20201019130035.html\" target=\"_self\" rel=\"noopener noreferrer\">Con los tratamientos actuales, nuestra media de vida es de cinco a\u00f1os.<\/a> Creemos que esto tiene que saberse.<strong> Nuestra esperanza y nuestro futuro est\u00e1 en la investigaci\u00f3n\u201d<\/strong>, dijo Fern\u00e1ndez a la audiencia. Por eso, uno de los lemas de esta asociaci\u00f3n es m\u00e1s investigaci\u00f3n para m\u00e1s vida. <\/p>\n<p>Estas mujeres, que conviven cada d\u00eda con esa realidad, reclaman que la conversaci\u00f3n p\u00fablica las tenga en consideraci\u00f3n, con empat\u00eda y sensibilidad hacia su condici\u00f3n:<strong> \u00bferes una guerrera solo si has conseguido superar el c\u00e1ncer? Esa el la realidad de la mujeres que tienen c\u00e1ncer de mama metast\u00e1sico y que refleja la campa\u00f1a Ni Vencedoras Ni Vencidas<\/strong>, un proyecto creado por mujeres para concienciar a la sociedad. Solo conociendo su realidad y a trav\u00e9s de la empat\u00eda, ser\u00e1 posible apoyarlas y ayudarlas a sentirse un poquito m\u00e1s libres, perpetuando el uso de un lenguaje integrador e inclusivo. De todas, para todos. <\/p>\n<p>El spot muestra las principales presiones sociales a las que se ven sometidas estas mujeres en su d\u00eda a d\u00eda, como <strong>el uso de t\u00e9rminos b\u00e9licos a la hora de hablar de c\u00e1ncer de mama \u2013hero\u00ednas, campeonas, guerreras\u2026<\/strong>\u2013, el optimismo exagerado, la presi\u00f3n por estar bien y tener buen aspecto, y en general, la de no poder vivir su enfermedad de forma realista.<\/p>\n<p>Todas estas presiones expuestas nacen del testimonio directo de mujeres que sufren la enfermedad y han sido materializadas en dos piezas de video por mujeres profesionales del mundo audiovisual que han vivido el c\u00e1ncer de mama en primera persona o a trav\u00e9s de sus familiares m\u00e1s cercanos. <strong>La realizadora y activista social Mabel Lozano y la periodista y guionista especializada en Derechos de la Mujer, Paka Diaz, encabezan este equipo que ha puesto toda su alma con el objetivo de inspirar un cambio. <\/strong><\/p>\n<p>\u201cCuanto m\u00e1s visualicemos esta enfermedad, m\u00e1s empujaremos a que se siga trabajando en investigaci\u00f3n, adem\u00e1s de normalizar la propia palabra \u2018c\u00e1ncer\u2019. Es importante hacerlo para que por fin deje de ser un tab\u00fa\u201d, dice<strong> Mabel Lozano, directora y recientemente ganadora del Goya por su \u00faltimo documental, Biograf\u00eda del Cad\u00e1ver de una Mujer.<\/strong><\/p>\n<p>\u201cSabemos que nuestro trabajo, y el que est\u00e1n realizando los profesionales oncol\u00f3gicos en general para frenar esta enfermedad, no llegar\u00e1 a tiempo para salvar la vida de muchas de nosotras, pero confiamos en que en un futuro no muy lejano todo este esfuerzo sirva para que nadie m\u00e1s tenga que pasar por este mal sue\u00f1o que nos ha tocado vivir\u201d, a\u00f1ade Pilar Fern\u00e1ndez.<\/p>\n<p>El proyecto Ni Vencedoras Ni Vencidas nace de la colaboraci\u00f3n de tres asociaciones de pacientes, CMM (Asociaci\u00f3n C\u00e1ncer de Mama Metast\u00e1sico), FECMA (Federaci\u00f3n Espa\u00f1ola de C\u00e1ncer de Mama) y GEPAC (Grupo Espa\u00f1ol de Pacientes con C\u00e1ncer) junto a Novartis Oncology con la voluntad de poner el c\u00e1ncer de mama metast\u00e1sico en el foco y hacer reflexionar a la sociedad.<\/p>\n<div class=\"tb-interesa\">\n<h3>Tambi\u00e9n te interesa<\/h3>\n<\/div>\n","protected":false},"excerpt":{"rendered":"<p>El c\u00e1ncer de mama metast\u00e1sico a d\u00eda de hoy no tiene cura y es la primera causa de muerte de mujeres entre 35 y 50 a\u00f1os. \u201cSomos la otra parte del c\u00e1ncer de mama, la que se muere. Con los tratamientos actuales, nuestra media de vida es de cinco a\u00f1os. Creemos que esto tiene que [&hellip;]<\/p>\n","protected":false},"author":1,"featured_media":15787,"comment_status":"closed","ping_status":"closed","sticky":false,"template":"","format":"standard","meta":[],"categories":[1],"tags":[],"_links":{"self":[{"href":"http:\/\/hoycordobaweb.com\/index.php\/wp-json\/wp\/v2\/posts\/15786"}],"collection":[{"href":"http:\/\/hoycordobaweb.com\/index.php\/wp-json\/wp\/v2\/posts"}],"about":[{"href":"http:\/\/hoycordobaweb.com\/index.php\/wp-json\/wp\/v2\/types\/post"}],"author":[{"embeddable":true,"href":"http:\/\/hoycordobaweb.com\/index.php\/wp-json\/wp\/v2\/users\/1"}],"replies":[{"embeddable":true,"href":"http:\/\/hoycordobaweb.com\/index.php\/wp-json\/wp\/v2\/comments?post=15786"}],"version-history":[{"count":0,"href":"http:\/\/hoycordobaweb.com\/index.php\/wp-json\/wp\/v2\/posts\/15786\/revisions"}],"wp:featuredmedia":[{"embeddable":true,"href":"http:\/\/hoycordobaweb.com\/index.php\/wp-json\/wp\/v2\/media\/15787"}],"wp:attachment":[{"href":"http:\/\/hoycordobaweb.com\/index.php\/wp-json\/wp\/v2\/media?parent=15786"}],"wp:term":[{"taxonomy":"category","embeddable":true,"href":"http:\/\/hoycordobaweb.com\/index.php\/wp-json\/wp\/v2\/categories?post=15786"},{"taxonomy":"post_tag","embeddable":true,"href":"http:\/\/hoycordobaweb.com\/index.php\/wp-json\/wp\/v2\/tags?post=15786"}],"curies":[{"name":"wp","href":"https:\/\/api.w.org\/{rel}","templated":true}]}}