{"id":15466,"date":"2021-03-19T00:06:00","date_gmt":"2021-03-19T00:06:00","guid":{"rendered":"http:\/\/hoycordobaweb.com\/index.php\/2021\/03\/19\/afirman-que-anez-se-declaro-en-huelga-de-hambre-en-la-carcel\/"},"modified":"2021-03-19T00:06:00","modified_gmt":"2021-03-19T00:06:00","slug":"afirman-que-anez-se-declaro-en-huelga-de-hambre-en-la-carcel","status":"publish","type":"post","link":"http:\/\/hoycordobaweb.com\/index.php\/2021\/03\/19\/afirman-que-anez-se-declaro-en-huelga-de-hambre-en-la-carcel\/","title":{"rendered":"Afirman que \u00c1\u00f1ez se declar\u00f3 en huelga de hambre en la c\u00e1rcel"},"content":{"rendered":"<p><img src=\"http:\/\/hoycordobaweb.com\/wp-content\/uploads\/2021\/03\/afirman-que-anez-se-declaro-en-huelga-de-hambre-en-la-carcel.jpg\"><\/p>\n<div class=\"image\" id=\"image\" readability=\"7\"> <img src=\"http:\/\/hoycordobaweb.com\/wp-content\/uploads\/2021\/03\/afirman-que-anez-se-declaro-en-huelga-de-hambre-en-la-carcel-2.jpg\" alt=\"Jeanine \u00c1nez entr\u00f3 en huelga de hambre seg\u00fan una organizaci\u00f3n de Derechos Humanos\" title=\"Jeanine \u00c1nez entr\u00f3 en huelga de hambre seg\u00fan una organizaci\u00f3n de Derechos Humanos\"><\/p>\n<p>Jeanine \u00c1nez entr\u00f3 en huelga de hambre seg\u00fan una organizaci\u00f3n de Derechos Humanos<\/p>\n<\/div>\n<p>La expresidenta de facto de Bolivia Jeanine \u00c1\u00f1ez, en prisi\u00f3n preventiva mientras se investiga su responsabilidad en el golpe de estado de 2019 contra Evo Morales, se declar\u00f3 en huelga de hambre en la c\u00e1rcel, seg\u00fan inform\u00f3 la presidenta de la Asamblea Permanente de Derechos Humanos de Bolivia (Apdhb), Amparo Carvajal.<\/p>\n<p><strong>\u00ab\u00bfPara qu\u00e9, Amparo? \u00bfPara qu\u00e9 luchar?\u00bb, afirm\u00f3 Carvajal que le dijo \u00c1\u00f1ez cuando la visit\u00f3 en la prisi\u00f3n.<\/strong><\/p>\n<p>\u00abYa no quiere luchar por la vida y eso es muy grave; cuando yo sal\u00ed (del centro penitenciario), la guardia le dec\u00eda: &#8216;Se\u00f1ora, coma&#8217; y ah\u00ed ella me dijo que est\u00e1 en huelga de hambre\u00bb, relat\u00f3 Carvajal, seg\u00fan el diario pace\u00f1o P\u00e1gina Siete.<\/p>\n<p><strong>\u00abMe han dejado estar con ella un cuarto de hora y est\u00e1 en huelga de hambre, pero su estado an\u00edmico es muy grave y tiene mucha depresi\u00f3n\u00bb, indic\u00f3 Carvajal.<\/strong><\/p>\n<p>La activista no precis\u00f3 desde cu\u00e1ndo habr\u00eda dejado de comer la exmandataria.<\/p>\n<p>Consultado sobre el tema, el abogado de \u00c1\u00f1ez, Luis Guill\u00e9n, no pudo confirmar la versi\u00f3n pero anunci\u00f3 que en las pr\u00f3ximas horas presentar\u00eda un recurso de salida judicial para que la expresidenta pueda ser atendida en un centro m\u00e9dico fuera del penal.<\/p>\n<p>Asimismo, la abogada Norka Cu\u00e9llar afirm\u00f3 que ayer se puso en riesgo la vida de \u00c1\u00f1ez al cancelarse a \u00faltimo momento la autorizaci\u00f3n para que fuera llevada a una cl\u00ednica privada tras haberse descompensado. <\/p>\n","protected":false},"excerpt":{"rendered":"<p>Jeanine \u00c1nez entr\u00f3 en huelga de hambre seg\u00fan una organizaci\u00f3n de Derechos Humanos La expresidenta de facto de Bolivia Jeanine \u00c1\u00f1ez, en prisi\u00f3n preventiva mientras se investiga su responsabilidad en el golpe de estado de 2019 contra Evo Morales, se declar\u00f3 en huelga de hambre en la c\u00e1rcel, seg\u00fan inform\u00f3 la presidenta de la Asamblea [&hellip;]<\/p>\n","protected":false},"author":1,"featured_media":15467,"comment_status":"open","ping_status":"closed","sticky":false,"template":"","format":"standard","meta":[],"categories":[19],"tags":[],"_links":{"self":[{"href":"http:\/\/hoycordobaweb.com\/index.php\/wp-json\/wp\/v2\/posts\/15466"}],"collection":[{"href":"http:\/\/hoycordobaweb.com\/index.php\/wp-json\/wp\/v2\/posts"}],"about":[{"href":"http:\/\/hoycordobaweb.com\/index.php\/wp-json\/wp\/v2\/types\/post"}],"author":[{"embeddable":true,"href":"http:\/\/hoycordobaweb.com\/index.php\/wp-json\/wp\/v2\/users\/1"}],"replies":[{"embeddable":true,"href":"http:\/\/hoycordobaweb.com\/index.php\/wp-json\/wp\/v2\/comments?post=15466"}],"version-history":[{"count":0,"href":"http:\/\/hoycordobaweb.com\/index.php\/wp-json\/wp\/v2\/posts\/15466\/revisions"}],"wp:featuredmedia":[{"embeddable":true,"href":"http:\/\/hoycordobaweb.com\/index.php\/wp-json\/wp\/v2\/media\/15467"}],"wp:attachment":[{"href":"http:\/\/hoycordobaweb.com\/index.php\/wp-json\/wp\/v2\/media?parent=15466"}],"wp:term":[{"taxonomy":"category","embeddable":true,"href":"http:\/\/hoycordobaweb.com\/index.php\/wp-json\/wp\/v2\/categories?post=15466"},{"taxonomy":"post_tag","embeddable":true,"href":"http:\/\/hoycordobaweb.com\/index.php\/wp-json\/wp\/v2\/tags?post=15466"}],"curies":[{"name":"wp","href":"https:\/\/api.w.org\/{rel}","templated":true}]}}