{"id":15335,"date":"2021-03-17T23:11:36","date_gmt":"2021-03-17T23:11:36","guid":{"rendered":"https:\/\/www.ole.com.ar\/futbol-ascenso\/primera-b\/canuelas-valdivia-chile_0_ENh3bplrH.html"},"modified":"2021-03-17T23:11:36","modified_gmt":"2021-03-17T23:11:36","slug":"la-joya-del-club-se-fue-a-chile-porque-el-dt-no-lo-tenia-en-cuenta","status":"publish","type":"post","link":"http:\/\/hoycordobaweb.com\/index.php\/2021\/03\/17\/la-joya-del-club-se-fue-a-chile-porque-el-dt-no-lo-tenia-en-cuenta\/","title":{"rendered":"La joya del club se fue a Chile porque el DT no lo ten\u00eda en cuenta"},"content":{"rendered":"<p><img src=\"http:\/\/hoycordobaweb.com\/wp-content\/uploads\/2021\/03\/la-joya-del-club-se-fue-a-chile-porque-el-dt-no-lo-tenia-en-cuenta.jpg\"><\/p>\n<div><img src=\"http:\/\/hoycordobaweb.com\/wp-content\/uploads\/2021\/03\/la-joya-del-club-se-fue-a-chile-porque-el-dt-no-lo-tenia-en-cuenta.jpg\" class=\"ff-og-image-inserted\"><\/div>\n<p>Despu\u00e9s de tener un flojo arranque en la categor\u00eda (empate contra San Carlos y ca\u00edda ante Armenio), el Tambero sufri\u00f3 una nueva mala noticia: la partida de Facundo Kr\u00fcger, ya que no estaba en los planes del cuerpo t\u00e9cnico que encabeza Mart\u00edn Perelman.<\/p>\n<p>El pibe de 20 a\u00f1os tiene un futuro y unas cualidades enormes, pero cuando Perelman lleg\u00f3 al Tambo le se\u00f1al\u00f3 a la CD que no iba a ser prioridad en su equipo y entonces el juvenil ayer rescindi\u00f3 su contrato para buscar nuevos aires. Y tuvo una oferta imposible de pasar por alto: jugar\u00e1 en la Segunda de Chile, donde cobrar\u00e1 en d\u00f3lares.<\/p>\n<p>El delantero fue&nbsp;clave en la temporada pasada para lograr el hist\u00f3rico ascenso a la B Metro y era una de las joyitas del plantel. Por eso sorprendi\u00f3 la noticia de la rescisi\u00f3n de su contrato para cruzar la Cordillera. Seguramente en Ca\u00f1uelas lo van extra\u00f1ar.<\/p>\n<div class=\"entry-tags\">\n<h2>TEMAS QUE APARECEN EN ESTA NOTA<\/h2>\n<\/p><\/div>\n","protected":false},"excerpt":{"rendered":"<p>Despu\u00e9s de tener un flojo arranque en la categor\u00eda (empate contra San Carlos y ca\u00edda ante Armenio), el Tambero sufri\u00f3 una nueva mala noticia: la partida de Facundo Kr\u00fcger, ya que no estaba en los planes del cuerpo t\u00e9cnico que encabeza Mart\u00edn Perelman. El pibe de 20 a\u00f1os tiene un futuro y unas cualidades enormes, [&hellip;]<\/p>\n","protected":false},"author":1,"featured_media":15336,"comment_status":"open","ping_status":"closed","sticky":false,"template":"","format":"standard","meta":[],"categories":[16],"tags":[],"_links":{"self":[{"href":"http:\/\/hoycordobaweb.com\/index.php\/wp-json\/wp\/v2\/posts\/15335"}],"collection":[{"href":"http:\/\/hoycordobaweb.com\/index.php\/wp-json\/wp\/v2\/posts"}],"about":[{"href":"http:\/\/hoycordobaweb.com\/index.php\/wp-json\/wp\/v2\/types\/post"}],"author":[{"embeddable":true,"href":"http:\/\/hoycordobaweb.com\/index.php\/wp-json\/wp\/v2\/users\/1"}],"replies":[{"embeddable":true,"href":"http:\/\/hoycordobaweb.com\/index.php\/wp-json\/wp\/v2\/comments?post=15335"}],"version-history":[{"count":0,"href":"http:\/\/hoycordobaweb.com\/index.php\/wp-json\/wp\/v2\/posts\/15335\/revisions"}],"wp:featuredmedia":[{"embeddable":true,"href":"http:\/\/hoycordobaweb.com\/index.php\/wp-json\/wp\/v2\/media\/15336"}],"wp:attachment":[{"href":"http:\/\/hoycordobaweb.com\/index.php\/wp-json\/wp\/v2\/media?parent=15335"}],"wp:term":[{"taxonomy":"category","embeddable":true,"href":"http:\/\/hoycordobaweb.com\/index.php\/wp-json\/wp\/v2\/categories?post=15335"},{"taxonomy":"post_tag","embeddable":true,"href":"http:\/\/hoycordobaweb.com\/index.php\/wp-json\/wp\/v2\/tags?post=15335"}],"curies":[{"name":"wp","href":"https:\/\/api.w.org\/{rel}","templated":true}]}}