{"id":15321,"date":"2021-03-17T13:28:04","date_gmt":"2021-03-17T13:28:04","guid":{"rendered":"http:\/\/ladecimaweb.com\/?p=8766"},"modified":"2021-03-17T13:28:04","modified_gmt":"2021-03-17T13:28:04","slug":"coronavirus-detectan-las-variantes-del-reino-unido-y-manaos-en-cordoba","status":"publish","type":"post","link":"http:\/\/hoycordobaweb.com\/index.php\/2021\/03\/17\/coronavirus-detectan-las-variantes-del-reino-unido-y-manaos-en-cordoba\/","title":{"rendered":"Coronavirus: Detectan las variantes del Reino Unido y Manaos en C\u00f3rdoba"},"content":{"rendered":"<p><a href=\"https:\/\/www.cba.gov.ar\/covid-19-salud-detecto-variantes-emergentes-de-sars-cov-2\/\"><em>(Prensa provincial)<\/em> <\/a>El <strong>Ministerio de Salud de la Provincia present\u00f3 los resultados de los estudios sobre las variantes del virus SARS-CoV-2<\/strong>, que se realizan desde el inicio de la pandemia.<\/p>\n<p><strong>La emergencia de variantes es un proceso natural de la evoluci\u00f3n de los virus.\u00a0<\/strong>Las investigaciones se llevan adelante con el objetivo de\u00a0<strong>caracterizar gen\u00e9ticamente el virus, conocer su evoluci\u00f3n viral y monitorear la aparici\u00f3n de nuevas variantes<\/strong>\u00a0con cambios gen\u00f3micos de importancia biol\u00f3gica.<\/p>\n<p><strong>Las investigaciones permitieron detectar dos casos correspondientes a la variante de Reino Unido y un caso correspondiente a la variante de Manaos.<\/strong><\/p>\n<p>Vale mencionar que una de las principales caracter\u00edsticas en el caso de las\u00a0<strong>variantes de Reino Unido y Manaos,\u00a0<\/strong>es que est\u00e1n asociadas a una<strong>\u00a0mayor tasa de transmisi\u00f3n,\u00a0<\/strong>lo cual genera un<strong>\u00a0aumento de su prevalencia en corto tiempo.<\/strong><\/p>\n<p>Al respecto, la secretaria de Prevenci\u00f3n y Promoci\u00f3n de la Salud, Gabriela Barb\u00e1s, expres\u00f3:\u00a0<em>\u201cEs importante se\u00f1alar que esto no es sin\u00f3nimo de transmisi\u00f3n de esta nueva variante sino de detecci\u00f3n oportuna, gracias al trabajo constante del equipo de Epidemiolog\u00eda y del Laboratorio Central, en donde se viene monitoreando la circulaci\u00f3n de estas variantes en todo el territorio cordob\u00e9s\u201d.<\/em><\/p>\n<p>Tambi\u00e9n enfatiz\u00f3<em>: \u00abEsto nos va a permitir por un lado reevaluar las estrategias de las personas que ingresan del exterior, como as\u00ed tambi\u00e9n reiterarle a la comunidad que <strong>si vuelve de un viaje del exterior se haga el test al ingresar a la provincia<\/strong>, permanezcan en aislamiento estricto durante 10 d\u00edas y antes del alta de esos d\u00edas volver a realizarse la prueba de PCR\u201d.<\/em><\/p>\n<p><strong>Equipo investigador<\/strong><\/p>\n<p>La investigaciones son llevadas adelante por el\u00a0<strong>Laboratorio Central<\/strong>\u00a0del\u00a0<strong>Ministerio de Salud<\/strong>\u00a0de la Provincia de C\u00f3rdoba y el\u00a0<strong>Instituto de Virolog\u00eda \u201cDr. J. M. Vanella\u201d\u00a0<\/strong>Facultad de Ciencias M\u00e9dicas \u2013 Universidad Nacional de C\u00f3rdoba (InViV), en el marco del\u00a0<strong>Proyecto PAIS \u2013<\/strong>\u00a0<strong>Consorcio Argentino de Gen\u00f3mica de SARS-CoV-2,<\/strong>\u00a0a trav\u00e9s de los\u00a0<strong>Nodos de Secuenciaci\u00f3n de C\u00f3rdoba del IPAVEINTA-CIAP<\/strong>.<\/p>\n<p>Con el objetivo de estudiar las variantes circulantes del virus SARS-CoV-2 se realiz\u00f3 la secuenciaci\u00f3n parcial del gen que codifica para la prote\u00edna Spike en muestras de viajeros que regresaron a la Provincia de C\u00f3rdoba entre el 1\u00b0 y el cinco de marzo pasado.<\/p>\n<p>Se detect\u00f3 la combinaci\u00f3n de mutaciones caracter\u00edstica de la variante 501Y.V3 (Manaos) en una muestra, y la de la variante 501Y.V1 (Reino Unido) en dos muestras. Tambi\u00e9n se detect\u00f3 la mutaci\u00f3n S_E484K -caracter\u00edstica de la variante P.2 (R\u00edo de Janeiro)- en una muestra de un paciente que es contacto estrecho confirmado de un caso positivo.<\/p>\n<p>En todos los casos reportados de las variantes se proceder\u00e1 a la secuenciaci\u00f3n del genoma completo.<\/p>\n<div class=\"ubm_banner\"><a href=\"https:\/\/youtu.be\/4ekd0b3znLI\" target=\"_blank\" rel=\"dofollow noopener noreferrer\"><img src=\"http:\/\/hoycordobaweb.com\/wp-content\/uploads\/2021\/03\/coronavirus-detectan-las-variantes-del-reino-unido-y-manaos-en-cordoba.gif\" alt=\"\"><\/a><\/div>\n<p>La entrada <a rel=\"nofollow\" href=\"https:\/\/ladecimaweb.com\/coronavirus-detectan-las-variantes-del-reino-unido-y-manaos-en-cordoba\/\">Coronavirus: Detectan las variantes del Reino Unido y Manaos en C\u00f3rdoba<\/a> se public\u00f3 primero en <a rel=\"nofollow\" href=\"https:\/\/ladecimaweb.com\">LaDecima<\/a>.<\/p>\n","protected":false},"excerpt":{"rendered":"<p>(Prensa provincial) El Ministerio de Salud de la Provincia present\u00f3 los resultados de los estudios sobre las variantes del virus SARS-CoV-2, que se realizan desde el inicio de la pandemia. La emergencia de variantes es un proceso natural de la evoluci\u00f3n de los virus.\u00a0Las investigaciones se llevan adelante con el objetivo de\u00a0caracterizar gen\u00e9ticamente el virus, [&hellip;]<\/p>\n","protected":false},"author":1,"featured_media":15322,"comment_status":"closed","ping_status":"closed","sticky":false,"template":"","format":"standard","meta":[],"categories":[19],"tags":[],"_links":{"self":[{"href":"http:\/\/hoycordobaweb.com\/index.php\/wp-json\/wp\/v2\/posts\/15321"}],"collection":[{"href":"http:\/\/hoycordobaweb.com\/index.php\/wp-json\/wp\/v2\/posts"}],"about":[{"href":"http:\/\/hoycordobaweb.com\/index.php\/wp-json\/wp\/v2\/types\/post"}],"author":[{"embeddable":true,"href":"http:\/\/hoycordobaweb.com\/index.php\/wp-json\/wp\/v2\/users\/1"}],"replies":[{"embeddable":true,"href":"http:\/\/hoycordobaweb.com\/index.php\/wp-json\/wp\/v2\/comments?post=15321"}],"version-history":[{"count":0,"href":"http:\/\/hoycordobaweb.com\/index.php\/wp-json\/wp\/v2\/posts\/15321\/revisions"}],"wp:featuredmedia":[{"embeddable":true,"href":"http:\/\/hoycordobaweb.com\/index.php\/wp-json\/wp\/v2\/media\/15322"}],"wp:attachment":[{"href":"http:\/\/hoycordobaweb.com\/index.php\/wp-json\/wp\/v2\/media?parent=15321"}],"wp:term":[{"taxonomy":"category","embeddable":true,"href":"http:\/\/hoycordobaweb.com\/index.php\/wp-json\/wp\/v2\/categories?post=15321"},{"taxonomy":"post_tag","embeddable":true,"href":"http:\/\/hoycordobaweb.com\/index.php\/wp-json\/wp\/v2\/tags?post=15321"}],"curies":[{"name":"wp","href":"https:\/\/api.w.org\/{rel}","templated":true}]}}