{"id":15146,"date":"2021-03-14T16:31:15","date_gmt":"2021-03-14T16:31:15","guid":{"rendered":"http:\/\/ladecimaweb.com\/?p=8727"},"modified":"2021-03-14T16:31:15","modified_gmt":"2021-03-14T16:31:15","slug":"matan-de-un-disparo-en-la-cabeza-a-un-joven-en-nuestro-hogar-3","status":"publish","type":"post","link":"http:\/\/hoycordobaweb.com\/index.php\/2021\/03\/14\/matan-de-un-disparo-en-la-cabeza-a-un-joven-en-nuestro-hogar-3\/","title":{"rendered":"Matan de un disparo en la cabeza a un joven en Nuestro Hogar 3"},"content":{"rendered":"<p>Un joven de 19 a\u00f1os identificado como Ulises L\u00f3pez falleci\u00f3 en la ma\u00f1ana de hoy luego de recibir un disparo en la cabeza, seg\u00fan la informaci\u00f3n policial.<\/p>\n<p>El cuerpo sin vida del joven fue encontrado cuando personal policial se constituy\u00f3 en la calle principal del barrio en cercan\u00edas de la escuela Albert Bruce Sabin.<\/p>\n<p>&#8220;Asimismo, se tom\u00f3 conocimiento que otro joven de la misma edad ingres\u00f3 al Hospital Pr\u00edncipe de Asturias donde se le diagnostic\u00f3 herida de arma de fuego en el parietal izquierdo, quedando internado en observaci\u00f3n&#8221;, agrega la informaci\u00f3n difundida. El herido ser\u00eda hermano de la v\u00edctima, seg\u00fan apunt\u00f3 una fuente policial.<\/p>\n<p>La informaci\u00f3n refiere que &#8220;ambos habr\u00edan sido lesionados por otro sujeto que se conduc\u00eda en una motocicleta&#8221;. No obstante, las circunstancias de la agresi\u00f3n est\u00e1n bajo investigaci\u00f3n.<\/p>\n<p><em>Foto archivo de Google.<\/em><\/p>\n<p>&nbsp;<\/p>\n<div class=\"ubm_banner\"><a href=\"https:\/\/youtu.be\/4ekd0b3znLI\" target=\"_blank\" rel=\"dofollow noopener noreferrer\"><img src=\"http:\/\/hoycordobaweb.com\/wp-content\/uploads\/2021\/03\/matan-de-un-disparo-en-la-cabeza-a-un-joven-en-nuestro-hogar-3.gif\" alt=\"\"><\/a><\/div>\n<p>La entrada <a rel=\"nofollow\" href=\"https:\/\/ladecimaweb.com\/matan-de-un-disparo-en-la-cabeza-a-un-joven-en-nuestro-hogar-3\/\">Matan de un disparo en la cabeza a un joven en Nuestro Hogar 3<\/a> se public\u00f3 primero en <a rel=\"nofollow\" href=\"https:\/\/ladecimaweb.com\">LaDecima<\/a>.<\/p>\n","protected":false},"excerpt":{"rendered":"<p>Un joven de 19 a\u00f1os identificado como Ulises L\u00f3pez falleci\u00f3 en la ma\u00f1ana de hoy luego de recibir un disparo en la cabeza, seg\u00fan la informaci\u00f3n policial. El cuerpo sin vida del joven fue encontrado cuando personal policial se constituy\u00f3 en la calle principal del barrio en cercan\u00edas de la escuela Albert Bruce Sabin. &#8220;Asimismo, [&hellip;]<\/p>\n","protected":false},"author":1,"featured_media":15147,"comment_status":"closed","ping_status":"closed","sticky":false,"template":"","format":"standard","meta":[],"categories":[19],"tags":[],"_links":{"self":[{"href":"http:\/\/hoycordobaweb.com\/index.php\/wp-json\/wp\/v2\/posts\/15146"}],"collection":[{"href":"http:\/\/hoycordobaweb.com\/index.php\/wp-json\/wp\/v2\/posts"}],"about":[{"href":"http:\/\/hoycordobaweb.com\/index.php\/wp-json\/wp\/v2\/types\/post"}],"author":[{"embeddable":true,"href":"http:\/\/hoycordobaweb.com\/index.php\/wp-json\/wp\/v2\/users\/1"}],"replies":[{"embeddable":true,"href":"http:\/\/hoycordobaweb.com\/index.php\/wp-json\/wp\/v2\/comments?post=15146"}],"version-history":[{"count":0,"href":"http:\/\/hoycordobaweb.com\/index.php\/wp-json\/wp\/v2\/posts\/15146\/revisions"}],"wp:featuredmedia":[{"embeddable":true,"href":"http:\/\/hoycordobaweb.com\/index.php\/wp-json\/wp\/v2\/media\/15147"}],"wp:attachment":[{"href":"http:\/\/hoycordobaweb.com\/index.php\/wp-json\/wp\/v2\/media?parent=15146"}],"wp:term":[{"taxonomy":"category","embeddable":true,"href":"http:\/\/hoycordobaweb.com\/index.php\/wp-json\/wp\/v2\/categories?post=15146"},{"taxonomy":"post_tag","embeddable":true,"href":"http:\/\/hoycordobaweb.com\/index.php\/wp-json\/wp\/v2\/tags?post=15146"}],"curies":[{"name":"wp","href":"https:\/\/api.w.org\/{rel}","templated":true}]}}