{"id":15127,"date":"2021-03-15T17:57:00","date_gmt":"2021-03-15T17:57:00","guid":{"rendered":"http:\/\/hoycordobaweb.com\/index.php\/2021\/03\/15\/cardona-tiene-una-lesion-muscular-y-tendra-por-lo-menos-15-dias-de-recuperacion\/"},"modified":"2021-03-15T17:57:00","modified_gmt":"2021-03-15T17:57:00","slug":"cardona-tiene-una-lesion-muscular-y-tendra-por-lo-menos-15-dias-de-recuperacion","status":"publish","type":"post","link":"http:\/\/hoycordobaweb.com\/index.php\/2021\/03\/15\/cardona-tiene-una-lesion-muscular-y-tendra-por-lo-menos-15-dias-de-recuperacion\/","title":{"rendered":"Cardona tiene una lesi\u00f3n muscular y tendr\u00e1 por lo menos 15 d\u00edas de recuperaci\u00f3n"},"content":{"rendered":"<p><img src=\"http:\/\/hoycordobaweb.com\/wp-content\/uploads\/2021\/03\/cardona-tiene-una-lesion-muscular-y-tendra-por-lo-menos-15-dias-de-recuperacion.jpg\"><\/p>\n<div class=\"image\" id=\"image\" readability=\"8\"> <img src=\"http:\/\/hoycordobaweb.com\/wp-content\/uploads\/2021\/03\/cardona-tiene-una-lesion-muscular-y-tendra-por-lo-menos-15-dias-de-recuperacion-2.jpg\" alt=\"Cardona no pudo jugar ante River, en el empate 1 a 1 en la Bombonera\" title=\"Cardona no pudo jugar ante River, en el empate 1 a 1 en la Bombonera\"><\/p>\n<p>Cardona no pudo jugar ante River, en el empate 1 a 1 en la Bombonera<\/p>\n<\/div>\n<p>Edwin Cardona, volante y figura de Boca Juniors, tiene una lesi\u00f3n muscular grado dos en el recto anterior de la pierna izquierda, seg\u00fan el parte m\u00e9dico oficial del club, por el cual estar\u00e1 inactivo por lo menos 15 d\u00edas.<\/p>\n<p>De esta manera, el futbolista colombiano se perder\u00eda los partidos ante Talleres de local e Independiente de visitante, por la Copa de la Liga Profesional.<\/p>\n<p>Tampoco estar\u00eda en el encuentro (a confirmar) ante Defensores de Belgrano por la Copa Argentina, el 24 de marzo. Su posible vuelta ser\u00eda ante Defensa y Justicia de local, a comienzos de abril.<\/p>\n<p>Cardona no pudo jugar el domingo ante River, en el empate 1 a 1 en la Bombonera, y su presencia fue una inc\u00f3gnita hasta horas antes de disputarse el supercl\u00e1sico.<\/p>\n<p><strong>El mediocampista sali\u00f3 en la pr\u00e1ctica de f\u00fatbol del jueves pasado con un dolor muscular y aunque el entrenador Miguel Russo dispuso convocarlo en la lista de concentrados, finalmente no estuvo en el banco de los suplentes ante River.<\/strong><\/p>\n<p>Cardona, quien volvi\u00f3 a Boca en agosto del a\u00f1o pasado, estaba en su mejor momento futbol\u00edstico y es idea de la secretar\u00eda de f\u00fatbol \u00abxeneize\u00bb comprar su pase a fin de a\u00f1o, cuando finalice su pr\u00e9stamo del Xolos de Tijuana.<\/p>\n<p>Edwin Cardona, en su segunda etapa en Boca, jug\u00f3 26 partidos, convirti\u00f3 6 goles y estuvo en el plantel que conquist\u00f3 la Copa Diego Maradona a principios de a\u00f1o.<\/p>\n","protected":false},"excerpt":{"rendered":"<p>Cardona no pudo jugar ante River, en el empate 1 a 1 en la Bombonera Edwin Cardona, volante y figura de Boca Juniors, tiene una lesi\u00f3n muscular grado dos en el recto anterior de la pierna izquierda, seg\u00fan el parte m\u00e9dico oficial del club, por el cual estar\u00e1 inactivo por lo menos 15 d\u00edas. De [&hellip;]<\/p>\n","protected":false},"author":1,"featured_media":15128,"comment_status":"open","ping_status":"closed","sticky":false,"template":"","format":"standard","meta":[],"categories":[16],"tags":[],"_links":{"self":[{"href":"http:\/\/hoycordobaweb.com\/index.php\/wp-json\/wp\/v2\/posts\/15127"}],"collection":[{"href":"http:\/\/hoycordobaweb.com\/index.php\/wp-json\/wp\/v2\/posts"}],"about":[{"href":"http:\/\/hoycordobaweb.com\/index.php\/wp-json\/wp\/v2\/types\/post"}],"author":[{"embeddable":true,"href":"http:\/\/hoycordobaweb.com\/index.php\/wp-json\/wp\/v2\/users\/1"}],"replies":[{"embeddable":true,"href":"http:\/\/hoycordobaweb.com\/index.php\/wp-json\/wp\/v2\/comments?post=15127"}],"version-history":[{"count":0,"href":"http:\/\/hoycordobaweb.com\/index.php\/wp-json\/wp\/v2\/posts\/15127\/revisions"}],"wp:featuredmedia":[{"embeddable":true,"href":"http:\/\/hoycordobaweb.com\/index.php\/wp-json\/wp\/v2\/media\/15128"}],"wp:attachment":[{"href":"http:\/\/hoycordobaweb.com\/index.php\/wp-json\/wp\/v2\/media?parent=15127"}],"wp:term":[{"taxonomy":"category","embeddable":true,"href":"http:\/\/hoycordobaweb.com\/index.php\/wp-json\/wp\/v2\/categories?post=15127"},{"taxonomy":"post_tag","embeddable":true,"href":"http:\/\/hoycordobaweb.com\/index.php\/wp-json\/wp\/v2\/tags?post=15127"}],"curies":[{"name":"wp","href":"https:\/\/api.w.org\/{rel}","templated":true}]}}