{"id":15066,"date":"2021-03-15T00:03:13","date_gmt":"2021-03-15T00:03:13","guid":{"rendered":"https:\/\/www.ole.com.ar\/futbol-ascenso\/comu-flandria-canario-cartero-b-metro_0_VsLmtwEe2.html"},"modified":"2021-03-15T00:03:13","modified_gmt":"2021-03-15T00:03:13","slug":"comu-le-corto-el-vuelo","status":"publish","type":"post","link":"http:\/\/hoycordobaweb.com\/index.php\/2021\/03\/15\/comu-le-corto-el-vuelo\/","title":{"rendered":"Comu le cort\u00f3 el vuelo"},"content":{"rendered":"<p><img src=\"http:\/\/hoycordobaweb.com\/wp-content\/uploads\/2021\/03\/comu-le-corto-el-vuelo.jpg\"><\/p>\n<div><img src=\"http:\/\/hoycordobaweb.com\/wp-content\/uploads\/2021\/03\/comu-le-corto-el-vuelo.jpg\" class=\"ff-og-image-inserted\"><\/div>\n<p>Ganar, empezar a engrosar una racha positiva y quedar como \u00fanico puntero de la Primera B. Ese era el objetivo de Flandria, que en J\u00e1uregui recib\u00eda al siempre complejo Comunicaciones. Meta que estuvo a punto de lograr. Pero el Cartero reaccion\u00f3 a tiempo, consigui\u00f3 la igualdad y le cort\u00f3 las alas. Un punto para cada uno y a otra cosa.<\/p>\n<p>El reloj marcaba 34 minutos del PT y el Canario cant\u00f3 el primero. Joaqu\u00edn Ib\u00e1\u00f1ez tir\u00f3 un centro frontal, de esos simples para los arqueros, pero De B\u00f3rtoli sali\u00f3 mal, Franco Tisera lo anticip\u00f3 y los due\u00f1os de casa comenzaban a ilusionar con con ser \u00fanicos l\u00edderes. Sin embargo, el equipo de Andr\u00e9s Montenegro no hizo los m\u00e9ritos suficientes para aguantarlo y lo pag\u00f3 caro&#8230;<\/p>\n<div class=\"sp__Normal htmlLibre\">\n<p><iframe width=\"200\" height=\"113\" src=\"\/\/www.youtube.com\/embed\/LGnnKk0q2dc?feature=oembed\" frameborder=\"0\" allow=\"accelerometer; autoplay; clipboard-write; encrypted-media; gyroscope; picture-in-picture\" allowfullscreen>[embedded content]<\/iframe><\/p>\n<\/div>\n<p>El centro de Diego Nakache, que hab\u00eda arrancado en el banco, fue excelente para la aparici\u00f3n de la punta del bot\u00edn derecho del Colo Acosta. As\u00ed, Comu lleg\u00f3 a la igualdad y se llev\u00f3 un punto merecido como visitante en el debut. Claro, los del Flaco Vivaldo estaban jugando su primer encuentro en el torneo por haberse postergado el de la primera fecha contra Deportivo Merlo.<\/p>\n<div class=\"sp__Normal htmlLibre\">\n<p><iframe width=\"200\" height=\"113\" src=\"\/\/www.youtube.com\/embed\/Mkx2bDcNSEY?feature=oembed\" frameborder=\"0\" allow=\"accelerometer; autoplay; clipboard-write; encrypted-media; gyroscope; picture-in-picture\" allowfullscreen>[embedded content]<\/iframe><\/p>\n<\/div>\n<p>El pr\u00f3ximo partido del Canario ser\u00e1 ante UAI Urquiza. All\u00ed, los de J\u00e1uregui buscar\u00e1n remontar vuelo para mirar a todos desde arriba..<\/p>\n<div class=\"entry-tags\">\n<h2>TEMAS QUE APARECEN EN ESTA NOTA<\/h2>\n<\/p><\/div>\n","protected":false},"excerpt":{"rendered":"<p>Ganar, empezar a engrosar una racha positiva y quedar como \u00fanico puntero de la Primera B. Ese era el objetivo de Flandria, que en J\u00e1uregui recib\u00eda al siempre complejo Comunicaciones. Meta que estuvo a punto de lograr. Pero el Cartero reaccion\u00f3 a tiempo, consigui\u00f3 la igualdad y le cort\u00f3 las alas. Un punto para cada [&hellip;]<\/p>\n","protected":false},"author":1,"featured_media":15067,"comment_status":"open","ping_status":"closed","sticky":false,"template":"","format":"standard","meta":[],"categories":[16],"tags":[],"_links":{"self":[{"href":"http:\/\/hoycordobaweb.com\/index.php\/wp-json\/wp\/v2\/posts\/15066"}],"collection":[{"href":"http:\/\/hoycordobaweb.com\/index.php\/wp-json\/wp\/v2\/posts"}],"about":[{"href":"http:\/\/hoycordobaweb.com\/index.php\/wp-json\/wp\/v2\/types\/post"}],"author":[{"embeddable":true,"href":"http:\/\/hoycordobaweb.com\/index.php\/wp-json\/wp\/v2\/users\/1"}],"replies":[{"embeddable":true,"href":"http:\/\/hoycordobaweb.com\/index.php\/wp-json\/wp\/v2\/comments?post=15066"}],"version-history":[{"count":0,"href":"http:\/\/hoycordobaweb.com\/index.php\/wp-json\/wp\/v2\/posts\/15066\/revisions"}],"wp:featuredmedia":[{"embeddable":true,"href":"http:\/\/hoycordobaweb.com\/index.php\/wp-json\/wp\/v2\/media\/15067"}],"wp:attachment":[{"href":"http:\/\/hoycordobaweb.com\/index.php\/wp-json\/wp\/v2\/media?parent=15066"}],"wp:term":[{"taxonomy":"category","embeddable":true,"href":"http:\/\/hoycordobaweb.com\/index.php\/wp-json\/wp\/v2\/categories?post=15066"},{"taxonomy":"post_tag","embeddable":true,"href":"http:\/\/hoycordobaweb.com\/index.php\/wp-json\/wp\/v2\/tags?post=15066"}],"curies":[{"name":"wp","href":"https:\/\/api.w.org\/{rel}","templated":true}]}}