{"id":14964,"date":"2021-03-12T23:43:00","date_gmt":"2021-03-12T23:43:00","guid":{"rendered":"https:\/\/fm-comunicar.com.ar\/contenido\/17212\/nuevo-brote-en-geriatrico-de-jesus-maria-hay-12-casos-confirmados"},"modified":"2021-03-12T23:43:00","modified_gmt":"2021-03-12T23:43:00","slug":"nuevo-brote-en-geriatrico-de-jesus-maria-hay-12-casos-confirmados","status":"publish","type":"post","link":"http:\/\/hoycordobaweb.com\/index.php\/2021\/03\/12\/nuevo-brote-en-geriatrico-de-jesus-maria-hay-12-casos-confirmados\/","title":{"rendered":"Nuevo brote en geri\u00e1trico de Jes\u00fas Mar\u00eda: hay 12 casos confirmados"},"content":{"rendered":"<p>El municipio activ\u00f3 el protocolo en una residencia privada de la ciudad. Los contagios corresponden a diez adultos mayores -dos de ellos est\u00e1n internados- y dos trabajadores de la instituci\u00f3n.<img src=\"http:\/\/hoycordobaweb.com\/wp-content\/uploads\/2021\/03\/nuevo-brote-en-geriatrico-de-jesus-maria-hay-12-casos-confirmados.jpg\"><\/p>\n","protected":false},"excerpt":{"rendered":"<p>El municipio activ\u00f3 el protocolo en una residencia privada de la ciudad. Los contagios corresponden a diez adultos mayores -dos de ellos est\u00e1n internados- y dos trabajadores de la instituci\u00f3n.<\/p>\n","protected":false},"author":1,"featured_media":14965,"comment_status":"closed","ping_status":"closed","sticky":false,"template":"","format":"standard","meta":[],"categories":[18],"tags":[],"_links":{"self":[{"href":"http:\/\/hoycordobaweb.com\/index.php\/wp-json\/wp\/v2\/posts\/14964"}],"collection":[{"href":"http:\/\/hoycordobaweb.com\/index.php\/wp-json\/wp\/v2\/posts"}],"about":[{"href":"http:\/\/hoycordobaweb.com\/index.php\/wp-json\/wp\/v2\/types\/post"}],"author":[{"embeddable":true,"href":"http:\/\/hoycordobaweb.com\/index.php\/wp-json\/wp\/v2\/users\/1"}],"replies":[{"embeddable":true,"href":"http:\/\/hoycordobaweb.com\/index.php\/wp-json\/wp\/v2\/comments?post=14964"}],"version-history":[{"count":0,"href":"http:\/\/hoycordobaweb.com\/index.php\/wp-json\/wp\/v2\/posts\/14964\/revisions"}],"wp:featuredmedia":[{"embeddable":true,"href":"http:\/\/hoycordobaweb.com\/index.php\/wp-json\/wp\/v2\/media\/14965"}],"wp:attachment":[{"href":"http:\/\/hoycordobaweb.com\/index.php\/wp-json\/wp\/v2\/media?parent=14964"}],"wp:term":[{"taxonomy":"category","embeddable":true,"href":"http:\/\/hoycordobaweb.com\/index.php\/wp-json\/wp\/v2\/categories?post=14964"},{"taxonomy":"post_tag","embeddable":true,"href":"http:\/\/hoycordobaweb.com\/index.php\/wp-json\/wp\/v2\/tags?post=14964"}],"curies":[{"name":"wp","href":"https:\/\/api.w.org\/{rel}","templated":true}]}}