{"id":14941,"date":"2021-03-12T23:40:00","date_gmt":"2021-03-12T23:40:00","guid":{"rendered":"http:\/\/hoycordobaweb.com\/index.php\/2021\/03\/12\/el-presidente-sobrevolara-las-zonas-afectadas-por-incendios-forestales\/"},"modified":"2021-03-12T23:40:00","modified_gmt":"2021-03-12T23:40:00","slug":"el-presidente-sobrevolara-las-zonas-afectadas-por-incendios-forestales","status":"publish","type":"post","link":"http:\/\/hoycordobaweb.com\/index.php\/2021\/03\/12\/el-presidente-sobrevolara-las-zonas-afectadas-por-incendios-forestales\/","title":{"rendered":"El Presidente sobrevolar\u00e1 las zonas afectadas por incendios forestales"},"content":{"rendered":"<p><img src=\"http:\/\/hoycordobaweb.com\/wp-content\/uploads\/2021\/03\/el-presidente-sobrevolara-las-zonas-afectadas-por-incendios-forestales.jpg\"><\/p>\n<div class=\"image\" id=\"image\" readability=\"7\"> <img src=\"http:\/\/hoycordobaweb.com\/wp-content\/uploads\/2021\/03\/el-presidente-sobrevolara-las-zonas-afectadas-por-incendios-forestales-2.jpg\" alt=\"El Presidente viajar\u00e1 a Lago Puelo y luego sobrevolar\u00e1 la zona afectada por los incendios.\" title=\"El Presidente viajar\u00e1 a Lago Puelo y luego sobrevolar\u00e1 la zona afectada por los incendios.\"><\/p>\n<p>El Presidente viajar\u00e1 a Lago Puelo y luego sobrevolar\u00e1 la zona afectada por los incendios.<\/p>\n<\/div>\n<p>El presidente Alberto Fern\u00e1ndez viajar\u00e1 ma\u00f1ana a la Patagonia para sobrevolar las zonas afectadas por los incendios forestales en la comarca andina, informaron hoy fuentes oficiales.<\/p>\n<p>El mandatario viajar\u00e1 a Lago Puelo y luego sobrevolar\u00e1 la zona afectada para tomar en forma directa conocimiento de la situaci\u00f3n, tras el desastre ocasionado por los incendios forestales en R\u00edo Negro y Chubut.<\/p>\n<p>Un poblador rural hallado muerto y otras tres personas heridas con quemaduras graves es el resultado provisional al d\u00eda de hoy del incendio de bosques en la comarca andina de la Patagonia, mientras el Ministerio P\u00fablico Fiscal (MPF) recog\u00eda m\u00e1s testimonios para orientar la investigaci\u00f3n sobre el origen del siniestro que produjo da\u00f1os en m\u00e1s de 200 viviendas que, en su mayor\u00eda, quedaron reducidas a cenizas. <\/p>\n","protected":false},"excerpt":{"rendered":"<p>El Presidente viajar\u00e1 a Lago Puelo y luego sobrevolar\u00e1 la zona afectada por los incendios. El presidente Alberto Fern\u00e1ndez viajar\u00e1 ma\u00f1ana a la Patagonia para sobrevolar las zonas afectadas por los incendios forestales en la comarca andina, informaron hoy fuentes oficiales. El mandatario viajar\u00e1 a Lago Puelo y luego sobrevolar\u00e1 la zona afectada para tomar [&hellip;]<\/p>\n","protected":false},"author":1,"featured_media":14942,"comment_status":"open","ping_status":"closed","sticky":false,"template":"","format":"standard","meta":[],"categories":[19],"tags":[],"_links":{"self":[{"href":"http:\/\/hoycordobaweb.com\/index.php\/wp-json\/wp\/v2\/posts\/14941"}],"collection":[{"href":"http:\/\/hoycordobaweb.com\/index.php\/wp-json\/wp\/v2\/posts"}],"about":[{"href":"http:\/\/hoycordobaweb.com\/index.php\/wp-json\/wp\/v2\/types\/post"}],"author":[{"embeddable":true,"href":"http:\/\/hoycordobaweb.com\/index.php\/wp-json\/wp\/v2\/users\/1"}],"replies":[{"embeddable":true,"href":"http:\/\/hoycordobaweb.com\/index.php\/wp-json\/wp\/v2\/comments?post=14941"}],"version-history":[{"count":0,"href":"http:\/\/hoycordobaweb.com\/index.php\/wp-json\/wp\/v2\/posts\/14941\/revisions"}],"wp:featuredmedia":[{"embeddable":true,"href":"http:\/\/hoycordobaweb.com\/index.php\/wp-json\/wp\/v2\/media\/14942"}],"wp:attachment":[{"href":"http:\/\/hoycordobaweb.com\/index.php\/wp-json\/wp\/v2\/media?parent=14941"}],"wp:term":[{"taxonomy":"category","embeddable":true,"href":"http:\/\/hoycordobaweb.com\/index.php\/wp-json\/wp\/v2\/categories?post=14941"},{"taxonomy":"post_tag","embeddable":true,"href":"http:\/\/hoycordobaweb.com\/index.php\/wp-json\/wp\/v2\/tags?post=14941"}],"curies":[{"name":"wp","href":"https:\/\/api.w.org\/{rel}","templated":true}]}}