{"id":14789,"date":"2021-03-10T23:51:00","date_gmt":"2021-03-10T23:51:00","guid":{"rendered":"https:\/\/fm-comunicar.com.ar\/contenido\/17189\/en-abril-comienza-la-formacion-en-generos-de-la-universidad-popular"},"modified":"2021-03-10T23:51:00","modified_gmt":"2021-03-10T23:51:00","slug":"en-abril-comienza-la-formacion-en-generos-de-la-universidad-popular","status":"publish","type":"post","link":"http:\/\/hoycordobaweb.com\/index.php\/2021\/03\/10\/en-abril-comienza-la-formacion-en-generos-de-la-universidad-popular\/","title":{"rendered":"En abril comienza la Formaci\u00f3n en G\u00e9neros de la Universidad Popular"},"content":{"rendered":"<p>Se dictar\u00e1 cada quince d\u00edas con encuentros virtuales y presenciales. El taller es gratuito y con cupos limitados. Las inscripciones est\u00e1n abiertas hasta el 29 de marzo.<img src=\"http:\/\/hoycordobaweb.com\/wp-content\/uploads\/2021\/03\/en-abril-comienza-la-formacion-en-generos-de-la-universidad-popular.jpg\"><\/p>\n","protected":false},"excerpt":{"rendered":"<p>Se dictar\u00e1 cada quince d\u00edas con encuentros virtuales y presenciales. El taller es gratuito y con cupos limitados. Las inscripciones est\u00e1n abiertas hasta el 29 de marzo.<\/p>\n","protected":false},"author":1,"featured_media":14790,"comment_status":"closed","ping_status":"closed","sticky":false,"template":"","format":"standard","meta":[],"categories":[18],"tags":[],"_links":{"self":[{"href":"http:\/\/hoycordobaweb.com\/index.php\/wp-json\/wp\/v2\/posts\/14789"}],"collection":[{"href":"http:\/\/hoycordobaweb.com\/index.php\/wp-json\/wp\/v2\/posts"}],"about":[{"href":"http:\/\/hoycordobaweb.com\/index.php\/wp-json\/wp\/v2\/types\/post"}],"author":[{"embeddable":true,"href":"http:\/\/hoycordobaweb.com\/index.php\/wp-json\/wp\/v2\/users\/1"}],"replies":[{"embeddable":true,"href":"http:\/\/hoycordobaweb.com\/index.php\/wp-json\/wp\/v2\/comments?post=14789"}],"version-history":[{"count":0,"href":"http:\/\/hoycordobaweb.com\/index.php\/wp-json\/wp\/v2\/posts\/14789\/revisions"}],"wp:featuredmedia":[{"embeddable":true,"href":"http:\/\/hoycordobaweb.com\/index.php\/wp-json\/wp\/v2\/media\/14790"}],"wp:attachment":[{"href":"http:\/\/hoycordobaweb.com\/index.php\/wp-json\/wp\/v2\/media?parent=14789"}],"wp:term":[{"taxonomy":"category","embeddable":true,"href":"http:\/\/hoycordobaweb.com\/index.php\/wp-json\/wp\/v2\/categories?post=14789"},{"taxonomy":"post_tag","embeddable":true,"href":"http:\/\/hoycordobaweb.com\/index.php\/wp-json\/wp\/v2\/tags?post=14789"}],"curies":[{"name":"wp","href":"https:\/\/api.w.org\/{rel}","templated":true}]}}