{"id":14709,"date":"2021-03-08T21:51:10","date_gmt":"2021-03-08T21:51:10","guid":{"rendered":"http:\/\/ladecimaweb.com\/?p=8680"},"modified":"2021-03-08T21:51:10","modified_gmt":"2021-03-08T21:51:10","slug":"marchan-las-mujeres-en-todo-el-pais-contra-la-violencia-machista-y-los-femicidios","status":"publish","type":"post","link":"http:\/\/hoycordobaweb.com\/index.php\/2021\/03\/08\/marchan-las-mujeres-en-todo-el-pais-contra-la-violencia-machista-y-los-femicidios\/","title":{"rendered":"Marchan las mujeres en todo el pa\u00eds contra la violencia machista y los femicidios"},"content":{"rendered":"<p><em>(Con informaci\u00f3n de medios porte\u00f1os y locales)<\/em> El d\u00eda de la Mujer arranc\u00f3 con un \u201cParo Internacional Feminista Productivo y Reproductivo\u201d, una iniciativa que recorre el mundo con la idea de ausentarse de las tareas cotidianas durante toda la jornada para visibilizar, entre otras cosas, el trabajo no pago que recae mayormente en las mujeres.<\/p>\n<p>Despu\u00e9s, en el marco del \u201cD\u00eda Internacional de las Mujeres Trabajadoras\u201d, una multitud march\u00f3 desde las 17 horas por Avenida de Mayo y 9 de Julio hacia el Congreso de la Naci\u00f3n con varias consignas como bandera. La principal: \u201cTrabajadoras somos todas. Vivas, libres y desendeudadas nos queremos\u201d.<\/p>\n<p>En C\u00f3rdoba capital la marcha la encabezan la Asamblea NiUnaMenos, quienes convocaron a concentrarse en la esquina de Col\u00f3n y Ca\u00f1ada hasta el Patio Olmos. Y otras organizaciones nucleadas en Alerta Feminista, que concentran desde Plaza Col\u00f3n con destino al edificio de Tribunales I.<\/p>\n<p>\u201cSeguimos sosteniendo el paro como herramienta feminista, como propulsor de aquello que venimos imaginando en la calle y en las asambleas, en los trabajos, en las casas y en las camas. En las escuelas, en los hospitales y barrios\u201d, explicaron desde el colectivo\u00a0Ni Una Menos\u00a0a trav\u00e9s de un comunicado en el que convocaron al paro y la movilizaci\u00f3n para hacerle \u201cfrente a la violencia patriarcal y encrudecida\u201d.<\/p>\n<p><strong>En lo que va de 2021<\/strong>, seg\u00fan las estad\u00edsticas de la ONG\u00a0La Casa del Encuentro,\u00a0se cometieron un total de <strong>50 femicidios<\/strong> <strong>(8 en C\u00f3rdoba)<\/strong> y 1 transfemicidio en Argentina. Esta cifra significa que <strong>una mujer es asesinada cada 30 horas.<\/strong> Como consecuencia de ello, entre el 1 de enero y el 28 de febrero de este a\u00f1o, 62 ni\u00f1os y adolescentes quedaron sin madre. Durante el aislamiento muchas mujeres debieron realizar la cuarentena con sus maltratadores. Las alertas se activaron y los poderes del Estado debieron adecuar las medidas de acompa\u00f1amiento. De acuerdo a datos del Ministerio de Mujeres, G\u00e9neros y Diversidad, los llamados a la l\u00ednea 144 durante 2020 aumentaron un 21,4 por ciento promedio respecto al 2019.<\/p>\n<p>A pura danza, con distancia social y tapabocas, una multitud march\u00f3 por avenida de Mayo hacia el Congreso de la Naci\u00f3n con varias consignas como bandera<\/p>\n<p>\u201cEste 8 de marzo volvemos a salir a las calles por la agenda de los reclamos del movimiento de mujeres y personas LGBTT.\u00a0En el centro de los problemas urgentes est\u00e1 el drama de los femicidios y los trans travesticidios, que siguen en aumento. Pero, adem\u00e1s, esta realidad genera a\u00fan mayor indignaci\u00f3n porque estos casos son claramente evitables, como en el femicidio de\u00a0<a href=\"https:\/\/www.infobae.com\/sociedad\/policiales\/2021\/02\/11\/el-dolor-de-su-familia-el-desconsuelo-de-los-mas-jovenes-y-el-pedido-de-todo-un-pueblo-asi-fue-la-despedida-de-ursula-barhillo\/\">\u00darsula Bahillo<\/a>, quien hab\u00eda denunciado 18 veces a su femicida, un polic\u00eda que fue protegido por la misma fuerza. Es\u00a0responsabilidad del Estado y vemos que el gobierno de Fern\u00e1ndez no est\u00e1 tomando medidas reales para erradicar la violencia de g\u00e9nero\u201d, sostuvo Manuela Casta\u00f1eira, dirigente del Nuevo MAS y la agrupaci\u00f3n feminista y socialista Las Rojas.<\/p>\n<p><strong>Acto en la Rosada<\/strong><\/p>\n<p>El presidente Alberto Fern\u00e1ndez y los gobernadores suscribieron en la ma\u00f1ana de hoy en la Casa Rosada el acta compromiso <strong>&#8220;Acuerdo Federal para una Argentina Unida contra la violencia de g\u00e9nero&#8221;<\/strong>, durante un acto en el Museo del Bicentenario de Casa de Gobierno.<\/p>\n<p>En el documento, gobernadores, gorbernadoras y el jefe de gobierno de la Ciudad se comprometieron a &#8220;integrar el Consejo Federal para la prevenci\u00f3n y el abordaje de femicidios, travesticidios y transfemicidios; a adherir al Sistema \u00danico de Registro de denuncias por violencia de g\u00e9nero (URGE) y al Sistema Integrado de casos de violencia por motivos de g\u00e9nero (SICVG), y a jerarquizar y fortalecer las \u00e1reas de g\u00e9nero provinciales y municipales&#8221;.<\/p>\n<p>Fern\u00e1ndez, expres\u00f3 su deseo de que &#8220;este d\u00eda (por el Internacional de la Mujer) sea un d\u00eda de respuestas&#8221; y pidi\u00f3 que, &#8220;del mismo modo que construimos memoria, verdad y justicia para los genocidas&#8221; lo hagamos para <strong>&#8220;poner fin a la desigualdad en cuesti\u00f3n de g\u00e9nero&#8221;<\/strong> y a &#8220;los femicidios y la violencia contra la mujer&#8221; con &#8220;pol\u00edticas de Estado&#8221; que trasciendan los Gobiernos.<\/p>\n<p>&nbsp;<\/p>\n<div class=\"ubm_banner\"><a href=\"https:\/\/www.cba.gov.ar\/programa-provincial-de-entrega-de-computadoras\/\" target=\"_blank\" rel=\"dofollow noopener noreferrer\"><img src=\"http:\/\/hoycordobaweb.com\/wp-content\/uploads\/2021\/03\/marchan-las-mujeres-en-todo-el-pais-contra-la-violencia-machista-y-los-femicidios.gif\" alt=\"\"><\/a><\/div>\n<p>La entrada <a rel=\"nofollow\" href=\"https:\/\/ladecimaweb.com\/marchan-las-mujeres-en-todo-el-pais-contra-la-violencia-machista-y-los-femicidios\/\">Marchan las mujeres en todo el pa\u00eds contra la violencia machista y los femicidios<\/a> se public\u00f3 primero en <a rel=\"nofollow\" href=\"https:\/\/ladecimaweb.com\">LaDecima<\/a>.<\/p>\n","protected":false},"excerpt":{"rendered":"<p>(Con informaci\u00f3n de medios porte\u00f1os y locales) El d\u00eda de la Mujer arranc\u00f3 con un \u201cParo Internacional Feminista Productivo y Reproductivo\u201d, una iniciativa que recorre el mundo con la idea de ausentarse de las tareas cotidianas durante toda la jornada para visibilizar, entre otras cosas, el trabajo no pago que recae mayormente en las mujeres. [&hellip;]<\/p>\n","protected":false},"author":1,"featured_media":14710,"comment_status":"closed","ping_status":"closed","sticky":false,"template":"","format":"standard","meta":[],"categories":[19],"tags":[],"_links":{"self":[{"href":"http:\/\/hoycordobaweb.com\/index.php\/wp-json\/wp\/v2\/posts\/14709"}],"collection":[{"href":"http:\/\/hoycordobaweb.com\/index.php\/wp-json\/wp\/v2\/posts"}],"about":[{"href":"http:\/\/hoycordobaweb.com\/index.php\/wp-json\/wp\/v2\/types\/post"}],"author":[{"embeddable":true,"href":"http:\/\/hoycordobaweb.com\/index.php\/wp-json\/wp\/v2\/users\/1"}],"replies":[{"embeddable":true,"href":"http:\/\/hoycordobaweb.com\/index.php\/wp-json\/wp\/v2\/comments?post=14709"}],"version-history":[{"count":0,"href":"http:\/\/hoycordobaweb.com\/index.php\/wp-json\/wp\/v2\/posts\/14709\/revisions"}],"wp:featuredmedia":[{"embeddable":true,"href":"http:\/\/hoycordobaweb.com\/index.php\/wp-json\/wp\/v2\/media\/14710"}],"wp:attachment":[{"href":"http:\/\/hoycordobaweb.com\/index.php\/wp-json\/wp\/v2\/media?parent=14709"}],"wp:term":[{"taxonomy":"category","embeddable":true,"href":"http:\/\/hoycordobaweb.com\/index.php\/wp-json\/wp\/v2\/categories?post=14709"},{"taxonomy":"post_tag","embeddable":true,"href":"http:\/\/hoycordobaweb.com\/index.php\/wp-json\/wp\/v2\/tags?post=14709"}],"curies":[{"name":"wp","href":"https:\/\/api.w.org\/{rel}","templated":true}]}}