{"id":14677,"date":"2021-03-09T23:03:00","date_gmt":"2021-03-09T23:03:00","guid":{"rendered":"http:\/\/hoycordobaweb.com\/index.php\/2021\/03\/09\/marcharon-al-obelisco-por-un-hombre-desaparecido-desde-enero-en-san-martin\/"},"modified":"2021-03-09T23:03:00","modified_gmt":"2021-03-09T23:03:00","slug":"marcharon-al-obelisco-por-un-hombre-desaparecido-desde-enero-en-san-martin","status":"publish","type":"post","link":"http:\/\/hoycordobaweb.com\/index.php\/2021\/03\/09\/marcharon-al-obelisco-por-un-hombre-desaparecido-desde-enero-en-san-martin\/","title":{"rendered":"Marcharon al Obelisco por un hombre desaparecido desde enero en San Mart\u00edn"},"content":{"rendered":"<p><img src=\"http:\/\/hoycordobaweb.com\/wp-content\/uploads\/2021\/03\/marcharon-al-obelisco-por-un-hombre-desaparecido-desde-enero-en-san-martin.jpg\"> &nbsp; <\/p>\n<div class=\"image\" id=\"image\" readability=\"7\"> <img src=\"http:\/\/hoycordobaweb.com\/wp-content\/uploads\/2021\/03\/marcharon-al-obelisco-por-un-hombre-desaparecido-desde-enero-en-san-martin-2.jpg\" alt=\"Familiares y conocidos de Hugo Esteban Pe\u00f1a marcharon al Obelisco por su pronta aparici\u00f3n.\" title=\"Familiares y conocidos de Hugo Esteban Pe\u00f1a marcharon al Obelisco por su pronta aparici\u00f3n.\"><\/p>\n<p>Familiares y conocidos de Hugo Esteban Pe\u00f1a marcharon al Obelisco por su pronta aparici\u00f3n.<\/p>\n<\/div>\n<p>Familiares y amigos de un hombre de 43 a\u00f1os que fue visto por \u00faltima vez el 20 de enero \u00faltimo en el partido bonaerense de San Mart\u00edn, marcharon al Obelisco porte\u00f1o para reclamar que haya avances en la b\u00fasqueda y que se investigue a un integrante de una fuerza de seguridad con el que ten\u00eda \u00abnegocios financieros\u00bb.<\/p>\n<p>La movilizaci\u00f3n comenz\u00f3 a las 17 en el centro de la Ciudad de Buenos Aires y los familiares y amigos de Hugo Esteban Pe\u00f1a reclamaron por su aparici\u00f3n.<\/p>\n<p>\u00abLo \u00fanico que queremos es que aparezca mi hermano como sea, porque no se puede vivir as\u00ed, queremos que lo busquen porque eso es lo que tienen que hacer\u00bb, dijo a T\u00e9lam Natalia, hermana del hombre.<\/p>\n<p>Unas 50 personas con tapabocas y remeras con la foto de Pe\u00f1a cortaron todos los carriles de la avenida 9 de Julio, mientras algunos tocaban cacerolas y otros exhib\u00edan carteles a los automovilistas y peatones.<\/p>\n<p><strong>Fuentes judiciales informaron que la investigaci\u00f3n comenz\u00f3 tras una denuncia radicada en la Unidad Funcional de Instrucci\u00f3n (UFI) 3 de San Mart\u00edn, a cargo del fiscal Carlos Insaurralde, por una \u00abaveriguaci\u00f3n de paradero\u00bb del hombre, quien el 20 de enero fue visto al llegar a su casa a bordo de su auto.<\/strong><\/p>\n<p>Pe\u00f1a vest\u00eda remera clara y bermuda de jean y su familia pidi\u00f3 que cualquier persona que pueda aportar alg\u00fan dato sobre su paradero llame al 4724-6047\/6048\/6042.<\/p>\n<p><strong>Natalia relat\u00f3 que ese d\u00eda, Pe\u00f1a almorz\u00f3 con el novio de ella y luego, alrededor de las 19, una c\u00e1mara de un vecino capt\u00f3 el momento en el que lleg\u00f3 a la casa ubicada en Boulogne Sur Mer 5647 entre Pasaje del Comercio e Industria.<\/strong><\/p>\n<p>\u00abAh\u00ed baja del auto y entr\u00f3 a su casa porque la imagen no llega a la puerta, lleg\u00f3 hasta donde estacion\u00f3 el auto\u00bb, a\u00f1adi\u00f3.<\/p>\n<p>&nbsp; <\/p>\n<div class=\"image\" id=\"image\" readability=\"7\"> <img src=\"http:\/\/hoycordobaweb.com\/wp-content\/uploads\/2021\/03\/marcharon-al-obelisco-por-un-hombre-desaparecido-desde-enero-en-san-martin-3.jpg\" alt=\"Marcha en el Obelisco para acelerar los tiempos de b\u00fasqueda del ejecutivo desaparecido.\" title=\"Marcha en el Obelisco para acelerar los tiempos de b\u00fasqueda del ejecutivo desaparecido.\"><\/p>\n<p>Marcha en el Obelisco para acelerar los tiempos de b\u00fasqueda del ejecutivo desaparecido.<\/p>\n<\/div>\n<p>Carolina agreg\u00f3 que el veh\u00edculo qued\u00f3 estacionado ah\u00ed y que la \u00ab\u00faltima conexi\u00f3n al WhatsApp fue el jueves 21 a las 8.15, a partir de ah\u00ed no le llegaron los mensajes ni llamados\u00bb.<\/p>\n<p>Ese d\u00eda, alrededor de las 8.40, una c\u00e1mara tom\u00f3 a Pe\u00f1a salir de su casa y ascender a un auto junto a un hombre de aproximadamente 1.80 de altura.<\/p>\n<p><strong>Luciana, expareja del hombre, dijo que \u00abse presume que subieron a un Peugeot 308 sin patente y la c\u00e1mara llega a tomarlo hasta que doblan por la calle Industria\u00bb.<\/strong><\/p>\n<p>Al respecto, la hermana se pregunt\u00f3: \u00ab\u00bfC\u00f3mo la Polic\u00eda no va a encontrar en dos meses un auto sin patente? y todav\u00eda tampoco encontr\u00f3 las c\u00e1maras en las que se ver\u00eda la cara de esa persona con la que se fue Hugo\u00bb.<\/p>\n<p>El hombre era ejecutivo de ventas de Sancor pero en diciembre arregl\u00f3 un retiro voluntario y actualmente trabajaba con su cu\u00f1ado.<\/p>\n<p>La familia de Pe\u00f1a tambi\u00e9n reclam\u00f3 a la fiscal\u00eda que investigue a un integrante de una fuerza de seguridad con la que Pe\u00f1a ten\u00eda \u00abnegocios financieros\u00bb y que todav\u00eda no fue citado a declarar en la causa.<\/p>\n<p>&nbsp; <\/p>\n<div class=\"image\" id=\"image\"> <img src=\"http:\/\/hoycordobaweb.com\/wp-content\/uploads\/2021\/03\/marcharon-al-obelisco-por-un-hombre-desaparecido-desde-enero-en-san-martin-4.jpg\" alt title><\/div>\n<p>\u00abHace cinco a\u00f1os esa persona le vendi\u00f3 la casa en la que vive mi hermano, alguna que otra vez me hab\u00eda mandado fotos con esta persona, y mi cu\u00f1ado despu\u00e9s de que pas\u00f3 todo esto fue amenazado de muerte por esta gente con la que ten\u00edan negocios con la mesa de dinero\u00bb, se\u00f1al\u00f3 Natalia, quien a\u00f1adi\u00f3: \u00abNo se qu\u00e9 est\u00e1n investigando, m\u00e1s bien est\u00e1n tapando\u00bb.<\/p>\n<p>Por \u00faltimo, fuentes de la investigaci\u00f3n dijeron que en la causa por \u00abaveriguaci\u00f3n de paradero\u00bb est\u00e1 abocado personal de la Polic\u00eda Federal Argentina (PFA), de la DDI y de la Jefatura Departamental San Mart\u00edn. <\/p>\n","protected":false},"excerpt":{"rendered":"<p>&nbsp; Familiares y conocidos de Hugo Esteban Pe\u00f1a marcharon al Obelisco por su pronta aparici\u00f3n. Familiares y amigos de un hombre de 43 a\u00f1os que fue visto por \u00faltima vez el 20 de enero \u00faltimo en el partido bonaerense de San Mart\u00edn, marcharon al Obelisco porte\u00f1o para reclamar que haya avances en la b\u00fasqueda y [&hellip;]<\/p>\n","protected":false},"author":1,"featured_media":14678,"comment_status":"open","ping_status":"closed","sticky":false,"template":"","format":"standard","meta":[],"categories":[19],"tags":[],"_links":{"self":[{"href":"http:\/\/hoycordobaweb.com\/index.php\/wp-json\/wp\/v2\/posts\/14677"}],"collection":[{"href":"http:\/\/hoycordobaweb.com\/index.php\/wp-json\/wp\/v2\/posts"}],"about":[{"href":"http:\/\/hoycordobaweb.com\/index.php\/wp-json\/wp\/v2\/types\/post"}],"author":[{"embeddable":true,"href":"http:\/\/hoycordobaweb.com\/index.php\/wp-json\/wp\/v2\/users\/1"}],"replies":[{"embeddable":true,"href":"http:\/\/hoycordobaweb.com\/index.php\/wp-json\/wp\/v2\/comments?post=14677"}],"version-history":[{"count":0,"href":"http:\/\/hoycordobaweb.com\/index.php\/wp-json\/wp\/v2\/posts\/14677\/revisions"}],"wp:featuredmedia":[{"embeddable":true,"href":"http:\/\/hoycordobaweb.com\/index.php\/wp-json\/wp\/v2\/media\/14678"}],"wp:attachment":[{"href":"http:\/\/hoycordobaweb.com\/index.php\/wp-json\/wp\/v2\/media?parent=14677"}],"wp:term":[{"taxonomy":"category","embeddable":true,"href":"http:\/\/hoycordobaweb.com\/index.php\/wp-json\/wp\/v2\/categories?post=14677"},{"taxonomy":"post_tag","embeddable":true,"href":"http:\/\/hoycordobaweb.com\/index.php\/wp-json\/wp\/v2\/tags?post=14677"}],"curies":[{"name":"wp","href":"https:\/\/api.w.org\/{rel}","templated":true}]}}