{"id":14675,"date":"2021-03-09T23:28:00","date_gmt":"2021-03-09T23:28:00","guid":{"rendered":"http:\/\/hoycordobaweb.com\/index.php\/2021\/03\/09\/legislatura-tucumana-de-pedro-expreso-preocupacion-por-la-ruptura-del-oficialismo\/"},"modified":"2021-03-09T23:28:00","modified_gmt":"2021-03-09T23:28:00","slug":"legislatura-tucumana-de-pedro-expreso-preocupacion-por-la-ruptura-del-oficialismo","status":"publish","type":"post","link":"http:\/\/hoycordobaweb.com\/index.php\/2021\/03\/09\/legislatura-tucumana-de-pedro-expreso-preocupacion-por-la-ruptura-del-oficialismo\/","title":{"rendered":"Legislatura tucumana: De Pedro expres\u00f3 preocupaci\u00f3n por la ruptura del oficialismo"},"content":{"rendered":"<p><img src=\"http:\/\/hoycordobaweb.com\/wp-content\/uploads\/2021\/03\/legislatura-tucumana-de-pedro-expreso-preocupacion-por-la-ruptura-del-oficialismo.jpg\"><\/p>\n<div class=\"image\" id=\"image\" readability=\"7\"> <img src=\"http:\/\/hoycordobaweb.com\/wp-content\/uploads\/2021\/03\/legislatura-tucumana-de-pedro-expreso-preocupacion-por-la-ruptura-del-oficialismo-2.jpg\" alt=\"El ministro del Interior mantuvo el lunes un encuentro con el gobernador Manzur.\" title=\"El ministro del Interior mantuvo el lunes un encuentro con el gobernador Manzur.\"><\/p>\n<p>El ministro del Interior mantuvo el lunes un encuentro con el gobernador Manzur.<\/p>\n<\/div>\n<p>El ministro del Interior, Eduardo de Pedro, expres\u00f3 su preocupaci\u00f3n por la ruptura del bloque peronista de la Legislatura tucumana, a ra\u00edz de las diferencias surgidas en el seno de esa bancada por la elecci\u00f3n de un nuevo Defensor del Pueblo.<\/p>\n<p>\u00abNo es momento de anteponer intereses personales, sino de atender los problemas de la gente\u00bb, dijo De Pedro en un comunicado, al referirse a la maniobra impulsada por el vicegobernador tucumano, Osvaldo Jaldo, quien con el apoyo de diputados del bussismo y sectores del macrismo impuso la elecci\u00f3n del nuevo Defensor provincial.<\/p>\n<p>El funcionario expres\u00f3 su preocupaci\u00f3n por el quiebre del bloque oficialista de la Legislatura tucumana, tras haber mantenido el lunes en la Casa Rosada un encuentro con el gobernador Juan Manzur, poco despu\u00e9s del acto encabezado por el presidente Alberto Fern\u00e1ndez por la firma del Acuerdo Federal para prevenir la Violencia de G\u00e9nero.<\/p>\n<p>Manzur hab\u00eda reconocido que \u00abhubo un quiebre\u00bb en el bloque peronista de la Legislatura provincial, tras diferencias que se plantearon con Jaldo por la elecci\u00f3n de un nuevo Defensor del Pueblo.<\/p>\n<p>\u00abAlgunos legisladores me manifestaron que no van a tolerar que colegas del propio bloque legislativo critiquen al gobernador\u00bb, por lo que decidieron formar otro espacio dentro del oficialismo denominado \u00abLealtad Peronista\u00bb, se\u00f1al\u00f3 Manzur en conferencia de prensa en Tucum\u00e1n.<\/p>\n<p>El espacio que responde al vicegobernador y presidente de la Legislatura continuar\u00e1 llam\u00e1ndose \u00abJusticialista de todos\u00bb.<\/p>\n<p>El mandatario provincial se refiri\u00f3 as\u00ed a las diferencias surgidas en la sesi\u00f3n legislativa, donde se eligi\u00f3 al nuevo Defensor del Pueblo en Tucum\u00e1n, Eduardo Cobos, un exlegislador que responde a Jaldo, para reemplazar a Fernando Juri Debo, hombre elegido por Manzur para seguir en el cargo.<\/p>\n<p>La elecci\u00f3n del ombudsman, adem\u00e1s de los votos de legisladores jaldistas, cont\u00f3 con el apoyo de los ediles opositores de la Uni\u00f3n C\u00edvica Radical y de Fuerza Rep\u00fablica, por lo que concluy\u00f3 con 27 avales, 11 abstenciones y 11 ausencias. <\/p>\n","protected":false},"excerpt":{"rendered":"<p>El ministro del Interior mantuvo el lunes un encuentro con el gobernador Manzur. El ministro del Interior, Eduardo de Pedro, expres\u00f3 su preocupaci\u00f3n por la ruptura del bloque peronista de la Legislatura tucumana, a ra\u00edz de las diferencias surgidas en el seno de esa bancada por la elecci\u00f3n de un nuevo Defensor del Pueblo. \u00abNo [&hellip;]<\/p>\n","protected":false},"author":1,"featured_media":14676,"comment_status":"open","ping_status":"closed","sticky":false,"template":"","format":"standard","meta":[],"categories":[19],"tags":[],"_links":{"self":[{"href":"http:\/\/hoycordobaweb.com\/index.php\/wp-json\/wp\/v2\/posts\/14675"}],"collection":[{"href":"http:\/\/hoycordobaweb.com\/index.php\/wp-json\/wp\/v2\/posts"}],"about":[{"href":"http:\/\/hoycordobaweb.com\/index.php\/wp-json\/wp\/v2\/types\/post"}],"author":[{"embeddable":true,"href":"http:\/\/hoycordobaweb.com\/index.php\/wp-json\/wp\/v2\/users\/1"}],"replies":[{"embeddable":true,"href":"http:\/\/hoycordobaweb.com\/index.php\/wp-json\/wp\/v2\/comments?post=14675"}],"version-history":[{"count":0,"href":"http:\/\/hoycordobaweb.com\/index.php\/wp-json\/wp\/v2\/posts\/14675\/revisions"}],"wp:featuredmedia":[{"embeddable":true,"href":"http:\/\/hoycordobaweb.com\/index.php\/wp-json\/wp\/v2\/media\/14676"}],"wp:attachment":[{"href":"http:\/\/hoycordobaweb.com\/index.php\/wp-json\/wp\/v2\/media?parent=14675"}],"wp:term":[{"taxonomy":"category","embeddable":true,"href":"http:\/\/hoycordobaweb.com\/index.php\/wp-json\/wp\/v2\/categories?post=14675"},{"taxonomy":"post_tag","embeddable":true,"href":"http:\/\/hoycordobaweb.com\/index.php\/wp-json\/wp\/v2\/tags?post=14675"}],"curies":[{"name":"wp","href":"https:\/\/api.w.org\/{rel}","templated":true}]}}