{"id":14480,"date":"2021-03-07T14:56:29","date_gmt":"2021-03-07T14:56:29","guid":{"rendered":"https:\/\/www.mujerhoy.com\/moda\/tendencias\/202103\/07\/conjunto-top-mini-falda-coral-zara-estiliza-piernas-adelgaza-primavera-verano-20210306131507.html"},"modified":"2021-03-07T14:56:29","modified_gmt":"2021-03-07T14:56:29","slug":"buscas-el-conjunto-estrella-de-la-temporada-zara-nos-propone-uno-en-color-coral-super-bonito-sexy-y-barato","status":"publish","type":"post","link":"http:\/\/hoycordobaweb.com\/index.php\/2021\/03\/07\/buscas-el-conjunto-estrella-de-la-temporada-zara-nos-propone-uno-en-color-coral-super-bonito-sexy-y-barato\/","title":{"rendered":"\u00bfBuscas el conjunto estrella de la temporada? Zara nos propone uno en color coral, s\u00faper bonito, sexy y barato"},"content":{"rendered":"<p>La primavera ha llegado con m\u00e1s fuerza que nunca a las perchas de Zara. Y eso se nota no solo por la cantidad de estampados florales que invaden sus pendas, adem\u00e1s, una <strong>explosi\u00f3n de colores<\/strong> s\u00faper bonitos y favorecedores se han convertido en los protagonistas de la colecci\u00f3n. Una colecci\u00f3n marcada por la presencia de admirados <strong>conjuntos de dos pieza<\/strong>s que, siguiendo la estela de las temporadas anteriores, prometen ser los triunfadores esta primavera. <\/p>\n<p>Si hace unas semanas, la marca nos conquistaba con tres <a href=\"https:\/\/www.mujerhoy.com\/moda\/no-te-pierdas\/202103\/01\/conjunto-cuadros-vichy-zara-nueva-coleccion-look-primavera-barato-20210301135608.html\">conjuntos de cuadros vichy<\/a> de lo m\u00e1s estilosos, y poco despu\u00e9s repet\u00edamos flechazo con el <a href=\"https:\/\/www.mujerhoy.com\/moda\/tendencias\/202102\/28\/conjunto-camisa-falda-midi-lino-palmeras-bordadas-tendencia-primavera-zara-chollo-20210226232430.html\">set de camisa y falda de lino <\/a>con palmeras bordadas y el <a href=\"https:\/\/www.mujerhoy.com\/moda\/no-te-pierdas\/202102\/22\/chaqueta-punto-vestido-tirantes-conjunto-zara-nueva-coleccion-primavera-arrasa-instagram-20210220105537.html\">conjunto de rayas <\/a>de vestido y chaqueta, ahora Zara nos sorprende con otro fichaje irresistible.<\/p>\n<p>Para dar la bienvenida a la primavera de la mejor manera, la marca nos presenta un <strong>conjunto de falda mini y top corto<\/strong> que est\u00e1 causando sensaci\u00f3n. Y no solo porque sea de lo m\u00e1s favorecedor, estilosos y en un color precioso, que tambi\u00e9n, es que adem\u00e1s, est\u00e1 genial de precio.<\/p>\n<p><strong>En color coral,<\/strong> el conjunto cuenta con un cuerpo corto con manga sisa y cuello redondo que, adem\u00e1s de quedar de maravilla con la falda a juego, ser\u00e1 el mejor de los compa\u00f1eros para tus vaqueros favoritos. Con cierre de botones en la espalda, est\u00e1 disponible desde la talla XS a la XL y tiene un precio de 15,95 euros.<\/p>\n<div class=\"comp_mm\">\n<figure><picture><source srcset=\"http:\/\/hoycordobaweb.com\/wp-content\/uploads\/2021\/03\/buscas-el-conjunto-estrella-de-la-temporada-zara-nos-propone-uno-en-color-coral-super-bonito-sexy-y-barato.jpg, http:\/\/hoycordobaweb.com\/wp-content\/uploads\/2021\/03\/buscas-el-conjunto-estrella-de-la-temporada-zara-nos-propone-uno-en-color-coral-super-bonito-sexy-y-barato.jpg 2x\" media=\"(min-width: 1054px)\"><source srcset=\"http:\/\/hoycordobaweb.com\/wp-content\/uploads\/2021\/03\/buscas-el-conjunto-estrella-de-la-temporada-zara-nos-propone-uno-en-color-coral-super-bonito-sexy-y-barato.jpg, http:\/\/hoycordobaweb.com\/wp-content\/uploads\/2021\/03\/buscas-el-conjunto-estrella-de-la-temporada-zara-nos-propone-uno-en-color-coral-super-bonito-sexy-y-barato.jpg 2x\" media=\"(min-width: 720px)\"><source srcset=\"https:\/\/resizer.mujerhoy.com\/resizer\/resizer.php?imagen=http:\/\/hoycordobaweb.com\/wp-content\/uploads\/2021\/03\/buscas-el-conjunto-estrella-de-la-temporada-zara-nos-propone-uno-en-color-coral-super-bonito-sexy-y-barato.jpg&amp;nuevoalto=714&amp;nuevoancho=476\"><img src=\"http:\/\/hoycordobaweb.com\/wp-content\/uploads\/2021\/03\/buscas-el-conjunto-estrella-de-la-temporada-zara-nos-propone-uno-en-color-coral-super-bonito-sexy-y-barato.jpg\" alt=\"ste top corto con manga sisa cuenta con botones forrados en la parte trasera, a juego con el detalle de la falda.\" title=\"ste top corto con manga sisa cuenta con botones forrados en la parte trasera, a juego con el detalle de la falda.\" itemprop=\"image\"><\/picture><figcaption> ste top corto con manga sisa cuenta con botones forrados en la parte trasera, a juego con el detalle de la falda. <span class=\"firma\"><\/span><\/figcaption><\/figure>\n<\/div>\n<p>Si el cuerpo est\u00e1 causando sensaci\u00f3n, m\u00e1s a\u00fan lo est\u00e1 haciendo la falda, que ya se ha convertido en una de las piezas estrella de la colecci\u00f3n. De tiro alto y con una abertura en la parte delantera, esta <strong>falda mini <\/strong>sienta de maravilla y cuenta con un efecto piernas largas de lo m\u00e1s admirado. Al igual que el top, cuenta <strong>con detalle de botones forrados<\/strong>, en esta ocasi\u00f3n en la parte delantera, y cierre mediante cremallera oculta.<\/p>\n<div class=\"comp_mm\">\n<figure><picture><source srcset=\"http:\/\/hoycordobaweb.com\/wp-content\/uploads\/2021\/03\/buscas-el-conjunto-estrella-de-la-temporada-zara-nos-propone-uno-en-color-coral-super-bonito-sexy-y-barato-1.jpg, http:\/\/hoycordobaweb.com\/wp-content\/uploads\/2021\/03\/buscas-el-conjunto-estrella-de-la-temporada-zara-nos-propone-uno-en-color-coral-super-bonito-sexy-y-barato-1.jpg 2x\" media=\"(min-width: 1054px)\"><source srcset=\"http:\/\/hoycordobaweb.com\/wp-content\/uploads\/2021\/03\/buscas-el-conjunto-estrella-de-la-temporada-zara-nos-propone-uno-en-color-coral-super-bonito-sexy-y-barato-1.jpg, http:\/\/hoycordobaweb.com\/wp-content\/uploads\/2021\/03\/buscas-el-conjunto-estrella-de-la-temporada-zara-nos-propone-uno-en-color-coral-super-bonito-sexy-y-barato-1.jpg 2x\" media=\"(min-width: 720px)\"><source srcset=\"https:\/\/resizer.mujerhoy.com\/resizer\/resizer.php?imagen=http:\/\/hoycordobaweb.com\/wp-content\/uploads\/2021\/03\/buscas-el-conjunto-estrella-de-la-temporada-zara-nos-propone-uno-en-color-coral-super-bonito-sexy-y-barato-1.jpg&amp;nuevoalto=714&amp;nuevoancho=476\"><img src=\"http:\/\/hoycordobaweb.com\/wp-content\/uploads\/2021\/03\/buscas-el-conjunto-estrella-de-la-temporada-zara-nos-propone-uno-en-color-coral-super-bonito-sexy-y-barato-1.jpg\" alt=\"De tiro alto y con una peque&amp;ntilde;a abertura en la parte delantera, podr&amp;aacute;s combinar esta falda con numerosas opciones.\" title=\"De tiro alto y con una peque&amp;ntilde;a abertura en la parte delantera, podr&amp;aacute;s combinar esta falda con numerosas opciones.\" itemprop=\"image\"><\/picture><figcaption> De tiro alto y con una peque\u00f1a abertura en la parte delantera, podr\u00e1s combinar esta falda con numerosas opciones. <span class=\"firma\"><\/span><\/figcaption><\/figure>\n<\/div>\n<p>Aunque se prev\u00e9 que empiece a agotarse en algunas de sus tallas, por el momento est\u00e1 disponible desde la XS a la XL y tiene un precio de 19,95 euros.<\/p>\n<div class=\"tb-interesa\">\n<h3>Tambi\u00e9n te interesa<\/h3>\n<\/div>\n","protected":false},"excerpt":{"rendered":"<p>La primavera ha llegado con m\u00e1s fuerza que nunca a las perchas de Zara. Y eso se nota no solo por la cantidad de estampados florales que invaden sus pendas, adem\u00e1s, una explosi\u00f3n de colores s\u00faper bonitos y favorecedores se han convertido en los protagonistas de la colecci\u00f3n. Una colecci\u00f3n marcada por la presencia de [&hellip;]<\/p>\n","protected":false},"author":1,"featured_media":14481,"comment_status":"closed","ping_status":"closed","sticky":false,"template":"","format":"standard","meta":[],"categories":[1],"tags":[],"_links":{"self":[{"href":"http:\/\/hoycordobaweb.com\/index.php\/wp-json\/wp\/v2\/posts\/14480"}],"collection":[{"href":"http:\/\/hoycordobaweb.com\/index.php\/wp-json\/wp\/v2\/posts"}],"about":[{"href":"http:\/\/hoycordobaweb.com\/index.php\/wp-json\/wp\/v2\/types\/post"}],"author":[{"embeddable":true,"href":"http:\/\/hoycordobaweb.com\/index.php\/wp-json\/wp\/v2\/users\/1"}],"replies":[{"embeddable":true,"href":"http:\/\/hoycordobaweb.com\/index.php\/wp-json\/wp\/v2\/comments?post=14480"}],"version-history":[{"count":0,"href":"http:\/\/hoycordobaweb.com\/index.php\/wp-json\/wp\/v2\/posts\/14480\/revisions"}],"wp:featuredmedia":[{"embeddable":true,"href":"http:\/\/hoycordobaweb.com\/index.php\/wp-json\/wp\/v2\/media\/14481"}],"wp:attachment":[{"href":"http:\/\/hoycordobaweb.com\/index.php\/wp-json\/wp\/v2\/media?parent=14480"}],"wp:term":[{"taxonomy":"category","embeddable":true,"href":"http:\/\/hoycordobaweb.com\/index.php\/wp-json\/wp\/v2\/categories?post=14480"},{"taxonomy":"post_tag","embeddable":true,"href":"http:\/\/hoycordobaweb.com\/index.php\/wp-json\/wp\/v2\/tags?post=14480"}],"curies":[{"name":"wp","href":"https:\/\/api.w.org\/{rel}","templated":true}]}}