{"id":14446,"date":"2021-03-07T13:18:45","date_gmt":"2021-03-07T13:18:45","guid":{"rendered":"http:\/\/hoycordobaweb.com\/index.php\/2021\/03\/07\/boca-quiere-bajar-al-lider-velez\/"},"modified":"2021-03-07T13:18:45","modified_gmt":"2021-03-07T13:18:45","slug":"boca-quiere-bajar-al-lider-velez","status":"publish","type":"post","link":"http:\/\/hoycordobaweb.com\/index.php\/2021\/03\/07\/boca-quiere-bajar-al-lider-velez\/","title":{"rendered":"Boca quiere bajar al l\u00edder V\u00e9lez"},"content":{"rendered":"<p>&#8230; grandes figuras del <b>f\u00fatbol argentino<\/b>, estar\u00e1n desde el inicio ante el Xeneize. Adem\u00e1s, Juan M. Lucero y Federico Mancuello tambi\u00e9n ser\u00e1n titulares. <\/p>\n","protected":false},"excerpt":{"rendered":"<p>&#8230; grandes figuras del f\u00fatbol argentino, estar\u00e1n desde el inicio ante el Xeneize. Adem\u00e1s, Juan M. Lucero y Federico Mancuello tambi\u00e9n ser\u00e1n titulares.<\/p>\n","protected":false},"author":1,"featured_media":0,"comment_status":"closed","ping_status":"closed","sticky":false,"template":"","format":"standard","meta":[],"categories":[22],"tags":[],"_links":{"self":[{"href":"http:\/\/hoycordobaweb.com\/index.php\/wp-json\/wp\/v2\/posts\/14446"}],"collection":[{"href":"http:\/\/hoycordobaweb.com\/index.php\/wp-json\/wp\/v2\/posts"}],"about":[{"href":"http:\/\/hoycordobaweb.com\/index.php\/wp-json\/wp\/v2\/types\/post"}],"author":[{"embeddable":true,"href":"http:\/\/hoycordobaweb.com\/index.php\/wp-json\/wp\/v2\/users\/1"}],"replies":[{"embeddable":true,"href":"http:\/\/hoycordobaweb.com\/index.php\/wp-json\/wp\/v2\/comments?post=14446"}],"version-history":[{"count":0,"href":"http:\/\/hoycordobaweb.com\/index.php\/wp-json\/wp\/v2\/posts\/14446\/revisions"}],"wp:attachment":[{"href":"http:\/\/hoycordobaweb.com\/index.php\/wp-json\/wp\/v2\/media?parent=14446"}],"wp:term":[{"taxonomy":"category","embeddable":true,"href":"http:\/\/hoycordobaweb.com\/index.php\/wp-json\/wp\/v2\/categories?post=14446"},{"taxonomy":"post_tag","embeddable":true,"href":"http:\/\/hoycordobaweb.com\/index.php\/wp-json\/wp\/v2\/tags?post=14446"}],"curies":[{"name":"wp","href":"https:\/\/api.w.org\/{rel}","templated":true}]}}