{"id":14445,"date":"2021-03-07T14:03:45","date_gmt":"2021-03-07T14:03:45","guid":{"rendered":"http:\/\/hoycordobaweb.com\/index.php\/2021\/03\/07\/pedro-troglio-llena-de-elogios-al-futbol-costarricense\/"},"modified":"2021-03-07T14:03:45","modified_gmt":"2021-03-07T14:03:45","slug":"pedro-troglio-llena-de-elogios-al-futbol-costarricense","status":"publish","type":"post","link":"http:\/\/hoycordobaweb.com\/index.php\/2021\/03\/07\/pedro-troglio-llena-de-elogios-al-futbol-costarricense\/","title":{"rendered":"Pedro Troglio llena de elogios al <b>f\u00fatbol<\/b> costarricense"},"content":{"rendered":"<p>El estratega <b>argentino<\/b> habl\u00f3 de este supuesto inter\u00e9s, confirm\u00f3 que lo contactaron, pero destac\u00f3 que no fue ning\u00fan directivo importante del conjunto&nbsp;&#8230; <\/p>\n","protected":false},"excerpt":{"rendered":"<p>El estratega argentino habl\u00f3 de este supuesto inter\u00e9s, confirm\u00f3 que lo contactaron, pero destac\u00f3 que no fue ning\u00fan directivo importante del conjunto&nbsp;&#8230;<\/p>\n","protected":false},"author":1,"featured_media":0,"comment_status":"closed","ping_status":"closed","sticky":false,"template":"","format":"standard","meta":[],"categories":[22],"tags":[],"_links":{"self":[{"href":"http:\/\/hoycordobaweb.com\/index.php\/wp-json\/wp\/v2\/posts\/14445"}],"collection":[{"href":"http:\/\/hoycordobaweb.com\/index.php\/wp-json\/wp\/v2\/posts"}],"about":[{"href":"http:\/\/hoycordobaweb.com\/index.php\/wp-json\/wp\/v2\/types\/post"}],"author":[{"embeddable":true,"href":"http:\/\/hoycordobaweb.com\/index.php\/wp-json\/wp\/v2\/users\/1"}],"replies":[{"embeddable":true,"href":"http:\/\/hoycordobaweb.com\/index.php\/wp-json\/wp\/v2\/comments?post=14445"}],"version-history":[{"count":0,"href":"http:\/\/hoycordobaweb.com\/index.php\/wp-json\/wp\/v2\/posts\/14445\/revisions"}],"wp:attachment":[{"href":"http:\/\/hoycordobaweb.com\/index.php\/wp-json\/wp\/v2\/media?parent=14445"}],"wp:term":[{"taxonomy":"category","embeddable":true,"href":"http:\/\/hoycordobaweb.com\/index.php\/wp-json\/wp\/v2\/categories?post=14445"},{"taxonomy":"post_tag","embeddable":true,"href":"http:\/\/hoycordobaweb.com\/index.php\/wp-json\/wp\/v2\/tags?post=14445"}],"curies":[{"name":"wp","href":"https:\/\/api.w.org\/{rel}","templated":true}]}}