{"id":14383,"date":"2021-03-06T20:14:00","date_gmt":"2021-03-06T20:14:00","guid":{"rendered":"https:\/\/www.ole.com.ar\/futbol-internacional\/francia\/copa-francia-brest-psg-paredes_0_tdbKZxs1h.html"},"modified":"2021-03-06T20:14:00","modified_gmt":"2021-03-06T20:14:00","slug":"antes-del-barsa-gana-psg-con-un-golazo-de-mbappe-y-paredes-en-cancha","status":"publish","type":"post","link":"http:\/\/hoycordobaweb.com\/index.php\/2021\/03\/06\/antes-del-barsa-gana-psg-con-un-golazo-de-mbappe-y-paredes-en-cancha\/","title":{"rendered":"Antes del Barsa: Gana PSG con un golazo de Mbapp\u00e9 y Paredes en cancha"},"content":{"rendered":"<p><img src=\"http:\/\/hoycordobaweb.com\/wp-content\/uploads\/2021\/03\/antes-del-barsa-gana-psg-con-un-golazo-de-mbappe-y-paredes-en-cancha.jpg\"><\/p>\n<div><img src=\"http:\/\/hoycordobaweb.com\/wp-content\/uploads\/2021\/03\/antes-del-barsa-gana-psg-con-un-golazo-de-mbappe-y-paredes-en-cancha.jpg\" class=\"ff-og-image-inserted\"><\/div>\n<p>En la antesala de la revancha con el Barcelona por los octavos de final de la Champions, el PSG visita al Brest por los 32 avos de final de la Copa de Francia. Y Mauricio Pochettino eligi\u00f3 a Rico; Kehrer, Danilo, Diallo, Bakker; Ander Herrera, Paredes, Verratti; Sarabia, Mbapp\u00e9 y Draxler. Angel Di Mar\u00eda, tras un mes, firm\u00f3 planilla y est\u00e1 en el banco, no as\u00ed Neymar.<\/p>\n<div class=\"entry-tags\">\n<h2>TEMAS QUE APARECEN EN ESTA NOTA<\/h2>\n<\/p><\/div>\n","protected":false},"excerpt":{"rendered":"<p>En la antesala de la revancha con el Barcelona por los octavos de final de la Champions, el PSG visita al Brest por los 32 avos de final de la Copa de Francia. Y Mauricio Pochettino eligi\u00f3 a Rico; Kehrer, Danilo, Diallo, Bakker; Ander Herrera, Paredes, Verratti; Sarabia, Mbapp\u00e9 y Draxler. Angel Di Mar\u00eda, tras [&hellip;]<\/p>\n","protected":false},"author":1,"featured_media":14384,"comment_status":"open","ping_status":"closed","sticky":false,"template":"","format":"standard","meta":[],"categories":[16],"tags":[],"_links":{"self":[{"href":"http:\/\/hoycordobaweb.com\/index.php\/wp-json\/wp\/v2\/posts\/14383"}],"collection":[{"href":"http:\/\/hoycordobaweb.com\/index.php\/wp-json\/wp\/v2\/posts"}],"about":[{"href":"http:\/\/hoycordobaweb.com\/index.php\/wp-json\/wp\/v2\/types\/post"}],"author":[{"embeddable":true,"href":"http:\/\/hoycordobaweb.com\/index.php\/wp-json\/wp\/v2\/users\/1"}],"replies":[{"embeddable":true,"href":"http:\/\/hoycordobaweb.com\/index.php\/wp-json\/wp\/v2\/comments?post=14383"}],"version-history":[{"count":0,"href":"http:\/\/hoycordobaweb.com\/index.php\/wp-json\/wp\/v2\/posts\/14383\/revisions"}],"wp:featuredmedia":[{"embeddable":true,"href":"http:\/\/hoycordobaweb.com\/index.php\/wp-json\/wp\/v2\/media\/14384"}],"wp:attachment":[{"href":"http:\/\/hoycordobaweb.com\/index.php\/wp-json\/wp\/v2\/media?parent=14383"}],"wp:term":[{"taxonomy":"category","embeddable":true,"href":"http:\/\/hoycordobaweb.com\/index.php\/wp-json\/wp\/v2\/categories?post=14383"},{"taxonomy":"post_tag","embeddable":true,"href":"http:\/\/hoycordobaweb.com\/index.php\/wp-json\/wp\/v2\/tags?post=14383"}],"curies":[{"name":"wp","href":"https:\/\/api.w.org\/{rel}","templated":true}]}}