{"id":14367,"date":"2021-03-06T14:49:25","date_gmt":"2021-03-06T14:49:25","guid":{"rendered":"http:\/\/ladecimaweb.com\/?p=8662"},"modified":"2021-03-06T14:49:25","modified_gmt":"2021-03-06T14:49:25","slug":"grilla-de-actividades-en-el-dia-internacional-de-la-mujer-para-este-lunes-8-de-marzo","status":"publish","type":"post","link":"http:\/\/hoycordobaweb.com\/index.php\/2021\/03\/06\/grilla-de-actividades-en-el-dia-internacional-de-la-mujer-para-este-lunes-8-de-marzo\/","title":{"rendered":"Grilla de actividades en el d\u00eda internacional de la mujer para este lunes 8 de marzo"},"content":{"rendered":"<p>EXPO SALUD, de 9 a 15 horas. Organiza: Secretar\u00eda de Salud. Lugar: Plaza de la Intendencia. Actividades: Stands<br \/>\nExpo Salud contar\u00e1 con los siguientes stands:<br \/>\n\u2022 Capacitaci\u00f3n en RCP.<br \/>\n\u2022 La asociaci\u00f3n civil EndoHermanas Argentinas concientizar\u00e1n sobre la endometriosis.<br \/>\n\u2022 Sensibilizaci\u00f3n y concientizaci\u00f3n en prevenci\u00f3n de las violencias realizada junto a las organizaciones Varones Trans C\u00f3rdoba, C\u00f3rdoba Diversa y Centro Trans C\u00f3rdoba.<br \/>\n\u2022 Habr\u00e1 charlas y consejos sobre el manejo del stress en tiempos de pandemia.<br \/>\n\u2022 Capacitaci\u00f3n sobre la protecci\u00f3n de la mujer embarazada y su beb\u00e9 en el marco del Plan de los 1.000 d\u00edas.<br \/>\n\u2022 Charlas y consejos sobre consumos problem\u00e1ticos y violencias hacia la mujer.<br \/>\n\u2022 Vacunaci\u00f3n para completar el calendario de vacunas.<br \/>\n\u2022 Test de VIH, consulta ginecol\u00f3gica y entrega de preservativos.<br \/>\n\u2022 Concientizaci\u00f3n sobre enfermedades cr\u00f3nicas no transmisibles, salud integral de la mujer, higiene postural, chequeos de diabetes, hipertensi\u00f3n, endocrinolog\u00eda y cardiolog\u00eda.<br \/>\n\u2022 Control de presi\u00f3n arterial, peso y medidas para prevenir factores de riesgo cardiovascular.<br \/>\n\u2022 Circuito Vital para la mujer: &#8211; Consulta ginecol\u00f3gica. Laboratorio. Ecograf\u00eda. \u2013 Mamograf\u00eda.<br \/>\n\u2022 Interconsultas: Este programa se realizar\u00e1 en las DEM, y Medicina Preventiva. Odontolog\u00eda Mujer. Sociedad Argentina de Cardiolog\u00eda.<br \/>\n\u2022 Entrega de alcohol en gel y repelentes por parte del Laboratorio de Farmacia Municipal, quienes informar\u00e1n sobre el trabajo realizado en la instituci\u00f3n.<br \/>\n\u2022 Control de salud bucal.<br \/>\n\u2022 Habr\u00e1 una exhibici\u00f3n de comida saludable y a bajo costo en vivo.<br \/>\n\u2022 Entregar\u00e1n y ense\u00f1ar\u00e1n a implementar meriendas saludables para los ni\u00f1os.<br \/>\n\u2022 Capacitaci\u00f3n en la sanitizaci\u00f3n de los alimentos.<br \/>\nDESAYUNO CON CHARLA DE SENSIBILIZACI\u00d3N EN EL BIOCOR. 9 HORAS.<br \/>\nFirma de Acta capacitaci\u00f3n Ley Micaela. Organizan: Biocor y Direcci\u00f3n de G\u00e9nero. Lugar: Centro BioCor<\/p>\n<p>AUDITORIO CPC ARGUELLO. HORA 10.30<br \/>\nHabr\u00e1 una charla &#8211; debate a cargo del \u201cC\u00edrculo de mujeres\u201d donde se abrir\u00e1 un intercambio entre las participantes. Responsable: Subsecretar\u00eda de Deportes &#8211; Subsecretar\u00eda de Cultura y Promoci\u00f3n social.<\/p>\n<p>JORNADA \u201cTRABAJAR EQUIDAD\u201d<br \/>\nOrganiza: Secretaria de Pol\u00edticas Sociales, inclusi\u00f3n y convivencia. Talleres de sensibilizaci\u00f3n. Dirigido a Servidores Urbanos. (Lugar: Puntos de la ciudad, cooperativas y espacios p\u00fablicos, con actividades en simult\u00e1neo donde se trabajar\u00e1 sobre: g\u00e9neros, estereotipos, tareas del cuidado y convivencia en el trabajo). Diferentes horarios.<\/p>\n<p>CAPACITACI\u00d3N LEY MICAELA<br \/>\n11.30 horas. Personal del COYS. Lugar: centro vecinal Las Palmas. Organiza: COYS y Direcci\u00f3n de G\u00e9nero.<\/p>\n<p>INAUGURACI\u00d3N PUNTO MUJER CPC MONSE\u00d1OR PABLO CABRERA.<br \/>\n12.30 horas. Participan: Secretar\u00eda de Participaci\u00f3n Vecinal &#8211; Secretar\u00eda de Gobierno a trav\u00e9s de la Direcci\u00f3n de G\u00e9nero de la Municipalidad &#8211; Ministerio de la Mujer de la Provincia &#8211; CPC<\/p>\n<p>RECONOCIMIENTO A LAS EMBARAZADAS SECUESTRADAS POR LA \u00daLTIMA DICTADURA MILITAR QUE DIERON A LUZ EN CENTROS CLANDESTINOS.<br \/>\n14 horas. Lugar: calle Entre R\u00edos esquina Uruguay. Organizan: Concejo Deliberante, Cpc San Vicente, G\u00e9nero, Derechos Humanos; acompa\u00f1a: Abuelas de Plaza de Mayo.<\/p>\n<p>ENTREGA DE PLAQUETAS DE RECONOCIMIENTO A LAS 11 MUJERES EMPRENDEDORAS DE LA CIUDAD<br \/>\n14.30 horas. Lugar Sal\u00f3n de Actos de la Municipalidad. Organiza Secretar\u00eda de Modernizaci\u00f3n.<\/p>\n<p>ENTREGA DE RECONOCIMIENTO A LAS MUJERES REFERENTES DE ORGANIZACIONES DE MIGRANTES DE LA CIUDAD<br \/>\nHora: 17.30 Lugar: Sal\u00f3n de Actos. Organiza Secretar\u00eda de Modernizaci\u00f3n.<\/p>\n<p>ACTO EXPLANADA CPC RUTA 20<br \/>\n19.30 horas. Se llevar\u00e1 a cabo un acto en conmemoraci\u00f3n al D\u00eda de la Mujer. Estar\u00e1n presentes trabajadoras urbanas, vecinas y un coro de mujeres.<\/p>\n<p>Fuente: Municipalidad de C\u00f3rdoba.<\/p>\n<div class=\"ubm_banner\"><a href=\"https:\/\/www.cba.gov.ar\/programa-provincial-de-entrega-de-computadoras\/\" target=\"_blank\" rel=\"dofollow noopener noreferrer\"><img src=\"http:\/\/hoycordobaweb.com\/wp-content\/uploads\/2021\/03\/grilla-de-actividades-en-el-dia-internacional-de-la-mujer-para-este-lunes-8-de-marzo.gif\" alt=\"\"><\/a><\/div>\n<p>La entrada <a rel=\"nofollow\" href=\"https:\/\/ladecimaweb.com\/grilla-de-actividades-en-el-dia-internacional-de-la-mujer-para-este-lunes-8-de-marzo\/\">Grilla de actividades en el d\u00eda internacional de la mujer para este lunes 8 de marzo<\/a> se public\u00f3 primero en <a rel=\"nofollow\" href=\"https:\/\/ladecimaweb.com\">LaDecima<\/a>.<\/p>\n","protected":false},"excerpt":{"rendered":"<p>EXPO SALUD, de 9 a 15 horas. Organiza: Secretar\u00eda de Salud. Lugar: Plaza de la Intendencia. Actividades: Stands Expo Salud contar\u00e1 con los siguientes stands: \u2022 Capacitaci\u00f3n en RCP. \u2022 La asociaci\u00f3n civil EndoHermanas Argentinas concientizar\u00e1n sobre la endometriosis. \u2022 Sensibilizaci\u00f3n y concientizaci\u00f3n en prevenci\u00f3n de las violencias realizada junto a las organizaciones Varones Trans [&hellip;]<\/p>\n","protected":false},"author":1,"featured_media":14368,"comment_status":"closed","ping_status":"closed","sticky":false,"template":"","format":"standard","meta":[],"categories":[19],"tags":[],"_links":{"self":[{"href":"http:\/\/hoycordobaweb.com\/index.php\/wp-json\/wp\/v2\/posts\/14367"}],"collection":[{"href":"http:\/\/hoycordobaweb.com\/index.php\/wp-json\/wp\/v2\/posts"}],"about":[{"href":"http:\/\/hoycordobaweb.com\/index.php\/wp-json\/wp\/v2\/types\/post"}],"author":[{"embeddable":true,"href":"http:\/\/hoycordobaweb.com\/index.php\/wp-json\/wp\/v2\/users\/1"}],"replies":[{"embeddable":true,"href":"http:\/\/hoycordobaweb.com\/index.php\/wp-json\/wp\/v2\/comments?post=14367"}],"version-history":[{"count":0,"href":"http:\/\/hoycordobaweb.com\/index.php\/wp-json\/wp\/v2\/posts\/14367\/revisions"}],"wp:featuredmedia":[{"embeddable":true,"href":"http:\/\/hoycordobaweb.com\/index.php\/wp-json\/wp\/v2\/media\/14368"}],"wp:attachment":[{"href":"http:\/\/hoycordobaweb.com\/index.php\/wp-json\/wp\/v2\/media?parent=14367"}],"wp:term":[{"taxonomy":"category","embeddable":true,"href":"http:\/\/hoycordobaweb.com\/index.php\/wp-json\/wp\/v2\/categories?post=14367"},{"taxonomy":"post_tag","embeddable":true,"href":"http:\/\/hoycordobaweb.com\/index.php\/wp-json\/wp\/v2\/tags?post=14367"}],"curies":[{"name":"wp","href":"https:\/\/api.w.org\/{rel}","templated":true}]}}