{"id":14299,"date":"2021-03-04T13:07:15","date_gmt":"2021-03-04T13:07:15","guid":{"rendered":"http:\/\/ladecimaweb.com\/?p=8616"},"modified":"2021-03-04T13:07:15","modified_gmt":"2021-03-04T13:07:15","slug":"el-sep-acuerda-una-suba-de-175-por-ciento-de-bolsillo-hasta-julio","status":"publish","type":"post","link":"http:\/\/hoycordobaweb.com\/index.php\/2021\/03\/04\/el-sep-acuerda-una-suba-de-175-por-ciento-de-bolsillo-hasta-julio\/","title":{"rendered":"EL SEP acuerda una suba de 17,5 por ciento de bolsillo hasta julio"},"content":{"rendered":"<p><em>(Prensa provincial)<\/em> El Gobierno de la Provincia de C\u00f3rdoba y el Sindicato de Empleados P\u00fablicos (SEP) acordaron este mi\u00e9rcoles los incrementos salariales para el personal perteneciente al Escalaf\u00f3n General, equipos de Salud, Cuerpos Art\u00edsticos, personal Cient\u00edfico\/Tecnol\u00f3gico e Inteligencia Fiscal de la provincia.<\/p>\n<p>El acuerdo contempla una suba en el salario b\u00e1sico y en los dem\u00e1s componentes remunerativos que implican un aumento total\u00a0<strong>del 17,5% del salario de bolsillo, a pagar en tres tramos: 10% en febrero, 4% en mayo y 3,5% en julio.<\/strong><\/p>\n<p>El retroactivo correspondiente a febrero se abonar\u00e1 por planilla adicional el 15 de marzo.\u00a0<strong>Ese mismo d\u00eda se pagar\u00e1 al personal del Ministerio de Salud el bono complementario de 5 mil pesos\u00a0<\/strong>que hasta el a\u00f1o pasado otorgaba Naci\u00f3n y que ahora afrontar\u00e1 la Provincia.<\/p>\n<p><strong>La pr\u00f3xima negociaci\u00f3n para fijar la pauta salarial se realizar\u00e1 en agosto de 2021.\u00a0<\/strong><\/p>\n<p>De la firma participaron la ministra de Coordinaci\u00f3n, Silvina Rivero; el secretario General de la Gobernaci\u00f3n, Julio Comello; el secretario de Capital Humano, Gustavo Panighel; el titular del Sindicato de Empleados P\u00fablicos (SEP), Jos\u00e9 Pihen y la secretaria de Asuntos T\u00e9cnicos y Legales del SEP, Valeria Trejo.<\/p>\n<p>&nbsp;<\/p>\n<div class=\"ubm_banner\"><a href=\"https:\/\/www.cba.gov.ar\/programa-provincial-de-entrega-de-computadoras\/\" target=\"_blank\" rel=\"dofollow noopener noreferrer\"><img src=\"http:\/\/hoycordobaweb.com\/wp-content\/uploads\/2021\/03\/el-sep-acuerda-una-suba-de-175-por-ciento-de-bolsillo-hasta-julio.gif\" alt=\"\"><\/a><\/div>\n<p>&nbsp;<\/p>\n<p>La entrada <a rel=\"nofollow\" href=\"https:\/\/ladecimaweb.com\/el-sep-acuerda-una-suba-de-175-por-ciento-de-bolsillo-hasta-julio\/\">EL SEP acuerda una suba de 17,5 por ciento de bolsillo hasta julio<\/a> se public\u00f3 primero en <a rel=\"nofollow\" href=\"https:\/\/ladecimaweb.com\">LaDecima<\/a>.<\/p>\n","protected":false},"excerpt":{"rendered":"<p>(Prensa provincial) El Gobierno de la Provincia de C\u00f3rdoba y el Sindicato de Empleados P\u00fablicos (SEP) acordaron este mi\u00e9rcoles los incrementos salariales para el personal perteneciente al Escalaf\u00f3n General, equipos de Salud, Cuerpos Art\u00edsticos, personal Cient\u00edfico\/Tecnol\u00f3gico e Inteligencia Fiscal de la provincia. El acuerdo contempla una suba en el salario b\u00e1sico y en los dem\u00e1s [&hellip;]<\/p>\n","protected":false},"author":1,"featured_media":14300,"comment_status":"closed","ping_status":"closed","sticky":false,"template":"","format":"standard","meta":[],"categories":[19],"tags":[],"_links":{"self":[{"href":"http:\/\/hoycordobaweb.com\/index.php\/wp-json\/wp\/v2\/posts\/14299"}],"collection":[{"href":"http:\/\/hoycordobaweb.com\/index.php\/wp-json\/wp\/v2\/posts"}],"about":[{"href":"http:\/\/hoycordobaweb.com\/index.php\/wp-json\/wp\/v2\/types\/post"}],"author":[{"embeddable":true,"href":"http:\/\/hoycordobaweb.com\/index.php\/wp-json\/wp\/v2\/users\/1"}],"replies":[{"embeddable":true,"href":"http:\/\/hoycordobaweb.com\/index.php\/wp-json\/wp\/v2\/comments?post=14299"}],"version-history":[{"count":0,"href":"http:\/\/hoycordobaweb.com\/index.php\/wp-json\/wp\/v2\/posts\/14299\/revisions"}],"wp:featuredmedia":[{"embeddable":true,"href":"http:\/\/hoycordobaweb.com\/index.php\/wp-json\/wp\/v2\/media\/14300"}],"wp:attachment":[{"href":"http:\/\/hoycordobaweb.com\/index.php\/wp-json\/wp\/v2\/media?parent=14299"}],"wp:term":[{"taxonomy":"category","embeddable":true,"href":"http:\/\/hoycordobaweb.com\/index.php\/wp-json\/wp\/v2\/categories?post=14299"},{"taxonomy":"post_tag","embeddable":true,"href":"http:\/\/hoycordobaweb.com\/index.php\/wp-json\/wp\/v2\/tags?post=14299"}],"curies":[{"name":"wp","href":"https:\/\/api.w.org\/{rel}","templated":true}]}}