{"id":14293,"date":"2021-03-05T03:00:00","date_gmt":"2021-03-05T03:00:00","guid":{"rendered":"http:\/\/hoycordobaweb.com\/index.php\/2021\/03\/05\/firefly-lane-la-razon-por-la-que-la-nueva-serie-de-netflix-es-diferente-a-los-libros\/"},"modified":"2021-03-05T03:00:00","modified_gmt":"2021-03-05T03:00:00","slug":"firefly-lane-la-razon-por-la-que-la-nueva-serie-de-netflix-es-diferente-a-los-libros","status":"publish","type":"post","link":"http:\/\/hoycordobaweb.com\/index.php\/2021\/03\/05\/firefly-lane-la-razon-por-la-que-la-nueva-serie-de-netflix-es-diferente-a-los-libros\/","title":{"rendered":"Firefly Lane: La raz\u00f3n por la que la nueva serie de <b>Netflix<\/b> es diferente a los libros"},"content":{"rendered":"<p>La serie de Firefly Lane est\u00e1 siendo un \u00e9xito en la plataforma de <b>Netflix<\/b> despu\u00e9s de su estreno el 3 de febrero, se encuentra basada en el libro del&nbsp;&#8230; <\/p>\n","protected":false},"excerpt":{"rendered":"<p>La serie de Firefly Lane est\u00e1 siendo un \u00e9xito en la plataforma de Netflix despu\u00e9s de su estreno el 3 de febrero, se encuentra basada en el libro del&nbsp;&#8230;<\/p>\n","protected":false},"author":1,"featured_media":0,"comment_status":"closed","ping_status":"closed","sticky":false,"template":"","format":"standard","meta":[],"categories":[23],"tags":[],"_links":{"self":[{"href":"http:\/\/hoycordobaweb.com\/index.php\/wp-json\/wp\/v2\/posts\/14293"}],"collection":[{"href":"http:\/\/hoycordobaweb.com\/index.php\/wp-json\/wp\/v2\/posts"}],"about":[{"href":"http:\/\/hoycordobaweb.com\/index.php\/wp-json\/wp\/v2\/types\/post"}],"author":[{"embeddable":true,"href":"http:\/\/hoycordobaweb.com\/index.php\/wp-json\/wp\/v2\/users\/1"}],"replies":[{"embeddable":true,"href":"http:\/\/hoycordobaweb.com\/index.php\/wp-json\/wp\/v2\/comments?post=14293"}],"version-history":[{"count":0,"href":"http:\/\/hoycordobaweb.com\/index.php\/wp-json\/wp\/v2\/posts\/14293\/revisions"}],"wp:attachment":[{"href":"http:\/\/hoycordobaweb.com\/index.php\/wp-json\/wp\/v2\/media?parent=14293"}],"wp:term":[{"taxonomy":"category","embeddable":true,"href":"http:\/\/hoycordobaweb.com\/index.php\/wp-json\/wp\/v2\/categories?post=14293"},{"taxonomy":"post_tag","embeddable":true,"href":"http:\/\/hoycordobaweb.com\/index.php\/wp-json\/wp\/v2\/tags?post=14293"}],"curies":[{"name":"wp","href":"https:\/\/api.w.org\/{rel}","templated":true}]}}