{"id":14279,"date":"2021-03-05T18:53:00","date_gmt":"2021-03-05T18:53:00","guid":{"rendered":"http:\/\/hoycordobaweb.com\/index.php\/2021\/03\/05\/pellegrino-boca-tiene-mucha-jerarquia-en-su-plantel\/"},"modified":"2021-03-05T18:53:00","modified_gmt":"2021-03-05T18:53:00","slug":"pellegrino-boca-tiene-mucha-jerarquia-en-su-plantel","status":"publish","type":"post","link":"http:\/\/hoycordobaweb.com\/index.php\/2021\/03\/05\/pellegrino-boca-tiene-mucha-jerarquia-en-su-plantel\/","title":{"rendered":"Pellegrino: \u00abBoca tiene mucha jerarqu\u00eda en su plantel\u00bb"},"content":{"rendered":"<p><img src=\"http:\/\/hoycordobaweb.com\/wp-content\/uploads\/2021\/03\/pellegrino-boca-tiene-mucha-jerarquia-en-su-plantel.jpg\"><\/p>\n<div class=\"image\" id=\"image\" readability=\"8\"> <img src=\"http:\/\/hoycordobaweb.com\/wp-content\/uploads\/2021\/03\/pellegrino-boca-tiene-mucha-jerarquia-en-su-plantel-2.jpg\" alt=\"Pellegrino palpit\u00f3 el duelo frente a Boca, en uno de los duelos destacados de la Copa de la Liga\" title=\"Pellegrino palpit\u00f3 el duelo frente a Boca, en uno de los duelos destacados de la Copa de la Liga\"><\/p>\n<p>Pellegrino palpit\u00f3 el duelo frente a Boca, en uno de los duelos destacados de la Copa de la Liga<\/p>\n<\/div>\n<p>Mauricio Pellegrino, destac\u00f3 este viernes que Boca tiene \u00abmucha jerarqu\u00eda en el plantel\u00bb, m\u00e1s all\u00e1 de un momento irregular, en la antesala del partido del pr\u00f3ximo domingo, por la cuarta fecha de la zona 2 de la Copa de la Liga Profesional.<\/p>\n<p>\u00abEl rival del domingo tiene capacidad para generarte peligro. M\u00e1s all\u00e1 de las lesiones que presenta, tiene jerarqu\u00eda para para presentar una formaci\u00f3n importante. La verdad es que tiene mucha jerarqu\u00eda en su plantel\u00bb, coment\u00f3 el DT en conferencia de prensa.<\/p>\n<p>Es que Boca llegar\u00e1 sin Carlos Izquierdoz y Eduardo Salvio, ambos lesionados durante la misma jugada de la semana pasada contra Sarmiento de Jun\u00edn en La Bombonera.<\/p>\n<p>\u00abEl domingo queremos ser nosotros mismos, ir a buscar el partido sabiendo que debemos tener un grado de concentraci\u00f3n alto, porque Boca no te perdona\u00bb, reconoci\u00f3 Pellegrino.<\/p>\n<p>V\u00e9lez es el l\u00edder de su zona, con nueve unidades -el \u00fanico con puntaje ideal-, y le lleva tres a sus escoltas. Adem\u00e1s mostr\u00f3 mucha solidez defensiva, ya que el \u00fanico gol que recibi\u00f3 se lo marc\u00f3 Sarmiento en el minuto final de la victoria por 2-1 en Jun\u00edn.<\/p>\n<div class=\"js-code\" readability=\"6.5687203791469\">\n<blockquote class=\"twitter-tweet\" readability=\"6.5687203791469\">\n<p lang=\"es\" dir=\"ltr\">\ud83d\udcac Pellegrino: \u00abEl domingo queremos ser nosotros mismos, ir a buscar el partido sabiendo que debemos tener un grado de concentraci\u00f3n alto porque Boca no te perdona\u00bb.<\/p>\n<p>\u2014 V\u00e9lez Sarsfield (@Velez) <a href=\"https:\/\/twitter.com\/Velez\/status\/1367860911369838597?ref_src=twsrc%5Etfw\">March 5, 2021<\/a><\/p><\/blockquote><\/div>\n<p>\u00abLas primeras 5 fechas de un torneo son as\u00ed, los equipos se van armando. Es bueno enfrentar a Boca, nos ilusiona medirnos con los mejores\u00bb, analiz\u00f3.<\/p>\n<p>Por otro lado, Pellegrino apoy\u00f3 p\u00fablicamente al defensor Lautaro Giannetti, que no pas\u00f3 la revisi\u00f3n m\u00e9dica en Atlanta United (Estados Unidos) y regres\u00f3 al pa\u00eds en las \u00faltimas horas.<\/p>\n<p>\u00ab(Giannetti) Lleg\u00f3 esta ma\u00f1ana. Se fue a hacer un estudio junto al m\u00e9dico y a\u00fan no pude hablar con \u00e9l. Har\u00e9 todo lo posible para ayudarlo y potenciarlo. Lamento mucho lo que le pas\u00f3\u00bb, concluy\u00f3 el entrenador.<\/p>\n<p>En relaci\u00f3n al equipo, posiblemente se repetir\u00e1n los nombres que superaron a Argentinos Juniors (2-0) en La Paternal y ser\u00e1n Lucas Hoyos; Tom\u00e1s Guidara, Emiliano Amor, Luis Abram y Francisco Ortega; Pablo Galdames y Federico Mancuello; Lucas Janson, Thiago Almada y Luca Orellano; Juan Mart\u00edn Lucero.<\/p>\n","protected":false},"excerpt":{"rendered":"<p>Pellegrino palpit\u00f3 el duelo frente a Boca, en uno de los duelos destacados de la Copa de la Liga Mauricio Pellegrino, destac\u00f3 este viernes que Boca tiene \u00abmucha jerarqu\u00eda en el plantel\u00bb, m\u00e1s all\u00e1 de un momento irregular, en la antesala del partido del pr\u00f3ximo domingo, por la cuarta fecha de la zona 2 de [&hellip;]<\/p>\n","protected":false},"author":1,"featured_media":14280,"comment_status":"open","ping_status":"closed","sticky":false,"template":"","format":"standard","meta":[],"categories":[16],"tags":[],"_links":{"self":[{"href":"http:\/\/hoycordobaweb.com\/index.php\/wp-json\/wp\/v2\/posts\/14279"}],"collection":[{"href":"http:\/\/hoycordobaweb.com\/index.php\/wp-json\/wp\/v2\/posts"}],"about":[{"href":"http:\/\/hoycordobaweb.com\/index.php\/wp-json\/wp\/v2\/types\/post"}],"author":[{"embeddable":true,"href":"http:\/\/hoycordobaweb.com\/index.php\/wp-json\/wp\/v2\/users\/1"}],"replies":[{"embeddable":true,"href":"http:\/\/hoycordobaweb.com\/index.php\/wp-json\/wp\/v2\/comments?post=14279"}],"version-history":[{"count":0,"href":"http:\/\/hoycordobaweb.com\/index.php\/wp-json\/wp\/v2\/posts\/14279\/revisions"}],"wp:featuredmedia":[{"embeddable":true,"href":"http:\/\/hoycordobaweb.com\/index.php\/wp-json\/wp\/v2\/media\/14280"}],"wp:attachment":[{"href":"http:\/\/hoycordobaweb.com\/index.php\/wp-json\/wp\/v2\/media?parent=14279"}],"wp:term":[{"taxonomy":"category","embeddable":true,"href":"http:\/\/hoycordobaweb.com\/index.php\/wp-json\/wp\/v2\/categories?post=14279"},{"taxonomy":"post_tag","embeddable":true,"href":"http:\/\/hoycordobaweb.com\/index.php\/wp-json\/wp\/v2\/tags?post=14279"}],"curies":[{"name":"wp","href":"https:\/\/api.w.org\/{rel}","templated":true}]}}