{"id":14210,"date":"2021-03-04T04:41:15","date_gmt":"2021-03-04T04:41:15","guid":{"rendered":"http:\/\/hoycordobaweb.com\/index.php\/2021\/03\/04\/alberto-fernandez-y-un-viaje-con-agenda-intensa-a-santiago-del-estero-obras-convenios-futbol-y\/"},"modified":"2021-03-04T04:41:15","modified_gmt":"2021-03-04T04:41:15","slug":"alberto-fernandez-y-un-viaje-con-agenda-intensa-a-santiago-del-estero-obras-convenios-futbol-y","status":"publish","type":"post","link":"http:\/\/hoycordobaweb.com\/index.php\/2021\/03\/04\/alberto-fernandez-y-un-viaje-con-agenda-intensa-a-santiago-del-estero-obras-convenios-futbol-y\/","title":{"rendered":"Alberto Fern\u00e1ndez y un viaje con agenda intensa a Santiago del Estero: obras, convenios, <b>f\u00fatbol<\/b> y &#8230;"},"content":{"rendered":"<p>Santiago del Estero adquiri\u00f3 en los \u00faltimos a\u00f1os mucho protagonismo en el <b>f\u00fatbol argentino<\/b> con el ascenso a Primera Divisi\u00f3n de Central C\u00f3rdoba&nbsp;&#8230; <\/p>\n","protected":false},"excerpt":{"rendered":"<p>Santiago del Estero adquiri\u00f3 en los \u00faltimos a\u00f1os mucho protagonismo en el f\u00fatbol argentino con el ascenso a Primera Divisi\u00f3n de Central C\u00f3rdoba&nbsp;&#8230;<\/p>\n","protected":false},"author":1,"featured_media":0,"comment_status":"closed","ping_status":"closed","sticky":false,"template":"","format":"standard","meta":[],"categories":[22],"tags":[],"_links":{"self":[{"href":"http:\/\/hoycordobaweb.com\/index.php\/wp-json\/wp\/v2\/posts\/14210"}],"collection":[{"href":"http:\/\/hoycordobaweb.com\/index.php\/wp-json\/wp\/v2\/posts"}],"about":[{"href":"http:\/\/hoycordobaweb.com\/index.php\/wp-json\/wp\/v2\/types\/post"}],"author":[{"embeddable":true,"href":"http:\/\/hoycordobaweb.com\/index.php\/wp-json\/wp\/v2\/users\/1"}],"replies":[{"embeddable":true,"href":"http:\/\/hoycordobaweb.com\/index.php\/wp-json\/wp\/v2\/comments?post=14210"}],"version-history":[{"count":0,"href":"http:\/\/hoycordobaweb.com\/index.php\/wp-json\/wp\/v2\/posts\/14210\/revisions"}],"wp:attachment":[{"href":"http:\/\/hoycordobaweb.com\/index.php\/wp-json\/wp\/v2\/media?parent=14210"}],"wp:term":[{"taxonomy":"category","embeddable":true,"href":"http:\/\/hoycordobaweb.com\/index.php\/wp-json\/wp\/v2\/categories?post=14210"},{"taxonomy":"post_tag","embeddable":true,"href":"http:\/\/hoycordobaweb.com\/index.php\/wp-json\/wp\/v2\/tags?post=14210"}],"curies":[{"name":"wp","href":"https:\/\/api.w.org\/{rel}","templated":true}]}}