{"id":141249,"date":"2026-09-06T14:00:28","date_gmt":"2026-09-06T14:00:28","guid":{"rendered":"https:\/\/www.trendencias.com\/hombres\/kylian-mbappe-futbolilsta-madrid-queria-que-fuera-a-12-anos-no-estaba-listo-para-salir-mi-pais-dejar-a-mis-amigos-solo"},"modified":"2026-09-06T14:00:28","modified_gmt":"2026-09-06T14:00:28","slug":"kylian-mbappe-futbolilsta-el-madrid-queria-que-fuera-a-los-12-anos-pero-no-estaba-listo-para-salir-de-mi-pais-y-dejar-a-mis-amigos-solo","status":"publish","type":"post","link":"http:\/\/hoycordobaweb.com\/index.php\/2026\/09\/06\/kylian-mbappe-futbolilsta-el-madrid-queria-que-fuera-a-los-12-anos-pero-no-estaba-listo-para-salir-de-mi-pais-y-dejar-a-mis-amigos-solo\/","title":{"rendered":"Kylian Mbapp\u00e9, futbolilsta: \u00abEl Madrid quer\u00eda que fuera a los 12 a\u00f1os, pero no estaba listo para salir de mi pa\u00eds y dejar a mis amigos solo\u00bb"},"content":{"rendered":"<p>Kylian Mbapp\u00e9, hoy delantero del Real Madrid, ha compartido en varias ocasiones sus comienzos en el f\u00fatbol, sin embargo pocas an\u00e9cdotas son tan profundas como la ocasi\u00f3n en la que cont\u00f3 en una entrevista <strong>el motivo por el que no se march\u00f3 a Espa\u00f1a<\/strong> cuando el equipo merengue le dio la oportunidad apenas era un adolescente.<\/p>\n<p><!-- BREAK 1 --> <\/p>\n<p>El franc\u00e9s explic\u00f3 que, aunque el inter\u00e9s del club blanco existi\u00f3 desde muy temprano, pero tanto \u00e9l como su familia entendieron que todav\u00eda no era el momento de dejar Francia.<\/p>\n<p>Mbapp\u00e9 record\u00f3 que hubo una posibilidad real de fichar por el Real Madrid en su infancia, pero que <a rel=\"noopener, noreferrer\" href=\"https:\/\/www.lasexta.com\/programas\/el-objetivo\/mbappe-explica-que-ficho-real-madrid-cuando-tenia-12-anos-estaba-listo-salir-pais_2025040667f2d966fd5470000115da26.html\">decidieron declinarla junto a sus padres<\/a>. Asegur\u00f3 que no estaba listo para salir de su pa\u00eds con apenas 12 a\u00f1os y que lo mejor en ese momento <strong>era permanecer cerca de su familia y sus amigos<\/strong>. Seg\u00fan relat\u00f3, aquella decisi\u00f3n, tomada en conjunto con sus padres, termin\u00f3 siendo acertada para su desarrollo tanto personal como futbol\u00edstico.<\/p>\n<p><!-- BREAK 2 --><\/p>\n<div class=\"article-asset-image article-asset-normal article-asset-center\">\n<div class=\"asset-content\"> <img class=\"centro_sinmarco\" height=\"1350\" width=\"1080\" loading=\"lazy\" decoding=\"async\" sizes=\"100vw\" fetchpriority=\"high\" srcset=\"http:\/\/hoycordobaweb.com\/wp-content\/uploads\/2026\/09\/kylian-mbappe-futbolilsta-el-madrid-queria-que-fuera-a-los-12-anos-pero-no-estaba-listo-para-salir-de-mi-pais-y-dejar-a-mis-amigos-solo.jpg 450w, http:\/\/hoycordobaweb.com\/wp-content\/uploads\/2026\/09\/kylian-mbappe-futbolilsta-el-madrid-queria-que-fuera-a-los-12-anos-pero-no-estaba-listo-para-salir-de-mi-pais-y-dejar-a-mis-amigos-solo-3.jpg 681w, http:\/\/hoycordobaweb.com\/wp-content\/uploads\/2026\/09\/kylian-mbappe-futbolilsta-el-madrid-queria-que-fuera-a-los-12-anos-pero-no-estaba-listo-para-salir-de-mi-pais-y-dejar-a-mis-amigos-solo-4.jpg 1024w, http:\/\/hoycordobaweb.com\/wp-content\/uploads\/2026\/09\/kylian-mbappe-futbolilsta-el-madrid-queria-que-fuera-a-los-12-anos-pero-no-estaba-listo-para-salir-de-mi-pais-y-dejar-a-mis-amigos-solo-5.jpg 1366w\" src=\"http:\/\/hoycordobaweb.com\/wp-content\/uploads\/2026\/09\/kylian-mbappe-futbolilsta-el-madrid-queria-que-fuera-a-los-12-anos-pero-no-estaba-listo-para-salir-de-mi-pais-y-dejar-a-mis-amigos-solo.jpg\" alt=\"Kylian Mbappe 27 Anos El Madrid Queria Que Fuera A Los 12 Anos Pero No Estaba Listo Para Salir De Mi Pais Y Dejar A Mis Amigos Solo\"> <noscript><img alt=\"Kylian Mbappe 27 Anos El Madrid Queria Que Fuera A Los 12 Anos Pero No Estaba Listo Para Salir De Mi Pais Y Dejar A Mis Amigos Solo\" class=\"centro_sinmarco\" src=\"http:\/\/hoycordobaweb.com\/wp-content\/uploads\/2026\/09\/kylian-mbappe-futbolilsta-el-madrid-queria-que-fuera-a-los-12-anos-pero-no-estaba-listo-para-salir-de-mi-pais-y-dejar-a-mis-amigos-solo.jpg\"><\/noscript> <\/div>\n<\/div>\n<p>A los 12 a\u00f1os, Kylian Mbapp\u00e9 viv\u00eda en Bondy, un suburbio al este de Par\u00eds donde <a rel=\"noopener, noreferrer\" href=\"https:\/\/www.goal.com\/es\/listados\/familia-de-mbappe-quien-es-su-padre-quien-es-su-madre-como-se-llaman-edades-y-cuantos-hermanos-tiene\/blt539475c007d393dd\">naci\u00f3 y creci\u00f3 junto a su familia<\/a>. Su padre, Wilfried Mbapp\u00e9, de origen camerun\u00e9s, era entrenador del AS Bondy, el club del barrio donde el propio Kylian dio sus primeros pasos en el f\u00fatbol desde los seis a\u00f1os. Su madre, Fayza Lamari, nacida en la misma localidad y de ra\u00edces argelinas, <strong>hab\u00eda sido jugadora profesional de balonmano<\/strong> y con el tiempo se convertir\u00eda en la representante que manej\u00f3 las negociaciones m\u00e1s importantes de su carrera, entre ellas su llegada al Real Madrid.&nbsp;<\/p>\n<p><!-- BREAK 3 --> <\/p>\n<p>En casa tambi\u00e9n estaban sus dos hermanos, Jir\u00e8s Kembo Ekoko, adoptado por la familia siendo ni\u00f1o y tambi\u00e9n futbolista profesional, y Ethan Mbapp\u00e9, el menor, que m\u00e1s tarde <strong>seguir\u00eda sus pasos en el PSG<\/strong>. Pese a la fama de barrio complicado que rodeaba a Bondy, Mbapp\u00e9 siempre insisti\u00f3 en que <a rel=\"noopener, noreferrer\" href=\"https:\/\/okdiario.com\/diariomadridista\/real-madrid\/padres-kylian-mbappe-donde-son-que-estan-separados-sus-negocios-jugador-450807\">su infancia fue la de un ni\u00f1o normal<\/a>, rodeado de amigos y con un \u00fanico sue\u00f1o: alg\u00fan d\u00eda vestir la camiseta del Real Madrid.<\/p>\n<p>El delantero tambi\u00e9n evoc\u00f3 c\u00f3mo era su cuarto de ni\u00f1o, <strong>cubierto de p\u00f3steres del Real Madrid<\/strong>, y la semana que pas\u00f3 entrenando en la Ciudad Deportiva de Valdebebas invitado por Zinedine Zidane. Confes\u00f3 que en ese entonces no hablaba ni espa\u00f1ol ni ingl\u00e9s, pero que vestir la camiseta blanca durante esos d\u00edas fue un momento inolvidable antes de regresar a Francia.&nbsp;<\/p>\n<p><!-- BREAK 4 --><\/p>\n<div class=\"article-asset-image article-asset-normal article-asset-center\">\n<div class=\"asset-content\"> <img class=\"centro_sinmarco\" height=\"1345\" width=\"1345\" loading=\"lazy\" decoding=\"async\" sizes=\"100vw\" fetchpriority=\"high\" srcset=\"http:\/\/hoycordobaweb.com\/wp-content\/uploads\/2026\/09\/kylian-mbappe-futbolilsta-el-madrid-queria-que-fuera-a-los-12-anos-pero-no-estaba-listo-para-salir-de-mi-pais-y-dejar-a-mis-amigos-solo-1.jpg 450w, http:\/\/hoycordobaweb.com\/wp-content\/uploads\/2026\/09\/kylian-mbappe-futbolilsta-el-madrid-queria-que-fuera-a-los-12-anos-pero-no-estaba-listo-para-salir-de-mi-pais-y-dejar-a-mis-amigos-solo-6.jpg 681w, http:\/\/hoycordobaweb.com\/wp-content\/uploads\/2026\/09\/kylian-mbappe-futbolilsta-el-madrid-queria-que-fuera-a-los-12-anos-pero-no-estaba-listo-para-salir-de-mi-pais-y-dejar-a-mis-amigos-solo-7.jpg 1024w, http:\/\/hoycordobaweb.com\/wp-content\/uploads\/2026\/09\/kylian-mbappe-futbolilsta-el-madrid-queria-que-fuera-a-los-12-anos-pero-no-estaba-listo-para-salir-de-mi-pais-y-dejar-a-mis-amigos-solo-8.jpg 1366w\" src=\"http:\/\/hoycordobaweb.com\/wp-content\/uploads\/2026\/09\/kylian-mbappe-futbolilsta-el-madrid-queria-que-fuera-a-los-12-anos-pero-no-estaba-listo-para-salir-de-mi-pais-y-dejar-a-mis-amigos-solo-1.jpg\" alt=\"Kylian Mbappe 27 Anos El Madrid Queria Que Fuera A Los 12 Anos Pero No Estaba Listo Para Salir De Mi Pais Y Dejar A Mis Amigos Solo\"> <noscript><img alt=\"Kylian Mbappe 27 Anos El Madrid Queria Que Fuera A Los 12 Anos Pero No Estaba Listo Para Salir De Mi Pais Y Dejar A Mis Amigos Solo\" class=\"centro_sinmarco\" src=\"http:\/\/hoycordobaweb.com\/wp-content\/uploads\/2026\/09\/kylian-mbappe-futbolilsta-el-madrid-queria-que-fuera-a-los-12-anos-pero-no-estaba-listo-para-salir-de-mi-pais-y-dejar-a-mis-amigos-solo-1.jpg\"><\/noscript> <\/div>\n<\/div>\n<h3>De Valdebebas al Bernab\u00e9u: una espera de a\u00f1os<\/h3>\n<p>El camino hasta convertirse oficialmente en jugador del Real Madrid no fue corto. Mbapp\u00e9 pas\u00f3 por el AS M\u00f3naco y despu\u00e9s por el Paris Saint-Germain, donde se convirti\u00f3 en una de las m\u00e1ximas figuras del f\u00fatbol mundial antes de que <a rel=\"noopener, noreferrer\" href=\"https:\/\/www.realmadrid.com\/es-ES\/noticias\/futbol\/primer-equipo\/especiales\/especial-fichaje-de-mbappe-25-07-2024\">el fichaje so\u00f1ado finalmente se concretara<\/a>. El propio futbolista reconoci\u00f3 que <strong>siempre tuvo el sue\u00f1o de jugar en el Real Madrid<\/strong> y que quiso llegar lo m\u00e1s preparado posible para hacerlo.&nbsp;<\/p>\n<p>M\u00e1s all\u00e1 de las cifras y las negociaciones, Mbapp\u00e9 insisti\u00f3 en que su prioridad nunca fue el dinero. Explic\u00f3 que la decisi\u00f3n de vestir la camiseta merengue respondi\u00f3 a un deseo de infancia por encima de cualquier oferta econ\u00f3mica superior, algo que reafirm\u00f3 al recordar la ilusi\u00f3n de escuchar su nombre coreado en el Santiago Bernab\u00e9u. Esa mezcla de paciencia y convicci\u00f3n termin\u00f3 por darle la raz\u00f3n casi quince a\u00f1os despu\u00e9s de aquel primer acercamiento con el club.<\/p>\n<p><!-- BREAK 5 --><\/p>\n<p>Fotos de <a rel=\"noopener, noreferrer\" href=\"https:\/\/www.instagram.com\/k.mbappe\/\">Kylian Mbapp\u00e9<\/a><\/p>\n<p>En Trendencias | <a href=\"https:\/\/www.trendencias.com\/feminismo\/futbolistas-espanolas-podran-congelar-sus-ovulos-ana-peleteiro-explica-que-no-necesariamente-buena-noticia\">La RFEF va a pagar la congelaci\u00f3n de \u00f3vulos de sus jugadoras. La pregunta ahora es por qu\u00e9 quiere hacerlo<\/a><\/p>\n<p>En Xataka |&nbsp;<a href=\"https:\/\/www.xataka.com\/cine-y-tv\/nueva-pelicula-belica-nicolas-cage-provoco-demanda-105-millones-dolares-primer-trailer-fortitude\">La nueva pel\u00edcula b\u00e9lica de Nicolas Cage provoc\u00f3 una demanda de 105 millones de d\u00f3lares: primer tr\u00e1iler de &#8216;Fortitude&#8217;<\/a><\/p>\n<p>En Trendencias |&nbsp;<a href=\"https:\/\/www.trendencias.com\/shopping\/lucia-ruiz-aguirre-disenadora-tejedora-fibras-se-recuperen-vaqueros-no-deben-usarse-dos-dias-seguidos\">Luci\u0301a Ruiz de Aguirre, dise\u00f1adora y tejedora: \u00abLos vaqueros no deben usarse dos d\u00edas seguidos porque las fibras necesitan un tiempo de recuperaci\u00f3n\u00bb<\/a><\/p>\n<p><!-- BREAK 6 --> <\/p>\n","protected":false},"excerpt":{"rendered":"<p>Kylian Mbapp\u00e9, hoy delantero del Real Madrid, ha compartido en varias ocasiones sus comienzos en el f\u00fatbol, sin embargo pocas an\u00e9cdotas son tan profundas como la ocasi\u00f3n en la que cont\u00f3 en una entrevista el motivo por el que no se march\u00f3 a Espa\u00f1a cuando el equipo merengue le dio la oportunidad apenas era un [&hellip;]<\/p>\n","protected":false},"author":1,"featured_media":141250,"comment_status":"closed","ping_status":"closed","sticky":false,"template":"","format":"standard","meta":[],"categories":[],"tags":[],"_links":{"self":[{"href":"http:\/\/hoycordobaweb.com\/index.php\/wp-json\/wp\/v2\/posts\/141249"}],"collection":[{"href":"http:\/\/hoycordobaweb.com\/index.php\/wp-json\/wp\/v2\/posts"}],"about":[{"href":"http:\/\/hoycordobaweb.com\/index.php\/wp-json\/wp\/v2\/types\/post"}],"author":[{"embeddable":true,"href":"http:\/\/hoycordobaweb.com\/index.php\/wp-json\/wp\/v2\/users\/1"}],"replies":[{"embeddable":true,"href":"http:\/\/hoycordobaweb.com\/index.php\/wp-json\/wp\/v2\/comments?post=141249"}],"version-history":[{"count":0,"href":"http:\/\/hoycordobaweb.com\/index.php\/wp-json\/wp\/v2\/posts\/141249\/revisions"}],"wp:featuredmedia":[{"embeddable":true,"href":"http:\/\/hoycordobaweb.com\/index.php\/wp-json\/wp\/v2\/media\/141250"}],"wp:attachment":[{"href":"http:\/\/hoycordobaweb.com\/index.php\/wp-json\/wp\/v2\/media?parent=141249"}],"wp:term":[{"taxonomy":"category","embeddable":true,"href":"http:\/\/hoycordobaweb.com\/index.php\/wp-json\/wp\/v2\/categories?post=141249"},{"taxonomy":"post_tag","embeddable":true,"href":"http:\/\/hoycordobaweb.com\/index.php\/wp-json\/wp\/v2\/tags?post=141249"}],"curies":[{"name":"wp","href":"https:\/\/api.w.org\/{rel}","templated":true}]}}