{"id":141241,"date":"2026-09-06T13:02:24","date_gmt":"2026-09-06T13:02:24","guid":{"rendered":"https:\/\/www.mujerhoy.com\/moda\/no-te-pierdas\/que-es-minimalismo-cbk-basicos-minimalistas-2026-20260906121711-nt.html"},"modified":"2026-09-06T13:02:24","modified_gmt":"2026-09-06T13:02:24","slug":"que-es-el-minimalismo-cbk-y-por-que-los-90-han-transformado-tu-armario-de-2026","status":"publish","type":"post","link":"http:\/\/hoycordobaweb.com\/index.php\/2026\/09\/06\/que-es-el-minimalismo-cbk-y-por-que-los-90-han-transformado-tu-armario-de-2026\/","title":{"rendered":"Qu\u00e9 es el minimalismo CBK y por qu\u00e9 los 90 han transformado tu armario de 2026"},"content":{"rendered":"<p><!-- AUTHOR --><\/p>\n<div class=\"voc-author-timesocial \">\n<!-- AUTHOR --><\/p>\n<div class=\"voc-author-timesocial__signature \">\n<!-- IMAGE AUTHOR -->\n<picture class=\"voc-image-signature\">\n<img class=\"voc-image-signature__img\" src=\"http:\/\/hoycordobaweb.com\/wp-content\/uploads\/2026\/09\/que-es-el-minimalismo-cbk-y-por-que-los-90-han-transformado-tu-armario-de-2026.jpg\" alt=\"Lauren Izquierdo\">\n<\/picture>\n<!-- INFO AUTHOR --> <\/div><\/div>\n<p> <!-- COMPONENTS --><\/p>\n<p class=\"voc-paragraph\">Las <a href=\"https:\/\/www.mujerhoy.com\/belleza\/tratamientos\/minimalismo-rutina-piel-mejor-usar-menos-cremas-20260520194826-nt.html\" title data-voc-vtm-id=\"in-text-traffic\" data-mrf-link=\"www.mujerhoy.com\">amantes del minimalismo<\/a> han puesto en boca de todas una nueva tendencia que ha pasado a ser una de las m\u00e1s populares: el <strong>minimalismo CBK<\/strong>. O lo que es lo mismo, la est\u00e9tica asociada a <a href=\"https:\/\/www.mujerhoy.com\/moda\/no-te-pierdas\/mujeres-obsesionadas-carolyn-bessette-kennedy-copiaran-sandalias-chanclas-negrasr-20260429074016-nt.html\" title data-voc-vtm-id=\"in-text-traffic\" data-mrf-link=\"www.mujerhoy.com\">Carolyn Bessette-Kennedy<\/a> que luci\u00f3 durante los a\u00f1os 90. Esta <a href=\"https:\/\/www.mujerhoy.com\/moda\/no-te-pierdas\/looks-sencillos-faciles-copiar-favorecedores-20260819154336-nt.html\" title data-voc-vtm-id=\"in-text-traffic\" data-mrf-link=\"www.mujerhoy.com\">forma de vestir sencilla<\/a> y basada en <a href=\"https:\/\/www.mujerhoy.com\/moda\/no-te-pierdas\/mejores-basicos-elegantes-primavera-verano-20260503184442-nt.html\" title data-voc-vtm-id=\"in-text-traffic\" data-mrf-link=\"www.mujerhoy.com\">prendas impecables<\/a>, colores neutros y la ausencia deliberada de ornamentaci\u00f3n, se basaba en una actitud m\u00e1s que un estilo construido alrededor de piezas reconocibles. La ropa parec\u00eda no estar intentando demostrar nada y por eso transmit\u00eda una sofisticaci\u00f3n inigualable como reacci\u00f3n a la exuberancia y el consumo visual de los 80. <\/p>\n<p class=\"voc-paragraph\">De esta forma y frente a las hombreras, logoman\u00eda, joyer\u00eda y colores vibrantes, dise\u00f1adores como Jil Sander, Helmut Lang, Narciso Rodr\u00edguez o Calvin Klein propusieron una elegancia que se basaba en la <strong>reducci\u00f3n<\/strong>, apoyada con mejores materiales, l\u00edneas limpias, colores neutros y ning\u00fan elemento decorativo. Carolyn Bessette-Kennedy traslad\u00f3 ese lenguaje de la pasarela a la vida cotidiana y termin\u00f3 siendo su <strong>icono m\u00e1s aut\u00e9ntico<\/strong>.<\/p>\n<div class=\"v-c-cmp v-c-cmp--t1 \">\n<div class=\"v-cmp-rld v-cmp-rld--2 \">\n<div class=\"v-cnt-m v-cnt-m--m\">\n<div class=\"v-cnt-m__c\">\n<div class=\"v-cnt-m__w v-cnt-m__w--1\">\n<p class=\"v-cnt-m__t\">\nTAMBI\u00c9N TE INTERESA\n<\/p>\n<\/div>\n<\/div>\n<\/div>\n<div class=\"v-g v-g--2-c v-g--bdr-min-xs\">\n<div class=\"v-g__c \">\n<article class=\"v-a v-a--cmp-rld v-a--cmp-rld-2 v-a--p-l\">\n<div class=\"v-a-img-c\">\n<figure class=\"v-a-fig\">\n<a href=\"https:\/\/www.mujerhoy.com\/moda\/no-te-pierdas\/basicos-amigas-francesas-verano-alicante-20260711185140-nt.html#vtm_modulosEngag=mod-rel:moda:noticia:1:cmp:2-not\" class=\"v-a-link\" title=\"Mis amigas francesas se han enamorado de Alicante: seis prendas inspiradas en el Mediterr\u00e1neo que han incluido a sus armarios\"><br \/>\n<img loading=\"lazy\" class=\"v-a-img\" src=\"http:\/\/hoycordobaweb.com\/wp-content\/uploads\/2026\/09\/que-es-el-minimalismo-cbk-y-por-que-los-90-han-transformado-tu-armario-de-2026-1.jpg\" alt=\"Mis amigas francesas se han enamorado de Alicante: seis prendas inspiradas en el Mediterr\u00e1neo que han incluido a sus armarios\"><br \/>\n<\/a><br \/>\n<\/figure>\n<\/div>\n<\/article>\n<\/div>\n<div class=\"v-g__c \">\n<article class=\"v-a v-a--cmp-rld v-a--cmp-rld-2 v-a--p-l\">\n<div class=\"v-a-img-c\">\n<figure class=\"v-a-fig\">\n<a href=\"https:\/\/www.mujerhoy.com\/moda\/no-te-pierdas\/basicos-elegantes-verano-bonitos-minimalistas-elegantes-20260527174002-nt.html#vtm_modulosEngag=mod-rel:moda:noticia:2:cmp:2-not\" class=\"v-a-link\" title=\"Los seis b\u00e1sicos m\u00e1s elegantes del verano: minimalistas y elegantes\"><br \/>\n<img loading=\"lazy\" class=\"v-a-img\" src=\"http:\/\/hoycordobaweb.com\/wp-content\/uploads\/2026\/09\/que-es-el-minimalismo-cbk-y-por-que-los-90-han-transformado-tu-armario-de-2026-2.jpg\" alt=\"Los seis b\u00e1sicos m\u00e1s elegantes del verano: minimalistas y elegantes\"><br \/>\n<\/a><br \/>\n<\/figure>\n<\/div>\n<\/article>\n<\/div>\n<\/div>\n<\/div>\n<\/div>\n<p class=\"voc-paragraph\">Sin embargo, lo interesante de este minimalismo es que <strong>nunca fue austero<\/strong>. Hab\u00eda sensualidad, pero estaba contenida y era sutil. Podr\u00edamos hablar de un vestido lencero cortado al bies, una camisa masculina algo abierta o una falda larga con botas. Es m\u00e1s, si tiramos de iconograf\u00eda, su vestido de novia dise\u00f1ado por <strong>Narciso Rodr\u00edguez<\/strong> en 1996 resumir\u00eda perfectamente dicha filosof\u00eda. En los 90, el lujo no necesitaba decoraci\u00f3n para que una prenda pareciera cara. En 2026, tambi\u00e9n.<\/p>\n<div class=\"v-c-cmp v-c-cmp--s\">\n<div class=\"v-cmp-m \">\n<article class=\"v-a v-a--cmp-m v-c-cmp--m-z\">\n<div class=\"v-a-img-c \">\n<div class=\"v-a-fig\">\n<button class=\"v-a-link\" popovertarget=\"photo-90\"><br \/>\n<img loading=\"lazy\" src=\"http:\/\/hoycordobaweb.com\/wp-content\/uploads\/2026\/09\/que-es-el-minimalismo-cbk-y-por-que-los-90-han-transformado-tu-armario-de-2026-3.jpg\" class=\"v-a-img\" width=\"650\" height=\"650\" alt data-voc-vtm-id=\"in-text-traffic\"> <\/button><figcaption class=\"v-fc\">\n<span class=\"v-fc__p\"><br \/>\n@ivannamatoshko<br \/>\n<\/span><br \/>\n<\/figcaption><\/div>\n<\/div>\n<div id=\"photo-90\" popover class=\"v-mdl v-mdl--fw\">\n<button class=\"v-x\" popovertarget=\"photo-90\" popovertargetaction=\"hide\"><br \/>\n<span class=\"v-i\"><br \/>\n<svg width=\"24\" height=\"23.996\" viewBox=\"0 0 24 23.996\">\n<path data-name=\"Uni\u00f3n 29\" d=\"M12,14.03,2.031,24,0,21.963,9.968,12,0,2.033,2.031,0,12,9.966,21.969,0,24,2.033,14.032,12,24,21.963,21.969,24Z\" \/>\n<\/svg><br \/>\n<\/span><br \/>\n<\/button><\/p>\n<div class=\"v-mdl__c\">\n<div class=\"v-mdl__w\">\n<img loading=\"lazy\" src=\"http:\/\/hoycordobaweb.com\/wp-content\/uploads\/2026\/09\/que-es-el-minimalismo-cbk-y-por-que-los-90-han-transformado-tu-armario-de-2026-3.jpg\" class=\"v-mdl__img-z\" width=\"650\" height=\"650\" alt>\n<\/div>\n<\/div>\n<\/div>\n<p><span class=\"v-bdp\"><\/span><br \/>\n<\/article>\n<\/div>\n<\/div>\n<p><h3 class=\"v-cmp-suh\">\nMinimalismo en la actualidad<br \/>\n<\/h3>\n<\/p>\n<p class=\"voc-paragraph\">Las referencias que nacieron del imaginario del minimalismo americano y europeo de los noventa se trasladan a la actualidad contempor\u00e1nea. A nivel visual el lenguaje es bastante reconocible. Para crear looks afines a esta est\u00e9tica solo necesitar\u00e1s tonos neutros, abrigos masculinos, pantalones rectos o vestidos lenceros. Tambi\u00e9n elementos ic\u00f3nicos como las camisas blancas, las joyas sutiles, los bolsos sencillos, las gafas ovaladas que ahora triunfan en marcas como <strong>Miu Miu<\/strong> y la joyer\u00eda discreta. <\/p>\n<p class=\"voc-paragraph\">En resumen podr\u00edamos decir que las tendencias de la nueva temporada oto\u00f1o\/invierno 2026-2027 se alejan de la viralidad de las modas m\u00e1s ef\u00edmeras para revivir el concepto del quite luxury. Ten presente que el minimalismo CBK solo busca <strong>impresionar al p\u00fablico adecuado<\/strong>. Por lo que, cuanto m\u00e1s sea el conocimiento de moda necesario para reconocer la calidad de un abrigo, un corte o un tejido sin depender de logos, m\u00e1s exclusivo se vuelve el c\u00f3digo. <\/p>\n<div class=\"v-c-cmp v-c-cmp--s\">\n<div class=\"v-cmp-m \">\n<article class=\"v-a v-a--cmp-m v-c-cmp--m-z\">\n<div class=\"v-a-img-c \">\n<div class=\"v-a-fig\">\n<button class=\"v-a-link\" popovertarget=\"photo-17\"><br \/>\n<img loading=\"lazy\" src=\"http:\/\/hoycordobaweb.com\/wp-content\/uploads\/2026\/09\/que-es-el-minimalismo-cbk-y-por-que-los-90-han-transformado-tu-armario-de-2026-4.jpg\" class=\"v-a-img\" width=\"650\" height=\"650\" alt data-voc-vtm-id=\"in-text-traffic\"> <\/button><figcaption class=\"v-fc\">\n<span class=\"v-fc__p\"><br \/>\n@silviabraz<br \/>\n<\/span><br \/>\n<\/figcaption><\/div>\n<\/div>\n<div id=\"photo-17\" popover class=\"v-mdl v-mdl--fw\">\n<button class=\"v-x\" popovertarget=\"photo-17\" popovertargetaction=\"hide\"><br \/>\n<span class=\"v-i\"><br \/>\n<svg width=\"24\" height=\"23.996\" viewBox=\"0 0 24 23.996\">\n<path data-name=\"Uni\u00f3n 29\" d=\"M12,14.03,2.031,24,0,21.963,9.968,12,0,2.033,2.031,0,12,9.966,21.969,0,24,2.033,14.032,12,24,21.963,21.969,24Z\" \/>\n<\/svg><br \/>\n<\/span><br \/>\n<\/button><\/p>\n<div class=\"v-mdl__c\">\n<div class=\"v-mdl__w\">\n<img loading=\"lazy\" src=\"http:\/\/hoycordobaweb.com\/wp-content\/uploads\/2026\/09\/que-es-el-minimalismo-cbk-y-por-que-los-90-han-transformado-tu-armario-de-2026-4.jpg\" class=\"v-mdl__img-z\" width=\"650\" height=\"650\" alt>\n<\/div>\n<\/div>\n<\/div>\n<p><span class=\"v-bdp\"><\/span><br \/>\n<\/article>\n<\/div>\n<\/div>\n<p><h3 class=\"v-cmp-suh\">\nMejores b\u00e1sicos minimalistas<br \/>\n<\/h3>\n<\/p>\n<div class=\"v-c-cmp v-c-cmp--s\">\n<div class=\"v-cmp-m \">\n<article class=\"v-a v-a--cmp-m v-c-cmp--m-z\">\n<div class=\"v-a-img-c \">\n<div class=\"v-a-fig\">\n<button class=\"v-a-link\" popovertarget=\"photo-354\"><br \/>\n<img loading=\"lazy\" src=\"http:\/\/hoycordobaweb.com\/wp-content\/uploads\/2026\/09\/que-es-el-minimalismo-cbk-y-por-que-los-90-han-transformado-tu-armario-de-2026-5.jpg\" class=\"v-a-img\" width=\"650\" height=\"650\" alt=\"Blazer de COS, 179 euros.\" data-voc-vtm-id=\"in-text-traffic\"> <\/button><figcaption class=\"v-fc\">\n<span class=\"v-fc__t\"><br \/>\nBlazer de COS, 179 euros.<br \/>\n<\/span><br \/>\n<\/figcaption><\/div>\n<\/div>\n<div id=\"photo-354\" popover class=\"v-mdl v-mdl--fw\">\n<button class=\"v-x\" popovertarget=\"photo-354\" popovertargetaction=\"hide\"><br \/>\n<span class=\"v-i\"><br \/>\n<svg width=\"24\" height=\"23.996\" viewBox=\"0 0 24 23.996\">\n<path data-name=\"Uni\u00f3n 29\" d=\"M12,14.03,2.031,24,0,21.963,9.968,12,0,2.033,2.031,0,12,9.966,21.969,0,24,2.033,14.032,12,24,21.963,21.969,24Z\" \/>\n<\/svg><br \/>\n<\/span><br \/>\n<\/button><\/p>\n<div class=\"v-mdl__c\">\n<div class=\"v-mdl__w\">\n<img loading=\"lazy\" src=\"http:\/\/hoycordobaweb.com\/wp-content\/uploads\/2026\/09\/que-es-el-minimalismo-cbk-y-por-que-los-90-han-transformado-tu-armario-de-2026-5.jpg\" class=\"v-mdl__img-z\" width=\"650\" height=\"650\" alt>\n<\/div>\n<\/div>\n<\/div>\n<p><span class=\"v-bdp\"><\/span><br \/>\n<\/article>\n<\/div>\n<\/div>\n<p class=\"voc-paragraph\"><strong>Blazer de COS, 179 euros<\/strong>. Es un b\u00e1sico fundamental con el que arrasar\u00e1s all\u00e1 donde vayas. Personalmente, me aprece el m\u00e1s vers\u00e1til y podr\u00e1s llevarlo tanto con vaqueros, como con pantalones negros, sobre vestidos, faldas o con bermudas. <\/p>\n<div class=\"v-c-cmp v-c-cmp--s\">\n<div class=\"v-cmp-m \">\n<article class=\"v-a v-a--cmp-m v-c-cmp--m-z\">\n<div class=\"v-a-img-c \">\n<div class=\"v-a-fig\">\n<button class=\"v-a-link\" popovertarget=\"photo-344\"><br \/>\n<img loading=\"lazy\" src=\"http:\/\/hoycordobaweb.com\/wp-content\/uploads\/2026\/09\/que-es-el-minimalismo-cbk-y-por-que-los-90-han-transformado-tu-armario-de-2026-6.jpg\" class=\"v-a-img\" width=\"650\" height=\"650\" alt=\"Camisa blanca de Jil Sander, 317 euros.\" data-voc-vtm-id=\"in-text-traffic\"> <\/button><figcaption class=\"v-fc\">\n<span class=\"v-fc__t\"><br \/>\nCamisa blanca de Jil Sander, 317 euros.<br \/>\n<\/span><br \/>\n<\/figcaption><\/div>\n<\/div>\n<div id=\"photo-344\" popover class=\"v-mdl v-mdl--fw\">\n<button class=\"v-x\" popovertarget=\"photo-344\" popovertargetaction=\"hide\"><br \/>\n<span class=\"v-i\"><br \/>\n<svg width=\"24\" height=\"23.996\" viewBox=\"0 0 24 23.996\">\n<path data-name=\"Uni\u00f3n 29\" d=\"M12,14.03,2.031,24,0,21.963,9.968,12,0,2.033,2.031,0,12,9.966,21.969,0,24,2.033,14.032,12,24,21.963,21.969,24Z\" \/>\n<\/svg><br \/>\n<\/span><br \/>\n<\/button><\/p>\n<div class=\"v-mdl__c\">\n<div class=\"v-mdl__w\">\n<img loading=\"lazy\" src=\"http:\/\/hoycordobaweb.com\/wp-content\/uploads\/2026\/09\/que-es-el-minimalismo-cbk-y-por-que-los-90-han-transformado-tu-armario-de-2026-6.jpg\" class=\"v-mdl__img-z\" width=\"650\" height=\"650\" alt>\n<\/div>\n<\/div>\n<\/div>\n<p><span class=\"v-bdp\"><\/span><br \/>\n<\/article>\n<\/div>\n<\/div>\n<p class=\"voc-paragraph\"><strong>Camisa blanca de Jil Sander, 317 euros.<\/strong> Es una inversi\u00f3n, un b\u00e1sico estructurado con esencia atemporal que no pasa de moda y que podr\u00e1s llevar a lo largo de toda una vida. Adem\u00e1s, sienta como un guante a cualquier edad. <\/p>\n<div class=\"v-c-cmp v-c-cmp--s\">\n<div class=\"v-cmp-m \">\n<article class=\"v-a v-a--cmp-m v-c-cmp--m-z\">\n<div class=\"v-a-img-c \">\n<div class=\"v-a-fig\">\n<button class=\"v-a-link\" popovertarget=\"photo-903\"><br \/>\n<img loading=\"lazy\" src=\"http:\/\/hoycordobaweb.com\/wp-content\/uploads\/2026\/09\/que-es-el-minimalismo-cbk-y-por-que-los-90-han-transformado-tu-armario-de-2026-7.jpg\" class=\"v-a-img\" width=\"650\" height=\"650\" alt=\"Jersey de Calvin Klein, 49 euros.\" data-voc-vtm-id=\"in-text-traffic\"> <\/button><figcaption class=\"v-fc\">\n<span class=\"v-fc__t\"><br \/>\nJersey de Calvin Klein, 49 euros.<br \/>\n<\/span><br \/>\n<\/figcaption><\/div>\n<\/div>\n<div id=\"photo-903\" popover class=\"v-mdl v-mdl--fw\">\n<button class=\"v-x\" popovertarget=\"photo-903\" popovertargetaction=\"hide\"><br \/>\n<span class=\"v-i\"><br \/>\n<svg width=\"24\" height=\"23.996\" viewBox=\"0 0 24 23.996\">\n<path data-name=\"Uni\u00f3n 29\" d=\"M12,14.03,2.031,24,0,21.963,9.968,12,0,2.033,2.031,0,12,9.966,21.969,0,24,2.033,14.032,12,24,21.963,21.969,24Z\" \/>\n<\/svg><br \/>\n<\/span><br \/>\n<\/button><\/p>\n<div class=\"v-mdl__c\">\n<div class=\"v-mdl__w\">\n<img loading=\"lazy\" src=\"http:\/\/hoycordobaweb.com\/wp-content\/uploads\/2026\/09\/que-es-el-minimalismo-cbk-y-por-que-los-90-han-transformado-tu-armario-de-2026-7.jpg\" class=\"v-mdl__img-z\" width=\"650\" height=\"650\" alt>\n<\/div>\n<\/div>\n<\/div>\n<p><span class=\"v-bdp\"><\/span><br \/>\n<\/article>\n<\/div>\n<\/div>\n<p class=\"voc-paragraph\"><strong>Jersey de Calvin Klein, 49 euros.<\/strong> Con tus jeans de confianza, con un vaquero blanco, con una falda l\u00e1piz o con un pantal\u00f3n de traje. Sus posibilidades son infinitas. Adem\u00e1s, es ultra favorecedor. <\/p>\n<div class=\"v-c-cmp v-c-cmp--s\">\n<div class=\"v-cmp-m \">\n<article class=\"v-a v-a--cmp-m v-c-cmp--m-z\">\n<div class=\"v-a-img-c \">\n<div class=\"v-a-fig\">\n<button class=\"v-a-link\" popovertarget=\"photo-829\"><br \/>\n<img loading=\"lazy\" src=\"http:\/\/hoycordobaweb.com\/wp-content\/uploads\/2026\/09\/que-es-el-minimalismo-cbk-y-por-que-los-90-han-transformado-tu-armario-de-2026-8.jpg\" class=\"v-a-img\" width=\"650\" height=\"650\" alt=\"Vestido midi blanco de Massimo Dutti, 79,95 euros.\" data-voc-vtm-id=\"in-text-traffic\"> <\/button><figcaption class=\"v-fc\">\n<span class=\"v-fc__t\"><br \/>\nVestido midi blanco de Massimo Dutti, 79,95 euros.<br \/>\n<\/span><br \/>\n<\/figcaption><\/div>\n<\/div>\n<div id=\"photo-829\" popover class=\"v-mdl v-mdl--fw\">\n<button class=\"v-x\" popovertarget=\"photo-829\" popovertargetaction=\"hide\"><br \/>\n<span class=\"v-i\"><br \/>\n<svg width=\"24\" height=\"23.996\" viewBox=\"0 0 24 23.996\">\n<path data-name=\"Uni\u00f3n 29\" d=\"M12,14.03,2.031,24,0,21.963,9.968,12,0,2.033,2.031,0,12,9.966,21.969,0,24,2.033,14.032,12,24,21.963,21.969,24Z\" \/>\n<\/svg><br \/>\n<\/span><br \/>\n<\/button><\/p>\n<div class=\"v-mdl__c\">\n<div class=\"v-mdl__w\">\n<img loading=\"lazy\" src=\"http:\/\/hoycordobaweb.com\/wp-content\/uploads\/2026\/09\/que-es-el-minimalismo-cbk-y-por-que-los-90-han-transformado-tu-armario-de-2026-8.jpg\" class=\"v-mdl__img-z\" width=\"650\" height=\"650\" alt>\n<\/div>\n<\/div>\n<\/div>\n<p><span class=\"v-bdp\"><\/span><br \/>\n<\/article>\n<\/div>\n<\/div>\n<p class=\"voc-paragraph\"><strong>Vestido midi blanco de Massimo Dutti, 79,95 euros.<\/strong> Puedes llevarlo ahora y con un blazer o un abrigo estructurado cuando empiece a refrescar. Sienta como un guante y se adapta a diferentes situaciones, independientemente de tu edad o estilo.<\/p>\n<div class=\"v-c-cmp v-c-cmp--t1 \">\n<div class=\"v-cmp-rld v-cmp-rld--2 \">\n<div class=\"v-cnt-m v-cnt-m--m\">\n<div class=\"v-cnt-m__c\">\n<div class=\"v-cnt-m__w v-cnt-m__w--1\">\n<p class=\"v-cnt-m__t\">\nTAMBI\u00c9N TE INTERESA\n<\/p>\n<\/div>\n<\/div>\n<\/div>\n<div class=\"v-g v-g--2-c v-g--bdr-min-xs\">\n<div class=\"v-g__c \">\n<article class=\"v-a v-a--cmp-rld v-a--cmp-rld-2 v-a--p-l\">\n<div class=\"v-a-img-c\">\n<figure class=\"v-a-fig\">\n<a href=\"https:\/\/www.mujerhoy.com\/moda\/no-te-pierdas\/vestidos-sezane-elegantes-todoterreno-chic-frances-primavera-20260414093327-nt.html#vtm_modulosEngag=mod-rel:moda:noticia:1:cmp:2-not\" class=\"v-a-link\" title=\"Ni Zara, ni Mango: los vestidos m\u00e1s elegantes que no te vas a quitar en primavera est\u00e1n en la firma favorita de las francesas\"><br \/>\n<img loading=\"lazy\" class=\"v-a-img\" src=\"http:\/\/hoycordobaweb.com\/wp-content\/uploads\/2026\/09\/que-es-el-minimalismo-cbk-y-por-que-los-90-han-transformado-tu-armario-de-2026-9.jpg\" alt=\"Ni Zara, ni Mango: los vestidos m\u00e1s elegantes que no te vas a quitar en primavera est\u00e1n en la firma favorita de las francesas\"><br \/>\n<\/a><br \/>\n<\/figure>\n<\/div>\n<\/article>\n<\/div>\n<div class=\"v-g__c \">\n<article class=\"v-a v-a--cmp-rld v-a--cmp-rld-2 v-a--p-l\">\n<div class=\"v-a-img-c\">\n<figure class=\"v-a-fig\">\n<a href=\"https:\/\/www.mujerhoy.com\/moda\/no-te-pierdas\/mejores-basicos-para-looks-elegantes-20260426120808-nt.html#vtm_modulosEngag=mod-rel:moda:noticia:2:cmp:2-not\" class=\"v-a-link\" title=\"Seis b\u00e1sicos que siempre hacen que mis looks parezcan m\u00e1s caros de lo que son\"><br \/>\n<img loading=\"lazy\" class=\"v-a-img\" src=\"http:\/\/hoycordobaweb.com\/wp-content\/uploads\/2026\/09\/que-es-el-minimalismo-cbk-y-por-que-los-90-han-transformado-tu-armario-de-2026-10.jpg\" alt=\"Seis b\u00e1sicos que siempre hacen que mis looks parezcan m\u00e1s caros de lo que son\"><br \/>\n<\/a><br \/>\n<\/figure>\n<\/div>\n<\/article>\n<\/div>\n<\/div>\n<\/div>\n<\/div>\n<div class=\"media_block\"><\/div>\n","protected":false},"excerpt":{"rendered":"<p>Las amantes del minimalismo han puesto en boca de todas una nueva tendencia que ha pasado a ser una de las m\u00e1s populares: el minimalismo CBK. O lo que es lo mismo, la est\u00e9tica asociada a Carolyn Bessette-Kennedy que luci\u00f3 durante los a\u00f1os 90. Esta forma de vestir sencilla y basada en prendas impecables, colores [&hellip;]<\/p>\n","protected":false},"author":1,"featured_media":141242,"comment_status":"closed","ping_status":"closed","sticky":false,"template":"","format":"standard","meta":[],"categories":[],"tags":[],"_links":{"self":[{"href":"http:\/\/hoycordobaweb.com\/index.php\/wp-json\/wp\/v2\/posts\/141241"}],"collection":[{"href":"http:\/\/hoycordobaweb.com\/index.php\/wp-json\/wp\/v2\/posts"}],"about":[{"href":"http:\/\/hoycordobaweb.com\/index.php\/wp-json\/wp\/v2\/types\/post"}],"author":[{"embeddable":true,"href":"http:\/\/hoycordobaweb.com\/index.php\/wp-json\/wp\/v2\/users\/1"}],"replies":[{"embeddable":true,"href":"http:\/\/hoycordobaweb.com\/index.php\/wp-json\/wp\/v2\/comments?post=141241"}],"version-history":[{"count":0,"href":"http:\/\/hoycordobaweb.com\/index.php\/wp-json\/wp\/v2\/posts\/141241\/revisions"}],"wp:featuredmedia":[{"embeddable":true,"href":"http:\/\/hoycordobaweb.com\/index.php\/wp-json\/wp\/v2\/media\/141242"}],"wp:attachment":[{"href":"http:\/\/hoycordobaweb.com\/index.php\/wp-json\/wp\/v2\/media?parent=141241"}],"wp:term":[{"taxonomy":"category","embeddable":true,"href":"http:\/\/hoycordobaweb.com\/index.php\/wp-json\/wp\/v2\/categories?post=141241"},{"taxonomy":"post_tag","embeddable":true,"href":"http:\/\/hoycordobaweb.com\/index.php\/wp-json\/wp\/v2\/tags?post=141241"}],"curies":[{"name":"wp","href":"https:\/\/api.w.org\/{rel}","templated":true}]}}