{"id":141231,"date":"2026-09-06T18:13:11","date_gmt":"2026-09-06T18:13:11","guid":{"rendered":"https:\/\/www.ole.com.ar\/san-lorenzo\/san-lorenzo-ruben-dario-insua-tecnico-nuevo-entrenador_0_UKz4cxHzFq.html"},"modified":"2026-09-06T18:13:11","modified_gmt":"2026-09-06T18:13:11","slug":"insua-llego-al-pais-y-confirmo-su-vuelta-a-san-lorenzo-no-esperaba-un-regreso-tan-rapido","status":"publish","type":"post","link":"http:\/\/hoycordobaweb.com\/index.php\/2026\/09\/06\/insua-llego-al-pais-y-confirmo-su-vuelta-a-san-lorenzo-no-esperaba-un-regreso-tan-rapido\/","title":{"rendered":"Insua lleg\u00f3 al pa\u00eds y confirm\u00f3 su vuelta a San Lorenzo: \u00abNo esperaba un regreso tan r\u00e1pido\u00bb"},"content":{"rendered":"<p><img src=\"http:\/\/hoycordobaweb.com\/wp-content\/uploads\/2026\/09\/insua-llego-al-pais-y-confirmo-su-vuelta-a-san-lorenzo-no-esperaba-un-regreso-tan-rapido.jpg\"><\/p>\n<div id=\"element-body-0\" class=\"sc-df222161-0 hNvwjb\" readability=\"39.079136690647\">\n<p>Pasadas las ocho de la ma\u00f1ana, <strong><a href=\"https:\/\/www.ole.com.ar\/tema\/ruben-dario-insua.html\" title=\"Rub\u00e9n Dar\u00edo Insua\" alt=\"Rub\u00e9n Dar\u00edo Insua\" class=\"slug\">Ruben Dar\u00edo Insua<\/a><\/strong> aterriz\u00f3 en el aeropuerto de Ezeiza ya sabiendo que su futuro ser\u00e1 en <strong><a href=\"https:\/\/www.ole.com.ar\/tema\/san-lorenzo.html\" title=\"San Lorenzo\" alt=\"San Lorenzo\" class=\"slug\">San Lorenzo<\/a><\/strong>. \u201cA la tarde <strong>vamos a tener una charla, va a ser la primera personal y creemos que la \u00faltima porque la idea es cerrar el acuerdo<\/strong>\u201d, sentenci\u00f3, sin vueltas, porque las conversaciones arrancaron hace d\u00edas con los dirigente, con \u00e9l en Estados Unidos, donde estaba con su familia.<\/p>\n<\/div>\n<div id=\"element-body-1\" class=\"sc-df222161-0 hNvwjb\" readability=\"43\">\n<p>Tras la salida prematura de <strong>Pipo Gorosito, qui\u00e9n dur\u00f3 apenas dos meses, en los que disput\u00f3 tan solo ocho partidos<\/strong>, el nombre del Gallego se convirti\u00f3 enseguida en el principal candidato y desde antes de que Walter Perazzo dirigiera como interino ya era un secreto a voces en Boedo que ser\u00eda el pr\u00f3ximo entrenador. <strong>\u201cNo esperaba la vuelta tan r\u00e1pida, pasaron dos a\u00f1os y medio&#8230; La vez anterior tuve que esperar un poquito m\u00e1s\u201d<\/strong>, coment\u00f3, rememorando su anterior etapa, en 2024, m\u00e1s de 20 a\u00f1os despu\u00e9s de aquel primer ciclo.<\/p>\n<\/div>\n<div id=\"element-body-2\" class=\"sc-df222161-0 hNvwjb\" readability=\"41\">\n<p>Insua es San Lorenzo, de eso no hay dudas. <strong>\u201cEstoy contento de estar nuevamente en el club\u201d<\/strong>; afirm\u00f3 ante los medios que fueron a buscarlo al aeropuerto. Pese a estar afuera, el det\u00e9 dej\u00f3 en claro que <strong>estuvo atento a lo que pas\u00f3 con el Cicl\u00f3n, incluso buena parte de su cuerpo t\u00e9cnico estuvo en el Pedro Bidegain<\/strong> en el 1-0 sobre Talleres. <strong>\u201cCreo que el equipo gan\u00f3 bien, hizo un buen partido y fue superior al rival, que no es poca cosa. Sirve para la confianza\u201d<\/strong>, explic\u00f3.<\/p>\n<\/div>\n<div id=\"element-body-3\" class=\"sc-df222161-0 hNvwjb\" readability=\"37\">\n<p>El Gallego prefiri\u00f3 <strong> \u201cno hacer una evaluaci\u00f3n comparativa\u201d<\/strong> del plantel porque <strong> \u201ccada momento puede tener similitudes o no\u201d<\/strong>. Con una semana entera de cara al debut ante Independiente en Avellaneda, que ser\u00e1 la previa del cl\u00e1sico con Boca de local, coment\u00f3: <strong>\u201cLas cosas se van descubriendo en el d\u00eda a d\u00eda. Hay que trabajar mucho para que el equipo sea competitivo\u201d<\/strong>.<\/p>\n<\/div>\n<div id=\"element-body-4\" class=\"sc-df222161-0 hNvwjb\" readability=\"38\">\n<p>El CASLA solo tiene el campeonato de ac\u00e1 a fin de a\u00f1o y eso para Insua hoy es una ventaja. \u201cAl tener una sola competencia, <strong> tenemos todas semanas largas y eso nos va a permitir conocer bien al plantel y trabajar para crecer.<\/strong> Despu\u00e9s, <strong> una cosa es lo que uno puede ver desde afuera y otra lo que pasa en el d\u00eda a d\u00eda<\/strong>\u201d, asegur\u00f3.<\/p>\n<\/div>\n<div id=\"element-body-5\" class=\"sc-df222161-0 hNvwjb\" readability=\"40\">\n<p>La clave para el entrenador que hoy ser\u00eda anunciado oficialmente y tendr\u00eda su primer entrenamiento, es poder <strong>\u201csacar el mayor provecho individual de cada jugador\u201d<\/strong>, mientras que pensando en el sistema t\u00e1ctico dej\u00f3 en claro que el equipo azulgrana puede jugar con tres centrales, como \u00e9l suele hacerlo: <strong> \u201cEl torneo anterior jug\u00f3 varios partidos as\u00ed, pero eso siempre depende de las caracter\u00edsticas de los jugadores\u201d<\/strong>,<\/p>\n<\/div>\n<div id=\"element-body-6\" class=\"sc-df222161-0 hNvwjb\" readability=\"39\">\n<p>Los hinchas lo esperan con la ilusi\u00f3n de que, como en su anterior etapa, logre levantar a un equipo que viene de capa ca\u00edda. <strong>\u201cLo \u00fanico que puedo garantizar es que vamos a trabajar mucho y dedicarle todo el tiempo que sea necesario al crecimiento del equipo, eso es lo \u00fanico que puedo prometer\u201d<\/strong>, concluy\u00f3.<\/p>\n<\/div>\n<div id=\"element-body-7\" class=\"sc-a7166897-0 eTTZWU\" readability=\"31\">\n<section readability=\"2\"><picture><img alt=\"El uno por uno de San Lorenzo en la victoria ante Talleres\" loading=\"lazy\" width=\"290\" height=\"290\" decoding=\"async\" data-nimg=\"1\" src=\"http:\/\/hoycordobaweb.com\/wp-content\/uploads\/2026\/09\/insua-llego-al-pais-y-confirmo-su-vuelta-a-san-lorenzo-no-esperaba-un-regreso-tan-rapido-2.jpg\"><\/picture>\n<p><span>Mir\u00e1 tambi\u00e9n<\/span><\/p>\n<hr>\n<h3>El uno por uno de San Lorenzo en la victoria ante Talleres<\/h3>\n<\/p>\n<\/section>\n<\/div>\n<div id=\"element-body-8\" class=\"sc-a7166897-0 eTTZWU\" readability=\"31.5\">\n<section readability=\"3\"><picture><img alt=\"Culotta a Ol\u00e9 sobre el regreso de Insua: &quot;Faltan detalles, pero se va a confirmar&quot;\" loading=\"lazy\" width=\"290\" height=\"290\" decoding=\"async\" data-nimg=\"1\" src=\"http:\/\/hoycordobaweb.com\/wp-content\/uploads\/2026\/09\/insua-llego-al-pais-y-confirmo-su-vuelta-a-san-lorenzo-no-esperaba-un-regreso-tan-rapido-3.jpg\"><\/picture>\n<p><span>Mir\u00e1 tambi\u00e9n<\/span><\/p>\n<hr>\n<h3>Culotta a Ol\u00e9 sobre el regreso de Insua: \u00abFaltan detalles, pero se va a confirmar\u00bb<\/h3>\n<\/p>\n<\/section>\n<\/div>\n<div id=\"element-body-9\" class=\"sc-a7166897-0 eTTZWU\" readability=\"32\">\n<section readability=\"4\"><picture><img alt=\"Con un Far\u00edas intratable, San Lorenzo aprovech\u00f3 la ventaja num\u00e9rica y le gan\u00f3 bien a Talleres\" loading=\"lazy\" width=\"290\" height=\"290\" decoding=\"async\" data-nimg=\"1\" src=\"http:\/\/hoycordobaweb.com\/wp-content\/uploads\/2026\/09\/insua-llego-al-pais-y-confirmo-su-vuelta-a-san-lorenzo-no-esperaba-un-regreso-tan-rapido-4.jpg\"><\/picture>\n<p><span>Mir\u00e1 tambi\u00e9n<\/span><\/p>\n<hr>\n<h3>Con un Far\u00edas intratable, San Lorenzo aprovech\u00f3 la ventaja num\u00e9rica y le gan\u00f3 bien a Talleres<\/h3>\n<\/p>\n<\/section>\n<\/div>\n","protected":false},"excerpt":{"rendered":"<p>Pasadas las ocho de la ma\u00f1ana, Ruben Dar\u00edo Insua aterriz\u00f3 en el aeropuerto de Ezeiza ya sabiendo que su futuro ser\u00e1 en San Lorenzo. \u201cA la tarde vamos a tener una charla, va a ser la primera personal y creemos que la \u00faltima porque la idea es cerrar el acuerdo\u201d, sentenci\u00f3, sin vueltas, porque las [&hellip;]<\/p>\n","protected":false},"author":1,"featured_media":141232,"comment_status":"open","ping_status":"closed","sticky":false,"template":"","format":"standard","meta":[],"categories":[16],"tags":[],"_links":{"self":[{"href":"http:\/\/hoycordobaweb.com\/index.php\/wp-json\/wp\/v2\/posts\/141231"}],"collection":[{"href":"http:\/\/hoycordobaweb.com\/index.php\/wp-json\/wp\/v2\/posts"}],"about":[{"href":"http:\/\/hoycordobaweb.com\/index.php\/wp-json\/wp\/v2\/types\/post"}],"author":[{"embeddable":true,"href":"http:\/\/hoycordobaweb.com\/index.php\/wp-json\/wp\/v2\/users\/1"}],"replies":[{"embeddable":true,"href":"http:\/\/hoycordobaweb.com\/index.php\/wp-json\/wp\/v2\/comments?post=141231"}],"version-history":[{"count":0,"href":"http:\/\/hoycordobaweb.com\/index.php\/wp-json\/wp\/v2\/posts\/141231\/revisions"}],"wp:featuredmedia":[{"embeddable":true,"href":"http:\/\/hoycordobaweb.com\/index.php\/wp-json\/wp\/v2\/media\/141232"}],"wp:attachment":[{"href":"http:\/\/hoycordobaweb.com\/index.php\/wp-json\/wp\/v2\/media?parent=141231"}],"wp:term":[{"taxonomy":"category","embeddable":true,"href":"http:\/\/hoycordobaweb.com\/index.php\/wp-json\/wp\/v2\/categories?post=141231"},{"taxonomy":"post_tag","embeddable":true,"href":"http:\/\/hoycordobaweb.com\/index.php\/wp-json\/wp\/v2\/tags?post=141231"}],"curies":[{"name":"wp","href":"https:\/\/api.w.org\/{rel}","templated":true}]}}