{"id":141229,"date":"2026-09-06T18:17:17","date_gmt":"2026-09-06T18:17:17","guid":{"rendered":"https:\/\/www.ole.com.ar\/futbol-primera\/videos-rosario-central-newells-clasico-clausura-2026_0_Fb3txddTLN.html"},"modified":"2026-09-06T18:17:17","modified_gmt":"2026-09-06T18:17:17","slug":"videos-el-bombazo-de-avila-para-el-1-0-de-central-y-lo-mejor-del-clasico","status":"publish","type":"post","link":"http:\/\/hoycordobaweb.com\/index.php\/2026\/09\/06\/videos-el-bombazo-de-avila-para-el-1-0-de-central-y-lo-mejor-del-clasico\/","title":{"rendered":"Videos: el bombazo de \u00c1vila para el 1-0 de Central y lo mejor del cl\u00e1sico"},"content":{"rendered":"<p><img src=\"http:\/\/hoycordobaweb.com\/wp-content\/uploads\/2026\/09\/videos-el-bombazo-de-avila-para-el-1-0-de-central-y-lo-mejor-del-clasico.jpg\"><\/p>\n<div><img src=\"http:\/\/hoycordobaweb.com\/wp-content\/uploads\/2026\/09\/videos-el-bombazo-de-avila-para-el-1-0-de-central-y-lo-mejor-del-clasico-2.jpg\" class=\"ff-og-image-inserted\"><\/div>\n<div id=\"element-body-0\" class=\"sc-df222161-0 hNvwjb\" readability=\"36\">\n<p>Rosario Central y Newell&#8217;s juegan un nuevo cl\u00e1sico por la fecha 8 de este Clausura, un cl\u00e1sico que tiene toda la pasi\u00f3n a su alrededor. Un duelo que se abri\u00f3 con un zapatazo de zurda de Gast\u00f3n \u00c1vila, en la \u00faltima jugada del primer tiempo.<\/p>\n<\/div>\n<p><h2><strong>El 1-0 de Central a Newell&#8217;s<\/strong><\/h2>\n<\/p>\n<div id=\"element-body-2\" class=\"sc-8712cf2e-1 brsVwg\"><figcaption class=\"JWvideoNota_title\">\n<p>Video: TNT Sports<\/p>\n<\/figcaption><\/div>\n<p><h2><strong>El homenaje a Messi a los 10 minutos<\/strong><\/h2>\n<\/p>\n<div id=\"element-body-4\" class=\"sc-8712cf2e-1 brsVwg\"><figcaption class=\"JWvideoNota_title\">\n<p>Video: TNT Sports<\/p>\n<\/figcaption><\/div>\n<p><h2><strong>El recibimiento de los hinchas de Central<\/strong><\/h2>\n<\/p>\n<div id=\"element-body-6\" class=\"sc-8712cf2e-1 brsVwg\"><figcaption class=\"JWvideoNota_title\">\n<p>Video: TNT Sports<\/p>\n<\/figcaption><\/div>\n<p><h2><strong>La llegada de Newell&#8217;s a la cancha de Central<\/strong><\/h2>\n<\/p>\n<div id=\"element-body-8\" class=\"sc-8712cf2e-1 brsVwg\" readability=\"31.5\"><figcaption class=\"JWvideoNota_title\" readability=\"3\">\n<p>As\u00ed lleg\u00f3 el micro de Newell&#8217;s para jugar el cl\u00e1sico en el Gigante de Arroyito contra Rosario Central.<\/p>\n<\/figcaption><\/div>\n<p><h2><strong>Los detalles de Rosario Central-Newell&#8217;s<\/strong><\/h2><\/p>\n","protected":false},"excerpt":{"rendered":"<p>Rosario Central y Newell&#8217;s juegan un nuevo cl\u00e1sico por la fecha 8 de este Clausura, un cl\u00e1sico que tiene toda la pasi\u00f3n a su alrededor. Un duelo que se abri\u00f3 con un zapatazo de zurda de Gast\u00f3n \u00c1vila, en la \u00faltima jugada del primer tiempo. El 1-0 de Central a Newell&#8217;s Video: TNT Sports El [&hellip;]<\/p>\n","protected":false},"author":1,"featured_media":141230,"comment_status":"open","ping_status":"closed","sticky":false,"template":"","format":"standard","meta":[],"categories":[16],"tags":[],"_links":{"self":[{"href":"http:\/\/hoycordobaweb.com\/index.php\/wp-json\/wp\/v2\/posts\/141229"}],"collection":[{"href":"http:\/\/hoycordobaweb.com\/index.php\/wp-json\/wp\/v2\/posts"}],"about":[{"href":"http:\/\/hoycordobaweb.com\/index.php\/wp-json\/wp\/v2\/types\/post"}],"author":[{"embeddable":true,"href":"http:\/\/hoycordobaweb.com\/index.php\/wp-json\/wp\/v2\/users\/1"}],"replies":[{"embeddable":true,"href":"http:\/\/hoycordobaweb.com\/index.php\/wp-json\/wp\/v2\/comments?post=141229"}],"version-history":[{"count":0,"href":"http:\/\/hoycordobaweb.com\/index.php\/wp-json\/wp\/v2\/posts\/141229\/revisions"}],"wp:featuredmedia":[{"embeddable":true,"href":"http:\/\/hoycordobaweb.com\/index.php\/wp-json\/wp\/v2\/media\/141230"}],"wp:attachment":[{"href":"http:\/\/hoycordobaweb.com\/index.php\/wp-json\/wp\/v2\/media?parent=141229"}],"wp:term":[{"taxonomy":"category","embeddable":true,"href":"http:\/\/hoycordobaweb.com\/index.php\/wp-json\/wp\/v2\/categories?post=141229"},{"taxonomy":"post_tag","embeddable":true,"href":"http:\/\/hoycordobaweb.com\/index.php\/wp-json\/wp\/v2\/tags?post=141229"}],"curies":[{"name":"wp","href":"https:\/\/api.w.org\/{rel}","templated":true}]}}