{"id":141227,"date":"2026-09-06T18:24:06","date_gmt":"2026-09-06T18:24:06","guid":{"rendered":"https:\/\/www.ole.com.ar\/tenis\/volvio-ganar-challenger-subio-91-puestos-dio-nueva-copa-tenis-argentino-facundo-mena-portugal-porto-2_0_JpJdttJMzu.html"},"modified":"2026-09-06T18:24:06","modified_gmt":"2026-09-06T18:24:06","slug":"volvio-a-ganar-un-challenger-subio-91-puestos-y-le-dio-una-nueva-copa-al-tenis-argentino","status":"publish","type":"post","link":"http:\/\/hoycordobaweb.com\/index.php\/2026\/09\/06\/volvio-a-ganar-un-challenger-subio-91-puestos-y-le-dio-una-nueva-copa-al-tenis-argentino\/","title":{"rendered":"Volvi\u00f3 a ganar un challenger, subi\u00f3 91 puestos y le dio una nueva copa al tenis argentino"},"content":{"rendered":"<p><img src=\"http:\/\/hoycordobaweb.com\/wp-content\/uploads\/2026\/09\/volvio-a-ganar-un-challenger-subio-91-puestos-y-le-dio-una-nueva-copa-al-tenis-argentino.jpg\"><\/p>\n<div id=\"element-body-0\" class=\"sc-df222161-0 hNvwjb\" readability=\"41\">\n<p>Una semana despu\u00e9s de quedarse a las puertas del t\u00edtulo, <strong>Facundo Mena <\/strong>(306\u00b0) <strong>tuvo revancha.<\/strong> El oriundo de Temperley, de 33 a\u00f1os, atraviesa un gran momento en el circuito y este domingo coron\u00f3 su segunda final consecutiva: tras caer en la definici\u00f3n del challenger de Augsburgo, en Alemania, <strong>se impuso por 7-6 (4) y 6-4 ante el boliviano Hugo Dellien<\/strong> (140\u00b0) <strong>y se consagr\u00f3 campe\u00f3n del Challenger 75 de Porto 2, en Portugal.<\/strong><\/p>\n<\/div>\n<div id=\"element-body-1\" class=\"sc-df222161-0 hNvwjb\" readability=\"40\">\n<p>A los 33 a\u00f1os, Mena volvi\u00f3 a demostrar que todav\u00eda tiene cap\u00edtulos por escribir. En su 11\u00aa final en el ATP Challenger Tour, volvi\u00f3 a levantar un trofeo de la categor\u00eda despu\u00e9s de dos a\u00f1os y sum\u00f3 el quinto de su carrera, <strong> tras los conseguidos en Como (Italia) en 2019, Quito (Ecuador) en 2021, Cali (Colombia) 2022 y Bogot\u00e1 (Colombia) en 2024.<\/strong><\/p>\n<\/div>\n<div class=\"sc-c0843421-0 iNysjD image-embed\" id=\"element-body-2\"><img alt=\"El festejo por los suelos de Facundo Mena tras consagrarse campe\u00f3n en Porto.\n(@ATPChallenger en X).\" loading=\"lazy\" width=\"720\" height=\"100\" decoding=\"async\" data-nimg=\"1\" src=\"http:\/\/hoycordobaweb.com\/wp-content\/uploads\/2026\/09\/volvio-a-ganar-un-challenger-subio-91-puestos-y-le-dio-una-nueva-copa-al-tenis-argentino-2.jpg\"><span class=\"epigraphe\">El festejo por los suelos de Facundo Mena tras consagrarse campe\u00f3n en Porto.<br \/>\n(@ATPChallenger en X).<\/span><\/div>\n<p><h2>As\u00ed fue el triunfo de Facundo Mena en el challenger de Porto<\/h2>\n<\/p>\n<div id=\"element-body-4\" class=\"sc-df222161-0 hNvwjb\" readability=\"38\">\n<p>El argentino necesit\u00f3 2h11m para imponerse sobre el polvo de ladrillo portugu\u00e9s en un encuentro con varios cambios de rumbo. <strong>Mena arranc\u00f3 mejor y quebr\u00f3 r\u00e1pidamente para ponerse 2-0, aunque Dellien respondi\u00f3 de inmediato. <\/strong> Desde entonces, ambos sostuvieron sus servicios y llevaron el primer set al tie-break, donde el bonaerense marc\u00f3 la diferencia: <strong>consigui\u00f3 tres minibreaks contra uno de su rival y se qued\u00f3 con el parcial.<\/strong><\/p>\n<\/div>\n<div id=\"element-body-5\" class=\"sc-df222161-0 hNvwjb\" readability=\"37\">\n<p>En el segundo cap\u00edtulo volvi\u00f3 a golpear primero. Mena quebr\u00f3 en el tercer game, pero nuevamente el boliviano reaccion\u00f3 enseguida para igualar 2-2. Dellien consigui\u00f3 otro break en el sexto, aunque el argentino volvi\u00f3 a responder inmediatamente. <strong> Y en el noveno juego lleg\u00f3 el golpe definitivo: Mena quebr\u00f3 para quedar 5-4 y luego cerr\u00f3 el partido con su saque para festejar el t\u00edtulo.<\/strong><\/p>\n<\/div>\n<p><h2>El enorme salto de Facundo Mena en el ranking<\/h2>\n<\/p>\n<div id=\"element-body-7\" class=\"sc-df222161-0 hNvwjb\" readability=\"37\">\n<p>Adem\u00e1s de sacarse la espina de la final perdida una semana atr\u00e1s en Augsburgo, Mena consigui\u00f3 un t\u00edtulo que tendr\u00e1 un fuerte impacto en su ranking. <strong>El argentino, que comenz\u00f3 la semana como 306\u00b0 del mundo, escalar\u00e1 91 posiciones y aparecer\u00e1 desde este lunes en el 215\u00b0 lugar.<\/strong><\/p>\n<\/div>\n<div id=\"element-body-8\" class=\"sc-df222161-0 hNvwjb\" readability=\"36\">\n<p><strong>Su mejor ubicaci\u00f3n fue el 127\u00b0 puesto, alcanzado en septiembre de 2022. <\/strong> Cuatro a\u00f1os despu\u00e9s y desde mucho m\u00e1s atr\u00e1s en la clasificaci\u00f3n, Mena volvi\u00f3 a ganar un Challenger y dio un paso importante para recuperar terreno en el circuito.<\/p>\n<\/div>\n<div class=\"sc-c0843421-0 iNysjD image-embed\" id=\"element-body-9\"><img alt=\"Facundo Mena gan\u00f3 en Portugal su quinto t\u00edtulo challenger.\n(@ATPChallenger en X).\" loading=\"lazy\" width=\"720\" height=\"100\" decoding=\"async\" data-nimg=\"1\" src=\"http:\/\/hoycordobaweb.com\/wp-content\/uploads\/2026\/09\/volvio-a-ganar-un-challenger-subio-91-puestos-y-le-dio-una-nueva-copa-al-tenis-argentino-3.jpg\"><span class=\"epigraphe\">Facundo Mena gan\u00f3 en Portugal su quinto t\u00edtulo challenger.<br \/>\n(@ATPChallenger en X).<\/span><\/div>\n<div id=\"element-body-10\" class=\"sc-a7166897-0 eTTZWU\" readability=\"31.5\">\n<section readability=\"3\"><picture><img alt=\"Un gran Francisco Cer\u00fandolo levant\u00f3 el 0-2 contra Fritz para pasar a octavos del US Open\" loading=\"lazy\" width=\"290\" height=\"290\" decoding=\"async\" data-nimg=\"1\" src=\"http:\/\/hoycordobaweb.com\/wp-content\/uploads\/2026\/09\/volvio-a-ganar-un-challenger-subio-91-puestos-y-le-dio-una-nueva-copa-al-tenis-argentino-4.jpg\"><\/picture>\n<p><span>Mir\u00e1 tambi\u00e9n<\/span><\/p>\n<hr>\n<h3>Un gran Francisco Cer\u00fandolo levant\u00f3 el 0-2 contra Fritz para pasar a octavos del US Open<\/h3>\n<\/p>\n<\/section>\n<\/div>\n<div id=\"element-body-11\" class=\"sc-a7166897-0 eTTZWU\" readability=\"31.5\">\n<section readability=\"3\"><picture><img alt=\"Con Cer\u00fandolo y Etcheverry en octavos del US Open: cu\u00e1ndo fue la \u00faltima vez que hubo dos argentinos\" loading=\"lazy\" width=\"290\" height=\"290\" decoding=\"async\" data-nimg=\"1\" src=\"http:\/\/hoycordobaweb.com\/wp-content\/uploads\/2026\/09\/volvio-a-ganar-un-challenger-subio-91-puestos-y-le-dio-una-nueva-copa-al-tenis-argentino-5.jpg\"><\/picture>\n<p><span>Mir\u00e1 tambi\u00e9n<\/span><\/p>\n<hr>\n<h3>Con Cer\u00fandolo y Etcheverry en octavos del US Open: cu\u00e1ndo fue la \u00faltima vez que hubo dos argentinos<\/h3>\n<\/p>\n<\/section>\n<\/div>\n<div id=\"element-body-12\" class=\"sc-a7166897-0 eTTZWU\" readability=\"31\">\n<section readability=\"2\"><picture><img alt=\"Las hermanas Williams volvieron a jugar juntas en el US Open: \u00bfc\u00f3mo les fue?\" loading=\"lazy\" width=\"290\" height=\"290\" decoding=\"async\" data-nimg=\"1\" src=\"http:\/\/hoycordobaweb.com\/wp-content\/uploads\/2026\/09\/volvio-a-ganar-un-challenger-subio-91-puestos-y-le-dio-una-nueva-copa-al-tenis-argentino-6.jpg\"><\/picture>\n<p><span>Mir\u00e1 tambi\u00e9n<\/span><\/p>\n<hr>\n<h3>Las hermanas Williams volvieron a jugar juntas en el US Open: \u00bfc\u00f3mo les fue?<\/h3>\n<\/p>\n<\/section>\n<\/div>\n","protected":false},"excerpt":{"rendered":"<p>Una semana despu\u00e9s de quedarse a las puertas del t\u00edtulo, Facundo Mena (306\u00b0) tuvo revancha. El oriundo de Temperley, de 33 a\u00f1os, atraviesa un gran momento en el circuito y este domingo coron\u00f3 su segunda final consecutiva: tras caer en la definici\u00f3n del challenger de Augsburgo, en Alemania, se impuso por 7-6 (4) y 6-4 [&hellip;]<\/p>\n","protected":false},"author":1,"featured_media":141228,"comment_status":"open","ping_status":"closed","sticky":false,"template":"","format":"standard","meta":[],"categories":[16],"tags":[],"_links":{"self":[{"href":"http:\/\/hoycordobaweb.com\/index.php\/wp-json\/wp\/v2\/posts\/141227"}],"collection":[{"href":"http:\/\/hoycordobaweb.com\/index.php\/wp-json\/wp\/v2\/posts"}],"about":[{"href":"http:\/\/hoycordobaweb.com\/index.php\/wp-json\/wp\/v2\/types\/post"}],"author":[{"embeddable":true,"href":"http:\/\/hoycordobaweb.com\/index.php\/wp-json\/wp\/v2\/users\/1"}],"replies":[{"embeddable":true,"href":"http:\/\/hoycordobaweb.com\/index.php\/wp-json\/wp\/v2\/comments?post=141227"}],"version-history":[{"count":0,"href":"http:\/\/hoycordobaweb.com\/index.php\/wp-json\/wp\/v2\/posts\/141227\/revisions"}],"wp:featuredmedia":[{"embeddable":true,"href":"http:\/\/hoycordobaweb.com\/index.php\/wp-json\/wp\/v2\/media\/141228"}],"wp:attachment":[{"href":"http:\/\/hoycordobaweb.com\/index.php\/wp-json\/wp\/v2\/media?parent=141227"}],"wp:term":[{"taxonomy":"category","embeddable":true,"href":"http:\/\/hoycordobaweb.com\/index.php\/wp-json\/wp\/v2\/categories?post=141227"},{"taxonomy":"post_tag","embeddable":true,"href":"http:\/\/hoycordobaweb.com\/index.php\/wp-json\/wp\/v2\/tags?post=141227"}],"curies":[{"name":"wp","href":"https:\/\/api.w.org\/{rel}","templated":true}]}}