{"id":141225,"date":"2026-09-06T19:04:39","date_gmt":"2026-09-06T19:04:39","guid":{"rendered":"https:\/\/www.ole.com.ar\/boca-juniors\/leandro-paredes-lesion-partido-boca-san-pablo-copa-sudamericana-dijo-vasco-arruabarrena_0_O5XtjuU2SP.html"},"modified":"2026-09-06T19:04:39","modified_gmt":"2026-09-06T19:04:39","slug":"que-dijo-arruabarrena-sobre-la-recuperacion-de-paredes-juega-con-san-pablo","status":"publish","type":"post","link":"http:\/\/hoycordobaweb.com\/index.php\/2026\/09\/06\/que-dijo-arruabarrena-sobre-la-recuperacion-de-paredes-juega-con-san-pablo\/","title":{"rendered":"Qu\u00e9 dijo Arruabarrena sobre la recuperaci\u00f3n de Paredes: \u00bfjuega con San Pablo?"},"content":{"rendered":"<p><img src=\"http:\/\/hoycordobaweb.com\/wp-content\/uploads\/2026\/09\/que-dijo-arruabarrena-sobre-la-recuperacion-de-paredes-juega-con-san-pablo.jpg\"><\/p>\n<div id=\"element-body-0\" class=\"sc-df222161-0 hNvwjb\" readability=\"32.385224274406\">\n<p><strong>La presencia de <a href=\"https:\/\/www.ole.com.ar\/tema\/leandro-paredes.html\" title=\"Leandro Paredes\" alt=\"Leandro Paredes\" class=\"slug\">Leandro Paredes<\/a><\/strong> es una de las cuestiones que <strong><a href=\"https:\/\/www.ole.com.ar\/tema\/boca-juniors.html\" title=\"Boca Juniors\" alt=\"Boca Juniors\" class=\"slug\">Boca<\/a><\/strong> seguir\u00e1 con especial atenci\u00f3n en las horas previas al partido del martes ante San Pablo, por la ida de los cuartos de final de la <strong><a href=\"https:\/\/www.ole.com.ar\/tema\/copa-sudamericana.html\" title=\"Copa Sudamericana\" alt=\"Copa Sudamericana\" class=\"slug\">Copa Sudamericana<\/a><\/strong>. Sin embargo, despu\u00e9s del empate ante Gimnasia en Mendoza, <strong><a href=\"https:\/\/www.ole.com.ar\/tema\/rodolfo-arruabarrena.html\" title=\"Rodolfo Arruabarrena\" alt=\"Rodolfo Arruabarrena\" class=\"slug\">Rodolfo Arruabarrena<\/a><\/strong> <strong>transmiti\u00f3 tranquilidad y fue optimista respecto de la evoluci\u00f3n de su capit\u00e1n<\/strong>.<\/p>\n<\/div>\n<div id=\"element-body-1\" class=\"sc-df222161-0 hNvwjb\" readability=\"38\">\n<p>\u201cLea fue al banco por una necesidad en cuanto al Ruso (Ascacibar, que tuvo fiebre este finde) y eso, pero <strong>se est\u00e1 recuperando bien<\/strong>. Ayer (por el viernes) entren\u00f3 bien; si no, no lo llevo al banco. Hay que tener los cuidados necesarios\u201d, explic\u00f3 el Vasco.<\/p>\n<\/div>\n<div id=\"element-body-2\" class=\"sc-df222161-0 hNvwjb\" readability=\"36.319018404908\">\n<p>Paredes ven\u00eda de dejar atr\u00e1s una lesi\u00f3n que lo hab\u00eda marginado durante algunas semanas. Reapareci\u00f3 sumando minutos frente a Lan\u00fas y luego fue titular contra <strong><a href=\"https:\/\/www.ole.com.ar\/tema\/velez.html\" title=\"V\u00e9lez\" alt=\"V\u00e9lez\" class=\"slug\">V\u00e9lez<\/a><\/strong> por la Copa Argentina, aunque <strong>no pudo completar ese encuentro por una contractura<\/strong>. Por esa raz\u00f3n, <strong>el cuerpo t\u00e9cnico decidi\u00f3 no arriesgarlo ante Gimnasia<\/strong>.<\/p>\n<\/div>\n<p><h2><strong>Las se\u00f1ales positivas de Paredes<\/strong><\/h2>\n<\/p>\n<div id=\"element-body-4\" class=\"sc-df222161-0 hNvwjb\" readability=\"37\">\n<p>De hecho, antes del partido en Mendoza hubo una imagen que llev\u00f3 tranquilidad. <strong>Paredes realiz\u00f3 con normalidad la entrada en calor<\/strong> con pelota junto con sus compa\u00f1eros y posteriormente ocup\u00f3 un lugar entre los suplentes. Estaba a disposici\u00f3n en caso de una necesidad, aunque pr\u00e1cticamente <strong>estaba decidido que no sumar\u00eda minutos<\/strong>.<\/p>\n<\/div>\n<div class=\"sc-c0843421-0 iNysjD image-embed\" id=\"element-body-5\"><img alt=\"El capit\u00e1n de Boca hizo el calentamiento en Mendoza sin problemas (Ramiro G\u00f3mez).\" loading=\"lazy\" width=\"720\" height=\"100\" decoding=\"async\" data-nimg=\"1\" src=\"http:\/\/hoycordobaweb.com\/wp-content\/uploads\/2026\/09\/que-dijo-arruabarrena-sobre-la-recuperacion-de-paredes-juega-con-san-pablo-2.jpg\"><span class=\"epigraphe\">El capit\u00e1n de Boca hizo el calentamiento en Mendoza sin problemas (Ramiro G\u00f3mez).<\/span><\/div>\n<div id=\"element-body-6\" class=\"sc-df222161-0 hNvwjb\" readability=\"38\">\n<p>Arruabarrena tambi\u00e9n explic\u00f3 por qu\u00e9 Boca pretende manejar con especial cuidado las cargas de su capit\u00e1n. <strong>\u201cEs un chico que viene de una prolongada actividad y, cuando los partidos son intensos y hay una seguidilla, es normal que cualquier jugador sienta cansancio. Pero est\u00e1 bien\u201d<\/strong>, asegur\u00f3.<\/p>\n<\/div>\n<div id=\"element-body-7\" class=\"sc-df222161-0 hNvwjb\" readability=\"39\">\n<p>Ese traj\u00edn al que hizo referencia el entrenador no es menor. Paredes lleg\u00f3 a esta etapa despu\u00e9s de una <strong>temporada particularmente extensa<\/strong>, atravesada tambi\u00e9n por el Mundial, y pr\u00e1cticamente sin pausa antes de afrontar nuevamente la competencia con Boca. Por eso, cada se\u00f1al f\u00edsica <strong>obliga al CT a extremar los cuidados<\/strong>, especialmente ahora que el calendario ofrece partidos cada pocos d\u00edas.<\/p>\n<\/div>\n<p><h2><strong>Un regreso clave para la Copa<\/strong><\/h2>\n<\/p>\n<div id=\"element-body-9\" class=\"sc-df222161-0 hNvwjb\" readability=\"36\">\n<p>Entre este domingo y el lunes, Arruabarrena seguramente <strong>volver\u00e1 a hablar personalmente con Paredes<\/strong>, una metodolog\u00eda que suele utilizar para conocer las sensaciones de sus futbolistas. Tambi\u00e9n ser\u00e1 importante observar <strong>c\u00f3mo responde el volante en las pr\u00e1cticas<\/strong> previas al encuentro.<\/p>\n<\/div>\n<div id=\"element-body-10\" class=\"sc-8712cf2e-1 brsVwg\"><figcaption class=\"JWvideoNota_title\">\n<p>Video: TyC Sports<\/p>\n<\/figcaption><\/div>\n<div id=\"element-body-11\" class=\"sc-df222161-0 hNvwjb\" readability=\"36\">\n<p>Pero el panorama es favorable. La contractura que lo oblig\u00f3 a salir contra V\u00e9lez <strong>no parece poner en riesgo su presencia frente a San Pablo<\/strong> y, si no aparece ning\u00fan contratiempo en las pr\u00f3ximas horas, <strong>Paredes volver\u00e1 al equipo titular<\/strong> el martes en la Bombonera.<\/p>\n<\/div>\n<div id=\"element-body-12\" class=\"sc-df222161-0 hNvwjb\" readability=\"39\">\n<p>Y no es una recuperaci\u00f3n m\u00e1s. Boca empezar\u00e1 una serie decisiva, en uno de los partidos m\u00e1s importantes de su a\u00f1o, y <strong>el Vasco podr\u00e1 recuperar al futbolista alrededor del cual construye su mediocampo<\/strong>. <strong>EL 5 es el capit\u00e1n, el referente y quien marca el ritmo del equipo<\/strong>. Y adem\u00e1s tiene algo que ya demostr\u00f3 desde su regreso: cuando aparecen estas noches, siempre quiere estar.<\/p>\n<\/div>\n<div id=\"element-body-13\" class=\"sc-df222161-0 hNvwjb\" readability=\"35\">\n<p>Por eso, despu\u00e9s de cuidarlo en Mendoza, todo apunta a que llegar\u00e1 el momento de <strong>volver a ponerlo en cancha<\/strong>. El martes espera San Pablo. Y <strong>Boca espera a su capit\u00e1n.<\/strong><\/p>\n<\/div>\n<div class=\"sc-c0843421-0 iNysjD image-embed\" id=\"element-body-14\"><img alt=\"Paredes, en la previa en Mendoza (Ramiro G\u00f3mez).\" loading=\"lazy\" width=\"720\" height=\"100\" decoding=\"async\" data-nimg=\"1\" src=\"http:\/\/hoycordobaweb.com\/wp-content\/uploads\/2026\/09\/que-dijo-arruabarrena-sobre-la-recuperacion-de-paredes-juega-con-san-pablo-3.jpg\"><span class=\"epigraphe\">Paredes, en la previa en Mendoza (Ramiro G\u00f3mez).<\/span><\/div>\n<div id=\"element-body-15\" class=\"sc-a7166897-0 eTTZWU\" readability=\"31\">\n<section readability=\"2\"><picture><img alt=\"Exclusivo Ol\u00e9: por qu\u00e9 la protesta de V\u00e9lez contra Boca no prosperar\u00eda en AFA\" loading=\"lazy\" width=\"290\" height=\"290\" decoding=\"async\" data-nimg=\"1\" src=\"http:\/\/hoycordobaweb.com\/wp-content\/uploads\/2026\/09\/que-dijo-arruabarrena-sobre-la-recuperacion-de-paredes-juega-con-san-pablo-4.jpg\"><\/picture>\n<p><span>Mir\u00e1 tambi\u00e9n<\/span><\/p>\n<hr>\n<h3>Exclusivo Ol\u00e9: por qu\u00e9 la protesta de V\u00e9lez contra Boca no prosperar\u00eda en AFA<\/h3>\n<\/p>\n<\/section>\n<\/div>\n<div id=\"element-body-16\" class=\"sc-a7166897-0 eTTZWU\" readability=\"31\">\n<section readability=\"2\"><picture><img alt=\"El cruce de Riquelme con un ex Boca que juega en Gimnasia tras el empate en Mendoza\" loading=\"lazy\" width=\"290\" height=\"290\" decoding=\"async\" data-nimg=\"1\" src=\"http:\/\/hoycordobaweb.com\/wp-content\/uploads\/2026\/09\/que-dijo-arruabarrena-sobre-la-recuperacion-de-paredes-juega-con-san-pablo-5.jpg\"><\/picture>\n<p><span>Mir\u00e1 tambi\u00e9n<\/span><\/p>\n<hr>\n<h3>El cruce de Riquelme con un ex Boca que juega en Gimnasia tras el empate en Mendoza<\/h3>\n<\/p>\n<\/section>\n<\/div>\n<div id=\"element-body-17\" class=\"sc-a7166897-0 eTTZWU\" readability=\"32\">\n<section readability=\"4\"><picture><img alt=\"Con Mat\u00edas Satas, el uno por uno de los 50 pibes que debutaron en Boca en la era Riquelme\" loading=\"lazy\" width=\"290\" height=\"290\" decoding=\"async\" data-nimg=\"1\" src=\"http:\/\/hoycordobaweb.com\/wp-content\/uploads\/2026\/09\/que-dijo-arruabarrena-sobre-la-recuperacion-de-paredes-juega-con-san-pablo-6.jpg\"><\/picture>\n<p><span>Mir\u00e1 tambi\u00e9n<\/span><\/p>\n<hr>\n<h3>Con Mat\u00edas Satas, el uno por uno de los 50 pibes que debutaron en Boca en la era Riquelme<\/h3>\n<\/p>\n<\/section>\n<\/div>\n<div id=\"element-body-18\" class=\"sc-a7166897-0 eTTZWU\" readability=\"32\">\n<section readability=\"4\"><picture><img alt=\"El fuerte enojo de Guillermo Barros Schelotto, tras una pregunta sobre el reclamo de V\u00e9lez ante AFA por el partido con Boca\" loading=\"lazy\" width=\"290\" height=\"290\" decoding=\"async\" data-nimg=\"1\" src=\"http:\/\/hoycordobaweb.com\/wp-content\/uploads\/2026\/09\/que-dijo-arruabarrena-sobre-la-recuperacion-de-paredes-juega-con-san-pablo-7.jpg\"><\/picture>\n<p><span>Mir\u00e1 tambi\u00e9n<\/span><\/p>\n<hr>\n<h3>El fuerte enojo de Guillermo Barros Schelotto, tras una pregunta sobre el reclamo de V\u00e9lez ante AFA por el partido con Boca<\/h3>\n<\/p>\n<\/section>\n<\/div>\n<div id=\"element-body-19\" class=\"sc-a7166897-0 eTTZWU\" readability=\"31\">\n<section readability=\"2\"><picture><img alt=\"Baja para Boca: el titular que se pierde el partido con San Pablo\" loading=\"lazy\" width=\"290\" height=\"290\" decoding=\"async\" data-nimg=\"1\" src=\"http:\/\/hoycordobaweb.com\/wp-content\/uploads\/2026\/09\/que-dijo-arruabarrena-sobre-la-recuperacion-de-paredes-juega-con-san-pablo-8.jpg\"><\/picture>\n<p><span>Mir\u00e1 tambi\u00e9n<\/span><\/p>\n<hr>\n<h3>Baja para Boca: el titular que se pierde el partido con San Pablo<\/h3>\n<\/p>\n<\/section>\n<\/div>\n","protected":false},"excerpt":{"rendered":"<p>La presencia de Leandro Paredes es una de las cuestiones que Boca seguir\u00e1 con especial atenci\u00f3n en las horas previas al partido del martes ante San Pablo, por la ida de los cuartos de final de la Copa Sudamericana. Sin embargo, despu\u00e9s del empate ante Gimnasia en Mendoza, Rodolfo Arruabarrena transmiti\u00f3 tranquilidad y fue optimista [&hellip;]<\/p>\n","protected":false},"author":1,"featured_media":141226,"comment_status":"open","ping_status":"closed","sticky":false,"template":"","format":"standard","meta":[],"categories":[16],"tags":[],"_links":{"self":[{"href":"http:\/\/hoycordobaweb.com\/index.php\/wp-json\/wp\/v2\/posts\/141225"}],"collection":[{"href":"http:\/\/hoycordobaweb.com\/index.php\/wp-json\/wp\/v2\/posts"}],"about":[{"href":"http:\/\/hoycordobaweb.com\/index.php\/wp-json\/wp\/v2\/types\/post"}],"author":[{"embeddable":true,"href":"http:\/\/hoycordobaweb.com\/index.php\/wp-json\/wp\/v2\/users\/1"}],"replies":[{"embeddable":true,"href":"http:\/\/hoycordobaweb.com\/index.php\/wp-json\/wp\/v2\/comments?post=141225"}],"version-history":[{"count":0,"href":"http:\/\/hoycordobaweb.com\/index.php\/wp-json\/wp\/v2\/posts\/141225\/revisions"}],"wp:featuredmedia":[{"embeddable":true,"href":"http:\/\/hoycordobaweb.com\/index.php\/wp-json\/wp\/v2\/media\/141226"}],"wp:attachment":[{"href":"http:\/\/hoycordobaweb.com\/index.php\/wp-json\/wp\/v2\/media?parent=141225"}],"wp:term":[{"taxonomy":"category","embeddable":true,"href":"http:\/\/hoycordobaweb.com\/index.php\/wp-json\/wp\/v2\/categories?post=141225"},{"taxonomy":"post_tag","embeddable":true,"href":"http:\/\/hoycordobaweb.com\/index.php\/wp-json\/wp\/v2\/tags?post=141225"}],"curies":[{"name":"wp","href":"https:\/\/api.w.org\/{rel}","templated":true}]}}