{"id":141211,"date":"2026-09-05T16:00:28","date_gmt":"2026-09-05T16:00:28","guid":{"rendered":"https:\/\/www.trendencias.com\/tendencias\/que-llevan-chicas-estilosas-mes-septiembre-para-ir-divinas-vuelta-a-rutina"},"modified":"2026-09-05T16:00:28","modified_gmt":"2026-09-05T16:00:28","slug":"que-llevan-las-chicas-estilosas-en-el-mes-de-septiembre-para-ir-divinas-en-la-vuelta-a-la-rutina","status":"publish","type":"post","link":"http:\/\/hoycordobaweb.com\/index.php\/2026\/09\/05\/que-llevan-las-chicas-estilosas-en-el-mes-de-septiembre-para-ir-divinas-en-la-vuelta-a-la-rutina\/","title":{"rendered":"Qu\u00e9 llevan las chicas estilosas en el mes de septiembre para ir divinas en la vuelta a la rutina"},"content":{"rendered":"<p>Si algo bueno nos trae la vuelta a la rutina es la posibilidad de volver a estructurar con delicadeza nuestros <em>outfits<\/em> del d\u00eda a d\u00eda. Aunque adoramos los d\u00edas de sol y calor, es cierto que estamos deseando volver a jugar un poco con las superposiciones y crear estilismos donde las capas nos permitan ser m\u00e1s creativas a la hora de vestirnos, siempre prestando atenci\u00f3n a las tendencias del momento. Este septiembre seguiremos llevando nuestras bandas y hawaianas, los elementos estrella del verano, pero tambi\u00e9n nos sumaremos a <strong>estos cinco imprescindibles que ya lucen las <\/strong><strong><em>it girls<\/em><\/strong><strong> para ir a la \u00faltima.&nbsp;<\/strong><\/p>\n<p><!-- BREAK 1 --> <\/p>\n<h2>Camisas de cuadros: un <em>upgrade<\/em> del estilo le\u00f1ador<\/h2>\n<p>Tras resurgir del <em>cottagecore<\/em> y los paisajes rurales y buc\u00f3licos de la campi\u00f1a inglesa, era de esperar que, entre las faldas de cuadros, pronto las camisas se sumar\u00edan a este estampado. Confesamos que nos gusta bastante para combinar con <em>jeans<\/em> rectos en busca de un estilo m\u00e1s casual, aunque tambi\u00e9n puedes combinarlas con faldas satinadas si quieres un aire m\u00e1s <em>classy<\/em>. Esta de <strong>Zara<\/strong> con el detalle del pa\u00f1uelo anudado por <a rel=\"noopener, noreferrer\" href=\"https:\/\/www.zara.com\/es\/es\/camisa-oversize-cuadros-panuelo-p07725246.html?v1=560806847&amp;v2=2420359\">29,95 euros<\/a> nos encanta, aunque esta de <strong>Massimo Dutti <\/strong>con el cuello chimenea por <a rel=\"noopener, noreferrer\" href=\"https:\/\/www.massimodutti.com\/es\/camisa-botonadura-snap-cuadros-100-lino-l05155655?cS=441&amp;utm_campaign=MD_PER_NEWIN_GADS_ES_SHOPPING_MIX_WEB_WOMAN&amp;gad_source=1&amp;gad_campaignid=22525398193&amp;gbraid=0AAAAADlcJ6QajVtRk9C0aZcvepoQN6ofO&amp;gclid=Cj0KCQjw2OnUBhC2ARIsACKyfaGwbO43st-57vGPKkob-Qk984veN7R_VP1HiYsmZRNt380SRt8Mcp8aAnfQEALw_wcB\">69,95 euros<\/a> nos parece un <em>must<\/em>.<\/p>\n<div class=\"article-asset-image article-asset-normal article-asset-center\">\n<div class=\"asset-content\">\n<div class=\"caption-img \"> <img class=\"centro_sinmarco\" height=\"3400\" width=\"3410\" loading=\"lazy\" decoding=\"async\" sizes=\"100vw\" fetchpriority=\"high\" srcset=\"http:\/\/hoycordobaweb.com\/wp-content\/uploads\/2026\/09\/que-llevan-las-chicas-estilosas-en-el-mes-de-septiembre-para-ir-divinas-en-la-vuelta-a-la-rutina.jpg 450w, http:\/\/hoycordobaweb.com\/wp-content\/uploads\/2026\/09\/que-llevan-las-chicas-estilosas-en-el-mes-de-septiembre-para-ir-divinas-en-la-vuelta-a-la-rutina-6.jpg 681w, http:\/\/hoycordobaweb.com\/wp-content\/uploads\/2026\/09\/que-llevan-las-chicas-estilosas-en-el-mes-de-septiembre-para-ir-divinas-en-la-vuelta-a-la-rutina-7.jpg 1024w, http:\/\/hoycordobaweb.com\/wp-content\/uploads\/2026\/09\/que-llevan-las-chicas-estilosas-en-el-mes-de-septiembre-para-ir-divinas-en-la-vuelta-a-la-rutina-8.jpg 1366w\" src=\"http:\/\/hoycordobaweb.com\/wp-content\/uploads\/2026\/09\/que-llevan-las-chicas-estilosas-en-el-mes-de-septiembre-para-ir-divinas-en-la-vuelta-a-la-rutina.jpg\" alt=\"fghjnm,\"> <noscript><img alt=\"fghjnm,\" class=\"centro_sinmarco\" src=\"http:\/\/hoycordobaweb.com\/wp-content\/uploads\/2026\/09\/que-llevan-las-chicas-estilosas-en-el-mes-de-septiembre-para-ir-divinas-en-la-vuelta-a-la-rutina.jpg\"><\/noscript> <span>Camisa de Zara y Massimo Dutii<\/span> <\/div><\/div>\n<\/div>\n<h2>S\u00ed a las bailarinas, pero en terciopelo&nbsp;<\/h2>\n<p>Siguen siendo el calzado m\u00e1s deseado del a\u00f1o y es que, aunque <a href=\"https:\/\/www.trendencias.com\/tendencias\/muere-oversize-balletcore-llena-romanticismo-pasarelas-calles-fuerza-que-nunca-esta-primavera\">el <em>balletcore<\/em><\/a> haya ido difuminando su presencia en el street style, las bailarinas siguen siendo la apuesta favorita de las chicas elegantes para ir al trabajo, as\u00ed como para un plan de fin de semana. Eso s\u00ed, en septiembre se lleva el <em>velvet<\/em> por eso propuestas como estas de terciopelo rosa por <a rel=\"noopener, noreferrer\" href=\"https:\/\/www.next.es\/en\/style\/sv020744\/y37109?gclsrc=aw.ds&amp;gad_source=1&amp;gad_campaignid=20280655174&amp;gbraid=0AAAAADn-_y8DGICa6gUmS5FUpz7VOEsW2&amp;gclid=Cj0KCQjw2OnUBhC2ARIsACKyfaGVbsevF2RulPpg0Iqg88dzcraVbaA1Z_GhyAvfHc-Hk_Ml--wO65EaAtIOEALw_wcB\">42 euros<\/a> de <strong>Next<\/strong> son una de las opciones m\u00e1s buscadas. Aunque si quieres unas en un tono m\u00e1s discreto, estas de <strong>Flabelus<\/strong> en color berenjena por <a rel=\"noopener, noreferrer\" href=\"https:\/\/flabelus.com\/es\/collections\/laurance\/products\/laurance-amethyst\">78 euros<\/a> son un acierto<\/p>\n<div class=\"article-asset-image article-asset-normal article-asset-center\">\n<div class=\"asset-content\">\n<div class=\"caption-img \"> <img class=\"centro_sinmarco\" height=\"3391\" width=\"3396\" loading=\"lazy\" decoding=\"async\" sizes=\"100vw\" fetchpriority=\"high\" srcset=\"http:\/\/hoycordobaweb.com\/wp-content\/uploads\/2026\/09\/que-llevan-las-chicas-estilosas-en-el-mes-de-septiembre-para-ir-divinas-en-la-vuelta-a-la-rutina-1.jpg 450w, http:\/\/hoycordobaweb.com\/wp-content\/uploads\/2026\/09\/que-llevan-las-chicas-estilosas-en-el-mes-de-septiembre-para-ir-divinas-en-la-vuelta-a-la-rutina-9.jpg 681w, http:\/\/hoycordobaweb.com\/wp-content\/uploads\/2026\/09\/que-llevan-las-chicas-estilosas-en-el-mes-de-septiembre-para-ir-divinas-en-la-vuelta-a-la-rutina-10.jpg 1024w, http:\/\/hoycordobaweb.com\/wp-content\/uploads\/2026\/09\/que-llevan-las-chicas-estilosas-en-el-mes-de-septiembre-para-ir-divinas-en-la-vuelta-a-la-rutina-11.jpg 1366w\" src=\"http:\/\/hoycordobaweb.com\/wp-content\/uploads\/2026\/09\/que-llevan-las-chicas-estilosas-en-el-mes-de-septiembre-para-ir-divinas-en-la-vuelta-a-la-rutina-1.jpg\" alt=\"cvbn\"> <noscript><img alt=\"cvbn\" class=\"centro_sinmarco\" src=\"http:\/\/hoycordobaweb.com\/wp-content\/uploads\/2026\/09\/que-llevan-las-chicas-estilosas-en-el-mes-de-septiembre-para-ir-divinas-en-la-vuelta-a-la-rutina-1.jpg\"><\/noscript> <span>Bailarinas Flabelus y Next<\/span> <\/div><\/div>\n<\/div>\n<h2>Jerseis y camisetas anudadas a la cintura<\/h2>\n<p>Un detalle ideal para romper con <em>looks<\/em> monocrom\u00e1ticos o sosos y darle un poco de color o chispa al resultado. Las camisetas de algod\u00f3n de manga larga en colores vibrantes como esta de <strong>Zara<\/strong> de rayas por <a rel=\"noopener, noreferrer\" href=\"https:\/\/www.zara.com\/es\/es\/camiseta-rayas-anchas-p06912626.html?v1=545447190&amp;v2=2420391\">15,95 euros<\/a> nos tienen enamoradas. Adem\u00e1s, los jer\u00e9is tambi\u00e9n quedan de cine atados a las caderas y este de <strong>Massimo Dutti<\/strong> de punto fino en rojo intenso por <a rel=\"noopener, noreferrer\" href=\"https:\/\/www.massimodutti.com\/es\/jersey-punto-fino-cuello-redondo-l05692578?pelement=62516490\">39,95 euros<\/a> nos parece un diez.<\/p>\n<div class=\"article-asset-image article-asset-normal article-asset-center\">\n<div class=\"asset-content\">\n<div class=\"caption-img \"> <img class=\"centro_sinmarco\" height=\"3381\" width=\"3381\" loading=\"lazy\" decoding=\"async\" sizes=\"100vw\" fetchpriority=\"high\" srcset=\"http:\/\/hoycordobaweb.com\/wp-content\/uploads\/2026\/09\/que-llevan-las-chicas-estilosas-en-el-mes-de-septiembre-para-ir-divinas-en-la-vuelta-a-la-rutina-2.jpg 450w, http:\/\/hoycordobaweb.com\/wp-content\/uploads\/2026\/09\/que-llevan-las-chicas-estilosas-en-el-mes-de-septiembre-para-ir-divinas-en-la-vuelta-a-la-rutina-12.jpg 681w, http:\/\/hoycordobaweb.com\/wp-content\/uploads\/2026\/09\/que-llevan-las-chicas-estilosas-en-el-mes-de-septiembre-para-ir-divinas-en-la-vuelta-a-la-rutina-13.jpg 1024w, http:\/\/hoycordobaweb.com\/wp-content\/uploads\/2026\/09\/que-llevan-las-chicas-estilosas-en-el-mes-de-septiembre-para-ir-divinas-en-la-vuelta-a-la-rutina-14.jpg 1366w\" src=\"http:\/\/hoycordobaweb.com\/wp-content\/uploads\/2026\/09\/que-llevan-las-chicas-estilosas-en-el-mes-de-septiembre-para-ir-divinas-en-la-vuelta-a-la-rutina-2.jpg\" alt=\"zxcv\"> <noscript><img alt=\"zxcv\" class=\"centro_sinmarco\" src=\"http:\/\/hoycordobaweb.com\/wp-content\/uploads\/2026\/09\/que-llevan-las-chicas-estilosas-en-el-mes-de-septiembre-para-ir-divinas-en-la-vuelta-a-la-rutina-2.jpg\"><\/noscript> <span>Camiseta Zara y jersey Massimo Dutti<\/span> <\/div><\/div>\n<\/div>\n<h2><em>Western style<\/em><\/h2>\n<p>Los flecos, las botas cowboy y los cinturones de piel con hebillas en formato XL. La est\u00e9tica del oeste est\u00e1 conquistando las calles y nosotras estamos deseando sumarnos a los tonos tierra y los <em>looks<\/em> como reci\u00e9n extirpados de una pel\u00edcula de vaqueros. Estas botas altas en marr\u00f3n chocolate de <strong>Zara<\/strong> confeccionadas en piel por <a rel=\"noopener, noreferrer\" href=\"https:\/\/www.zara.com\/es\/es\/bota-cowboy-piel-p12054810.html?v1=582770514&amp;v2=2419068\">99&nbsp;euros<\/a>, nos tienen enamoradas. Aunque si buscas sumarte a esta tendencia a\u00f1adiendo un simple detalle, nada mejor que un cinto como este de <strong>Desigual<\/strong> de ante por <a rel=\"nofollow, sponsored, noopener, noreferrer noopener\" target=\"_blank\" class=\"js-ecommerce\" id=\"link-ecommerce-1\" href=\"https:\/\/www.webedia-afilia.com\/redirect?url=https%3A%2F%2Fwww.desigual.com%2Fes_ES%2F26SARL06607585.html%3Fgclid%3DCj0KCQjw2OnUBhC2ARIsACKyfaF6T8nlbn1FoFkJ0f1AvQ-htcLErMRhXQ3ze8dbdEicqNrZQSUnAA8aAqIyEALw_wcB%26tduid%3D2c1f24c62993b1705b20f80b5ff0d3a7%26progId%3D286736%26affId%3D3015492%26utm_source%3Dtradedoubler%26utm_medium%3Daffiliate%26utm_content%3DTradedoubler%2BES%26utm_campaign%3DAFF_Affiliation_ES_AFF_Desigual%26utm_term%3DTradedoubler%2BES&amp;category=tendencias&amp;site=trendencias&amp;ecomPostExpiration=not_classified&amp;postId=656562\" data-vars-affiliate-url=\"https:\/\/www.desigual.com\/es_ES\/26SARL06607585.html?gclid=Cj0KCQjw2OnUBhC2ARIsACKyfaF6T8nlbn1FoFkJ0f1AvQ-htcLErMRhXQ3ze8dbdEicqNrZQSUnAA8aAqIyEALw_wcB&amp;tduid=2c1f24c62993b1705b20f80b5ff0d3a7&amp;progId=286736&amp;affId=3015492&amp;utm_source=tradedoubler&amp;utm_medium=affiliate&amp;utm_content=Tradedoubler+ES&amp;utm_campaign=AFF_Affiliation_ES_AFF_Desigual&amp;utm_term=Tradedoubler+ES\">89,95 euros<\/a>.<\/p>\n<div class=\"article-asset-image article-asset-normal article-asset-center\">\n<div class=\"asset-content\">\n<div class=\"caption-img \"> <img class=\"centro_sinmarco\" height=\"3405\" width=\"3410\" loading=\"lazy\" decoding=\"async\" sizes=\"100vw\" fetchpriority=\"high\" srcset=\"http:\/\/hoycordobaweb.com\/wp-content\/uploads\/2026\/09\/que-llevan-las-chicas-estilosas-en-el-mes-de-septiembre-para-ir-divinas-en-la-vuelta-a-la-rutina-3.jpg 450w, http:\/\/hoycordobaweb.com\/wp-content\/uploads\/2026\/09\/que-llevan-las-chicas-estilosas-en-el-mes-de-septiembre-para-ir-divinas-en-la-vuelta-a-la-rutina-15.jpg 681w, http:\/\/hoycordobaweb.com\/wp-content\/uploads\/2026\/09\/que-llevan-las-chicas-estilosas-en-el-mes-de-septiembre-para-ir-divinas-en-la-vuelta-a-la-rutina-16.jpg 1024w, http:\/\/hoycordobaweb.com\/wp-content\/uploads\/2026\/09\/que-llevan-las-chicas-estilosas-en-el-mes-de-septiembre-para-ir-divinas-en-la-vuelta-a-la-rutina-17.jpg 1366w\" src=\"http:\/\/hoycordobaweb.com\/wp-content\/uploads\/2026\/09\/que-llevan-las-chicas-estilosas-en-el-mes-de-septiembre-para-ir-divinas-en-la-vuelta-a-la-rutina-3.jpg\" alt=\"B210d556 97bb 4fc1 8eff 8d6ee2b2b2b5\"> <noscript><img alt=\"B210d556 97bb 4fc1 8eff 8d6ee2b2b2b5\" class=\"centro_sinmarco\" src=\"http:\/\/hoycordobaweb.com\/wp-content\/uploads\/2026\/09\/que-llevan-las-chicas-estilosas-en-el-mes-de-septiembre-para-ir-divinas-en-la-vuelta-a-la-rutina-3.jpg\"><\/noscript> <span>Botas Zara y cintur\u00f3n Desigual<\/span> <\/div><\/div>\n<\/div>\n<h2>Falda <em>midi<\/em> de ante: la prenda m\u00e1s deseada<\/h2>\n<p>Es tiempo de dejar respirar a las faldas satinadas. Las hemos puesto hasta la extenuaci\u00f3n y ahora es tiempo de apostar por opciones <em>midi<\/em> pero confeccionadas en ante, muy en la l\u00ednea del estilo vaquero del oeste que est\u00e1 tan de moda.<\/p>\n<div class=\"article-asset-image article-asset-normal article-asset-center\">\n<div class=\"asset-content\">\n<div class=\"caption-img \"> <img class=\"centro_sinmarco\" height=\"3371\" width=\"3361\" loading=\"lazy\" decoding=\"async\" sizes=\"100vw\" fetchpriority=\"high\" srcset=\"http:\/\/hoycordobaweb.com\/wp-content\/uploads\/2026\/09\/que-llevan-las-chicas-estilosas-en-el-mes-de-septiembre-para-ir-divinas-en-la-vuelta-a-la-rutina-4.jpg 450w, http:\/\/hoycordobaweb.com\/wp-content\/uploads\/2026\/09\/que-llevan-las-chicas-estilosas-en-el-mes-de-septiembre-para-ir-divinas-en-la-vuelta-a-la-rutina-18.jpg 681w, http:\/\/hoycordobaweb.com\/wp-content\/uploads\/2026\/09\/que-llevan-las-chicas-estilosas-en-el-mes-de-septiembre-para-ir-divinas-en-la-vuelta-a-la-rutina-19.jpg 1024w, http:\/\/hoycordobaweb.com\/wp-content\/uploads\/2026\/09\/que-llevan-las-chicas-estilosas-en-el-mes-de-septiembre-para-ir-divinas-en-la-vuelta-a-la-rutina-20.jpg 1366w\" src=\"http:\/\/hoycordobaweb.com\/wp-content\/uploads\/2026\/09\/que-llevan-las-chicas-estilosas-en-el-mes-de-septiembre-para-ir-divinas-en-la-vuelta-a-la-rutina-4.jpg\" alt=\"cfvgbhnm\"> <noscript><img alt=\"cfvgbhnm\" class=\"centro_sinmarco\" src=\"http:\/\/hoycordobaweb.com\/wp-content\/uploads\/2026\/09\/que-llevan-las-chicas-estilosas-en-el-mes-de-septiembre-para-ir-divinas-en-la-vuelta-a-la-rutina-4.jpg\"><\/noscript> <span>Falda Cortefiel y falda falda Pepe Jeans<\/span> <\/div><\/div>\n<\/div>\n<p><strong>Cortefiel<\/strong> ha lanzado una con estructura l\u00e1piz y en color marr\u00f3n que nos parece ideal para llevar con una camiseta b\u00e1sica blanca y unos mocasines. Cuesta <a rel=\"nofollow, sponsored, noopener, noreferrer noopener\" target=\"_blank\" class=\"js-ecommerce\" id=\"link-ecommerce-2\" href=\"https:\/\/www.webedia-afilia.com\/redirect?url=https%3A%2F%2Fcortefiel.com%2Fes%2Fes%2Fmujer%2Ffaldas%2Ffalda-midi-efecto-ante-de-corte-recto%2F5724595.html&amp;category=tendencias&amp;site=trendencias&amp;ecomPostExpiration=not_classified&amp;postId=656562\" data-vars-affiliate-url=\"https:\/\/cortefiel.com\/es\/es\/mujer\/faldas\/falda-midi-efecto-ante-de-corte-recto\/5724595.html\">29,99 euros<\/a>. Aunque confesamos que tenemos cierta debilidad por esta de <strong>Pepe Jeans <\/strong>con un dise\u00f1o m\u00e1s fluido, confeccionada en 100% piel. Su precio es de <a rel=\"noopener, noreferrer\" href=\"https:\/\/www.pepejeans.com\/es\/es_es\/pd\/falda-midi-de-ante-PL9011960853M.html?utm_source=google&amp;utm_medium=cpc&amp;utm_source_platform=GAds&amp;utm_id=23521439258&amp;utm_campaign=PJL_ES_ES_BRA_GGL_PLA_Shopping_Catch-All&amp;utm_content=PJL_ES_ES_BRA_GGL_PLA_SH_Catch-All&amp;gad_source=1&amp;gad_campaignid=23521439258&amp;gbraid=0AAAAADncMnORDDiMTBvdGYsqQMV7LlrEL&amp;gclid=Cj0KCQjw2OnUBhC2ARIsACKyfaH5OVaHkaTgQW9iV0ptAGAsTltJhYZUOwjaXtt7-JvelknvE-ddQOMaAozPEALw_wcB\">169,90 euros<\/a>.<\/p>\n<p><!-- BREAK 2 --><\/p>\n<p>Fotos |&nbsp;@<a rel=\"noopener, noreferrer\" href=\"https:\/\/www.instagram.com\/p\/DcV9AXZALOI\/?img_index=1\">holliemercedes<\/a>, <a rel=\"noopener, noreferrer\" href=\"https:\/\/www.next.es\/en\/style\/sv020744\/y37109?gclsrc=aw.ds&amp;gad_source=1&amp;gad_campaignid=20280655174&amp;gbraid=0AAAAADn-_y8DGICa6gUmS5FUpz7VOEsW2&amp;gclid=Cj0KCQjw2OnUBhC2ARIsACKyfaGVbsevF2RulPpg0Iqg88dzcraVbaA1Z_GhyAvfHc-Hk_Ml--wO65EaAtIOEALw_wcB\">Next<\/a>, <a rel=\"noopener, noreferrer\" href=\"https:\/\/www.massimodutti.com\/es\/camisa-botonadura-snap-cuadros-100-lino-l05155655?cS=441&amp;utm_campaign=MD_PER_NEWIN_GADS_ES_SHOPPING_MIX_WEB_WOMAN&amp;gad_source=1&amp;gad_campaignid=22525398193&amp;gbraid=0AAAAADlcJ6QajVtRk9C0aZcvepoQN6ofO&amp;gclid=Cj0KCQjw2OnUBhC2ARIsACKyfaGwbO43st-57vGPKkob-Qk984veN7R_VP1HiYsmZRNt380SRt8Mcp8aAnfQEALw_wcB\">Massimo Dutti<\/a>, <a rel=\"noopener, noreferrer\" href=\"https:\/\/www.zara.com\/es\/es\/camisa-oversize-cuadros-panuelo-p07725246.html?v1=560806847&amp;v2=2420359\">Zara<\/a>, <a rel=\"noopener, noreferrer\" href=\"https:\/\/flabelus.com\/es\/collections\/laurance\/products\/laurance-amethyst\">Flabelus<\/a>, <a rel=\"nofollow, sponsored, noopener, noreferrer noopener\" target=\"_blank\" class=\"js-ecommerce\" id=\"link-ecommerce-3\" href=\"https:\/\/www.webedia-afilia.com\/redirect?url=https%3A%2F%2Fwww.desigual.com%2Fes_ES%2F26SARL06607585.html%3Fgclid%3DCj0KCQjw2OnUBhC2ARIsACKyfaF6T8nlbn1FoFkJ0f1AvQ-htcLErMRhXQ3ze8dbdEicqNrZQSUnAA8aAqIyEALw_wcB%26tduid%3D2c1f24c62993b1705b20f80b5ff0d3a7%26progId%3D286736%26affId%3D3015492%26utm_source%3Dtradedoubler%26utm_medium%3Daffiliate%26utm_content%3DTradedoubler%2BES%26utm_campaign%3DAFF_Affiliation_ES_AFF_Desigual%26utm_term%3DTradedoubler%2BES&amp;category=tendencias&amp;site=trendencias&amp;ecomPostExpiration=not_classified&amp;postId=656562\" data-vars-affiliate-url=\"https:\/\/www.desigual.com\/es_ES\/26SARL06607585.html?gclid=Cj0KCQjw2OnUBhC2ARIsACKyfaF6T8nlbn1FoFkJ0f1AvQ-htcLErMRhXQ3ze8dbdEicqNrZQSUnAA8aAqIyEALw_wcB&amp;tduid=2c1f24c62993b1705b20f80b5ff0d3a7&amp;progId=286736&amp;affId=3015492&amp;utm_source=tradedoubler&amp;utm_medium=affiliate&amp;utm_content=Tradedoubler+ES&amp;utm_campaign=AFF_Affiliation_ES_AFF_Desigual&amp;utm_term=Tradedoubler+ES\">Desigual<\/a>, <a rel=\"nofollow, sponsored, noopener, noreferrer noopener\" target=\"_blank\" class=\"js-ecommerce\" id=\"link-ecommerce-4\" href=\"https:\/\/www.webedia-afilia.com\/redirect?url=https%3A%2F%2Fcortefiel.com%2Fes%2Fes%2Fmujer%2Ffaldas%2Ffalda-midi-efecto-ante-de-corte-recto%2F5724595.html&amp;category=tendencias&amp;site=trendencias&amp;ecomPostExpiration=not_classified&amp;postId=656562\" data-vars-affiliate-url=\"https:\/\/cortefiel.com\/es\/es\/mujer\/faldas\/falda-midi-efecto-ante-de-corte-recto\/5724595.html\">Cortefiel<\/a>, <a rel=\"noopener, noreferrer\" href=\"https:\/\/www.pepejeans.com\/es\/es_es\/pd\/falda-midi-de-ante-PL9011960853M.html?utm_source=google&amp;utm_medium=cpc&amp;utm_source_platform=GAds&amp;utm_id=23521439258&amp;utm_campaign=PJL_ES_ES_BRA_GGL_PLA_Shopping_Catch-All&amp;utm_content=PJL_ES_ES_BRA_GGL_PLA_SH_Catch-All&amp;gad_source=1&amp;gad_campaignid=23521439258&amp;gbraid=0AAAAADncMnORDDiMTBvdGYsqQMV7LlrEL&amp;gclid=Cj0KCQjw2OnUBhC2ARIsACKyfaH5OVaHkaTgQW9iV0ptAGAsTltJhYZUOwjaXtt7-JvelknvE-ddQOMaAozPEALw_wcB\">Pepe Jeans<\/a><\/p>\n<p>En Trendencias |&nbsp;<a href=\"https:\/\/www.trendencias.com\/calzado-ellos\/nike-awake-ny-celebran-35-anos-air-jordan-6-version-azul-marino-aires-retrofuturistas\">Nike y Awake NY celebran 35 a\u00f1os de las Air Jordan 6 con una versi\u00f3n azul marino de aires retrofuturistas<\/a><\/p>\n<p>En Xataka |&nbsp;<a href=\"https:\/\/www.xataka.com\/cine-y-tv\/nueva-pelicula-belica-nicolas-cage-provoco-demanda-105-millones-dolares-primer-trailer-fortitude\" target=\"_blank\" rel=\"noopener noreferrer\">La nueva pel\u00edcula b\u00e9lica de Nicolas Cage provoc\u00f3 una demanda de 105 millones de d\u00f3lares: primer tr\u00e1iler de &#8216;Fortitude&#8217;<\/a><\/p>\n<p>Directo al Paladar |&nbsp;<a href=\"https:\/\/www.directoalpaladar.com\/viajes\/iba-a-ser-articulo-mejor-bocadillo-jamon-mundo-dabiz-munoz-me-ha-parecido-demasiado-caro-para-escribir\" target=\"_blank\" rel=\"noopener noreferrer\">Iba a ser un art\u00edculo sobre el \u201cmejor bocadillo de jam\u00f3n del mundo\u201d de Dabiz Mu\u00f1oz, pero me ha parecido demasiado caro hasta para escribir sobre \u00e9l<\/a><\/p>\n<p><!-- BREAK 3 --> <\/p>\n","protected":false},"excerpt":{"rendered":"<p>Si algo bueno nos trae la vuelta a la rutina es la posibilidad de volver a estructurar con delicadeza nuestros outfits del d\u00eda a d\u00eda. Aunque adoramos los d\u00edas de sol y calor, es cierto que estamos deseando volver a jugar un poco con las superposiciones y crear estilismos donde las capas nos permitan ser [&hellip;]<\/p>\n","protected":false},"author":1,"featured_media":141212,"comment_status":"closed","ping_status":"closed","sticky":false,"template":"","format":"standard","meta":[],"categories":[],"tags":[],"_links":{"self":[{"href":"http:\/\/hoycordobaweb.com\/index.php\/wp-json\/wp\/v2\/posts\/141211"}],"collection":[{"href":"http:\/\/hoycordobaweb.com\/index.php\/wp-json\/wp\/v2\/posts"}],"about":[{"href":"http:\/\/hoycordobaweb.com\/index.php\/wp-json\/wp\/v2\/types\/post"}],"author":[{"embeddable":true,"href":"http:\/\/hoycordobaweb.com\/index.php\/wp-json\/wp\/v2\/users\/1"}],"replies":[{"embeddable":true,"href":"http:\/\/hoycordobaweb.com\/index.php\/wp-json\/wp\/v2\/comments?post=141211"}],"version-history":[{"count":0,"href":"http:\/\/hoycordobaweb.com\/index.php\/wp-json\/wp\/v2\/posts\/141211\/revisions"}],"wp:featuredmedia":[{"embeddable":true,"href":"http:\/\/hoycordobaweb.com\/index.php\/wp-json\/wp\/v2\/media\/141212"}],"wp:attachment":[{"href":"http:\/\/hoycordobaweb.com\/index.php\/wp-json\/wp\/v2\/media?parent=141211"}],"wp:term":[{"taxonomy":"category","embeddable":true,"href":"http:\/\/hoycordobaweb.com\/index.php\/wp-json\/wp\/v2\/categories?post=141211"},{"taxonomy":"post_tag","embeddable":true,"href":"http:\/\/hoycordobaweb.com\/index.php\/wp-json\/wp\/v2\/tags?post=141211"}],"curies":[{"name":"wp","href":"https:\/\/api.w.org\/{rel}","templated":true}]}}