{"id":141205,"date":"2026-09-05T12:02:01","date_gmt":"2026-09-05T12:02:01","guid":{"rendered":"https:\/\/www.mujerhoy.com\/moda\/no-te-pierdas\/mejores-faldas-lapiz-otono-tendencia-20260905125441-nt.html"},"modified":"2026-09-05T12:02:01","modified_gmt":"2026-09-05T12:02:01","slug":"de-gisele-bundchen-a-the-row-las-faldas-lapiz-seran-las-reinas-del-otono","status":"publish","type":"post","link":"http:\/\/hoycordobaweb.com\/index.php\/2026\/09\/05\/de-gisele-bundchen-a-the-row-las-faldas-lapiz-seran-las-reinas-del-otono\/","title":{"rendered":"De Gisele B\u00fcndchen a The Row, las faldas l\u00e1piz ser\u00e1n las reinas del oto\u00f1o"},"content":{"rendered":"<p><!-- AUTHOR --><\/p>\n<div class=\"voc-author-timesocial \">\n<!-- AUTHOR --><\/p>\n<div class=\"voc-author-timesocial__signature \">\n<!-- IMAGE AUTHOR -->\n<picture class=\"voc-image-signature\">\n<img class=\"voc-image-signature__img\" src=\"http:\/\/hoycordobaweb.com\/wp-content\/uploads\/2026\/09\/de-gisele-bundchen-a-the-row-las-faldas-lapiz-seran-las-reinas-del-otono.jpg\" alt=\"Lauren Izquierdo\">\n<\/picture>\n<!-- INFO AUTHOR --> <\/div><\/div>\n<p> <!-- COMPONENTS --><\/p>\n<p class=\"voc-paragraph\">Cualquiera que est\u00e9 un poco al d\u00eda de lo que pasa en el street style de las capitales de moda m\u00e1s importantes del mundo se habr\u00e1 dado cuenta de que el <a href=\"https:\/\/www.mujerhoy.com\/belleza\/tratamientos\/que-es-minimalismo-esteticos-retoques-minimos-envejecimiento-natural-20260309101853-nt.html\" title data-voc-vtm-id=\"in-text-traffic\" data-mrf-link=\"www.mujerhoy.com\">minimalismo<\/a> es el rey de <strong>toda corriente est\u00e9tica<\/strong>. Eso significa que vuelve el <a href=\"https:\/\/www.mujerhoy.com\/moda\/no-te-pierdas\/ideas-looks-oficina-verano-20260622105552-nt.html\" title data-voc-vtm-id=\"in-text-traffic\" data-mrf-link=\"www.mujerhoy.com\">estilo de oficina<\/a>, y aunque hace un par de temporadas ya lo advertimos, es en este oto\u00f1o\/invierno 2026-2027 cuando se ha consolidado definitivamente, a trav\u00e9s de camisas blancas estructuradas, americanas estructuradas y <strong>faldas l\u00e1piz<\/strong>.<\/p>\n<p class=\"voc-paragraph\">Inspiradas en el <a href=\"https:\/\/www.mujerhoy.com\/moda\/tendencias\/falda-lapiz-vuelve-otono-2027-tendencias-20260820131740-nt.html\" title data-voc-vtm-id=\"in-text-traffic\" data-mrf-link=\"www.mujerhoy.com\">ambiente ejecutivo<\/a> de los noventa, series como <em>Suits<\/em>, <em>C\u00f3mo defender a un asesino, Scandal<\/em> o la propia Gisele B\u00fcndchen en <em>El diablo se viste de Prada<\/em> han dado vida a esta prenda que hasta hace poco se ve\u00eda como un sin\u00f3nimo de rigidez y encorsetamiento. Ahora firmas como <strong>Chanel, The Row<\/strong> o <strong>Victoria Beckham<\/strong>, entre muchas otras, le dan una segunda lectura para adaptarla al d\u00eda a d\u00eda. Seguir\u00e1n siendo midi pero sus patrones, colores y detalles marcar\u00e1n la diferencia.<\/p>\n<div class=\"v-c-cmp v-c-cmp--t1 \">\n<div class=\"v-cmp-rld v-cmp-rld--2 \">\n<div class=\"v-cnt-m v-cnt-m--m\">\n<div class=\"v-cnt-m__c\">\n<div class=\"v-cnt-m__w v-cnt-m__w--1\">\n<p class=\"v-cnt-m__t\">\nTAMBI\u00c9N TE INTERESA\n<\/p>\n<\/div>\n<\/div>\n<\/div>\n<div class=\"v-g v-g--2-c v-g--bdr-min-xs\">\n<div class=\"v-g__c \">\n<article class=\"v-a v-a--cmp-rld v-a--cmp-rld-2 v-a--p-l\">\n<div class=\"v-a-img-c\">\n<figure class=\"v-a-fig\">\n<a href=\"https:\/\/www.mujerhoy.com\/moda\/no-te-pierdas\/mejores-basicos-estetica-oficinista-y2k-que-es-20260824164616-nt.html#vtm_modulosEngag=mod-rel:moda:noticia:1:cmp:2-not\" class=\"v-a-link\" title=\"De Sof\u00eda Coppola a Miu Miu: seis b\u00e1sicos atemporales para seguir la tendencia oficinista Y2K\"><br \/>\n<img loading=\"lazy\" class=\"v-a-img\" src=\"http:\/\/hoycordobaweb.com\/wp-content\/uploads\/2026\/09\/de-gisele-bundchen-a-the-row-las-faldas-lapiz-seran-las-reinas-del-otono-1.jpg\" alt=\"De Sof\u00eda Coppola a Miu Miu: seis b\u00e1sicos atemporales para seguir la tendencia oficinista Y2K\"><br \/>\n<\/a><br \/>\n<\/figure>\n<\/div>\n<\/article>\n<\/div>\n<div class=\"v-g__c \">\n<article class=\"v-a v-a--cmp-rld v-a--cmp-rld-2 v-a--p-l\">\n<div class=\"v-a-img-c\">\n<figure class=\"v-a-fig\">\n<a href=\"https:\/\/www.mujerhoy.com\/moda\/no-te-pierdas\/mejores-basicos-entretiempo-chica-elegante-estilo-clasico-septiembre-20260822162428-nt.html#vtm_modulosEngag=mod-rel:moda:noticia:2:cmp:2-not\" class=\"v-a-link\" title=\"Soy una chica elegante de gusto cl\u00e1sico: seis b\u00e1sicos que son una inversi\u00f3n\"><br \/>\n<img loading=\"lazy\" class=\"v-a-img\" src=\"http:\/\/hoycordobaweb.com\/wp-content\/uploads\/2026\/09\/de-gisele-bundchen-a-the-row-las-faldas-lapiz-seran-las-reinas-del-otono-2.jpg\" alt=\"Soy una chica elegante de gusto cl\u00e1sico: seis b\u00e1sicos que son una inversi\u00f3n\"><br \/>\n<\/a><br \/>\n<\/figure>\n<\/div>\n<\/article>\n<\/div>\n<\/div>\n<\/div>\n<\/div>\n<p class=\"voc-paragraph\">En parte a esto se debe su <strong>amplio abanico de opciones<\/strong> que va desde las m\u00e1s conocidas en colores neutros que triunfan en cualquier armario c\u00e1psula hasta otras que juegan con estampados, colores de temporada como el burdeos o el rojo, o asimetr\u00edas que buscan alargar las piernas para un <a href=\"https:\/\/www.mujerhoy.com\/moda\/no-te-pierdas\/mejores-faldas-lapiz-tendencia-primavera-20260421160303-nt.html\" title data-voc-vtm-id=\"in-text-traffic\" data-mrf-link=\"www.mujerhoy.com\">resultado contempor\u00e1neo<\/a>. La clave est\u00e1 en c\u00f3mo las combines. En 2026-2027 se llevan con bombers de lanas estampadas, con chaquetas cortas que estilizan \u00f3pticamente y con b\u00e1sicos grunge que le restan formalidad. <\/p>\n<p><h3 class=\"v-cmp-suh\">\nHe encontrado mis faldas l\u00e1piz favoritas<br \/>\n<\/h3>\n<\/p>\n<div class=\"v-c-cmp v-c-cmp--s\">\n<div class=\"v-cmp-m \">\n<article class=\"v-a v-a--cmp-m v-c-cmp--m-z\">\n<div class=\"v-a-img-c \">\n<div class=\"v-a-fig\">\n<button class=\"v-a-link\" popovertarget=\"photo-904\"><br \/>\n<img loading=\"lazy\" src=\"http:\/\/hoycordobaweb.com\/wp-content\/uploads\/2026\/09\/de-gisele-bundchen-a-the-row-las-faldas-lapiz-seran-las-reinas-del-otono-3.jpg\" class=\"v-a-img\" width=\"650\" height=\"650\" alt=\"Falda azul marino de El Corte Ingl\u00e9s, 19,99 euros.\" data-voc-vtm-id=\"in-text-traffic\"> <\/button><figcaption class=\"v-fc\">\n<span class=\"v-fc__t\"><br \/>\nFalda azul marino de El Corte Ingl\u00e9s, 19,99 euros.<br \/>\n<\/span><br \/>\n<\/figcaption><\/div>\n<\/div>\n<div id=\"photo-904\" popover class=\"v-mdl v-mdl--fw\">\n<button class=\"v-x\" popovertarget=\"photo-904\" popovertargetaction=\"hide\"><br \/>\n<span class=\"v-i\"><br \/>\n<svg width=\"24\" height=\"23.996\" viewBox=\"0 0 24 23.996\">\n<path data-name=\"Uni\u00f3n 29\" d=\"M12,14.03,2.031,24,0,21.963,9.968,12,0,2.033,2.031,0,12,9.966,21.969,0,24,2.033,14.032,12,24,21.963,21.969,24Z\" \/>\n<\/svg><br \/>\n<\/span><br \/>\n<\/button><\/p>\n<div class=\"v-mdl__c\">\n<div class=\"v-mdl__w\">\n<img loading=\"lazy\" src=\"http:\/\/hoycordobaweb.com\/wp-content\/uploads\/2026\/09\/de-gisele-bundchen-a-the-row-las-faldas-lapiz-seran-las-reinas-del-otono-3.jpg\" class=\"v-mdl__img-z\" width=\"650\" height=\"650\" alt>\n<\/div>\n<\/div>\n<\/div>\n<p><span class=\"v-bdp\"><\/span><br \/>\n<\/article>\n<\/div>\n<\/div>\n<p class=\"voc-paragraph\"><strong>Falda azul marino de El Corte Ingl\u00e9s, 19,99 euros<\/strong>. Es la m\u00e1s sencilla, una alternativa que lo tiene todo en cuanto a comodidad, elegancia y practicidad. Es bonita, combina con todo lo que tengas en tu armario y nunca pasar\u00e1 de moda. <\/p>\n<div class=\"v-c-cmp v-c-cmp--s\">\n<div class=\"v-cmp-m \">\n<article class=\"v-a v-a--cmp-m v-c-cmp--m-z\">\n<div class=\"v-a-img-c \">\n<div class=\"v-a-fig\">\n<button class=\"v-a-link\" popovertarget=\"photo-696\"><br \/>\n<img loading=\"lazy\" src=\"http:\/\/hoycordobaweb.com\/wp-content\/uploads\/2026\/09\/de-gisele-bundchen-a-the-row-las-faldas-lapiz-seran-las-reinas-del-otono-4.jpg\" class=\"v-a-img\" width=\"650\" height=\"650\" alt=\"Falda de tart\u00e1n de H&amp;M, 27,99 euros.\" data-voc-vtm-id=\"in-text-traffic\"> <\/button><figcaption class=\"v-fc\">\n<span class=\"v-fc__t\"><br \/>\nFalda de tart\u00e1n de H&amp;M, 27,99 euros.<br \/>\n<\/span><br \/>\n<\/figcaption><\/div>\n<\/div>\n<div id=\"photo-696\" popover class=\"v-mdl v-mdl--fw\">\n<button class=\"v-x\" popovertarget=\"photo-696\" popovertargetaction=\"hide\"><br \/>\n<span class=\"v-i\"><br \/>\n<svg width=\"24\" height=\"23.996\" viewBox=\"0 0 24 23.996\">\n<path data-name=\"Uni\u00f3n 29\" d=\"M12,14.03,2.031,24,0,21.963,9.968,12,0,2.033,2.031,0,12,9.966,21.969,0,24,2.033,14.032,12,24,21.963,21.969,24Z\" \/>\n<\/svg><br \/>\n<\/span><br \/>\n<\/button><\/p>\n<div class=\"v-mdl__c\">\n<div class=\"v-mdl__w\">\n<img loading=\"lazy\" src=\"http:\/\/hoycordobaweb.com\/wp-content\/uploads\/2026\/09\/de-gisele-bundchen-a-the-row-las-faldas-lapiz-seran-las-reinas-del-otono-4.jpg\" class=\"v-mdl__img-z\" width=\"650\" height=\"650\" alt>\n<\/div>\n<\/div>\n<\/div>\n<p><span class=\"v-bdp\"><\/span><br \/>\n<\/article>\n<\/div>\n<\/div>\n<p class=\"voc-paragraph\"><strong>Falda de tart\u00e1n de H&amp;M, 27,99 euros.<\/strong> Todas mis amigas francesas han ca\u00eddo ante la tentaci\u00f3n de una falda de este tejido. Da cuerpo, estructura y si quieres darle un toque m\u00e1s juvenil, tan solo tendr\u00e1s que mezclara con una bomber o chaqueta corta.<\/p>\n<div class=\"v-c-cmp v-c-cmp--s\">\n<div class=\"v-cmp-m \">\n<article class=\"v-a v-a--cmp-m v-c-cmp--m-z\">\n<div class=\"v-a-img-c \">\n<div class=\"v-a-fig\">\n<button class=\"v-a-link\" popovertarget=\"photo-945\"><br \/>\n<img loading=\"lazy\" src=\"http:\/\/hoycordobaweb.com\/wp-content\/uploads\/2026\/09\/de-gisele-bundchen-a-the-row-las-faldas-lapiz-seran-las-reinas-del-otono-5.jpg\" class=\"v-a-img\" width=\"650\" height=\"650\" alt=\"Falda gris de Sfera, 39,99 euros.\" data-voc-vtm-id=\"in-text-traffic\"> <\/button><figcaption class=\"v-fc\">\n<span class=\"v-fc__t\"><br \/>\nFalda gris de Sfera, 39,99 euros.<br \/>\n<\/span><br \/>\n<\/figcaption><\/div>\n<\/div>\n<div id=\"photo-945\" popover class=\"v-mdl v-mdl--fw\">\n<button class=\"v-x\" popovertarget=\"photo-945\" popovertargetaction=\"hide\"><br \/>\n<span class=\"v-i\"><br \/>\n<svg width=\"24\" height=\"23.996\" viewBox=\"0 0 24 23.996\">\n<path data-name=\"Uni\u00f3n 29\" d=\"M12,14.03,2.031,24,0,21.963,9.968,12,0,2.033,2.031,0,12,9.966,21.969,0,24,2.033,14.032,12,24,21.963,21.969,24Z\" \/>\n<\/svg><br \/>\n<\/span><br \/>\n<\/button><\/p>\n<div class=\"v-mdl__c\">\n<div class=\"v-mdl__w\">\n<img loading=\"lazy\" src=\"http:\/\/hoycordobaweb.com\/wp-content\/uploads\/2026\/09\/de-gisele-bundchen-a-the-row-las-faldas-lapiz-seran-las-reinas-del-otono-5.jpg\" class=\"v-mdl__img-z\" width=\"650\" height=\"650\" alt>\n<\/div>\n<\/div>\n<\/div>\n<p><span class=\"v-bdp\"><\/span><br \/>\n<\/article>\n<\/div>\n<\/div>\n<p class=\"voc-paragraph\"><strong>Falda gris de Sfera, 39,99 euros.<\/strong> Es la que escoger\u00eda cualquier personaje que viviera en una oficina de 2026. Es ajustada sin marcar demasiado, su cintura alta estiliza y combina con todo lo que tengas en mente. Le sacar\u00e1s mucho partido.<\/p>\n<div class=\"v-c-cmp v-c-cmp--s\">\n<div class=\"v-cmp-m \">\n<article class=\"v-a v-a--cmp-m v-c-cmp--m-z\">\n<div class=\"v-a-img-c \">\n<div class=\"v-a-fig\">\n<button class=\"v-a-link\" popovertarget=\"photo-928\"><br \/>\n<img loading=\"lazy\" src=\"http:\/\/hoycordobaweb.com\/wp-content\/uploads\/2026\/09\/de-gisele-bundchen-a-the-row-las-faldas-lapiz-seran-las-reinas-del-otono-6.jpg\" class=\"v-a-img\" width=\"650\" height=\"650\" alt=\"Falda burdeos de piel de Mango, 29,99 euros.\" data-voc-vtm-id=\"in-text-traffic\"> <\/button><figcaption class=\"v-fc\">\n<span class=\"v-fc__t\"><br \/>\nFalda burdeos de piel de Mango, 29,99 euros.<br \/>\n<\/span><br \/>\n<\/figcaption><\/div>\n<\/div>\n<div id=\"photo-928\" popover class=\"v-mdl v-mdl--fw\">\n<button class=\"v-x\" popovertarget=\"photo-928\" popovertargetaction=\"hide\"><br \/>\n<span class=\"v-i\"><br \/>\n<svg width=\"24\" height=\"23.996\" viewBox=\"0 0 24 23.996\">\n<path data-name=\"Uni\u00f3n 29\" d=\"M12,14.03,2.031,24,0,21.963,9.968,12,0,2.033,2.031,0,12,9.966,21.969,0,24,2.033,14.032,12,24,21.963,21.969,24Z\" \/>\n<\/svg><br \/>\n<\/span><br \/>\n<\/button><\/p>\n<div class=\"v-mdl__c\">\n<div class=\"v-mdl__w\">\n<img loading=\"lazy\" src=\"http:\/\/hoycordobaweb.com\/wp-content\/uploads\/2026\/09\/de-gisele-bundchen-a-the-row-las-faldas-lapiz-seran-las-reinas-del-otono-6.jpg\" class=\"v-mdl__img-z\" width=\"650\" height=\"650\" alt>\n<\/div>\n<\/div>\n<\/div>\n<p><span class=\"v-bdp\"><\/span><br \/>\n<\/article>\n<\/div>\n<\/div>\n<p class=\"voc-paragraph\"><strong>Falda burdeos de piel de Mango, 29,99 euros.<\/strong> Sigue dos tendencias del momento, por lo que es una muy buena opci\u00f3n. Para un look oto\u00f1al, apuesta por neutros marrones y quiz\u00e1 un abrigo largo que le aporte estructura. <\/p>\n<div class=\"v-c-cmp v-c-cmp--s\">\n<div class=\"v-cmp-m \">\n<article class=\"v-a v-a--cmp-m v-c-cmp--m-z\">\n<div class=\"v-a-img-c \">\n<div class=\"v-a-fig\">\n<button class=\"v-a-link\" popovertarget=\"photo-466\"><br \/>\n<img loading=\"lazy\" src=\"http:\/\/hoycordobaweb.com\/wp-content\/uploads\/2026\/09\/de-gisele-bundchen-a-the-row-las-faldas-lapiz-seran-las-reinas-del-otono-7.jpg\" class=\"v-a-img\" width=\"650\" height=\"650\" alt=\"Falda estampada animal print de Massimo Dutti, 79,95 euros.\" data-voc-vtm-id=\"in-text-traffic\"> <\/button><figcaption class=\"v-fc\">\n<span class=\"v-fc__t\"><br \/>\nFalda estampada animal print de Massimo Dutti, 79,95 euros.<br \/>\n<\/span><br \/>\n<\/figcaption><\/div>\n<\/div>\n<div id=\"photo-466\" popover class=\"v-mdl v-mdl--fw\">\n<button class=\"v-x\" popovertarget=\"photo-466\" popovertargetaction=\"hide\"><br \/>\n<span class=\"v-i\"><br \/>\n<svg width=\"24\" height=\"23.996\" viewBox=\"0 0 24 23.996\">\n<path data-name=\"Uni\u00f3n 29\" d=\"M12,14.03,2.031,24,0,21.963,9.968,12,0,2.033,2.031,0,12,9.966,21.969,0,24,2.033,14.032,12,24,21.963,21.969,24Z\" \/>\n<\/svg><br \/>\n<\/span><br \/>\n<\/button><\/p>\n<div class=\"v-mdl__c\">\n<div class=\"v-mdl__w\">\n<img loading=\"lazy\" src=\"http:\/\/hoycordobaweb.com\/wp-content\/uploads\/2026\/09\/de-gisele-bundchen-a-the-row-las-faldas-lapiz-seran-las-reinas-del-otono-7.jpg\" class=\"v-mdl__img-z\" width=\"650\" height=\"650\" alt>\n<\/div>\n<\/div>\n<\/div>\n<p><span class=\"v-bdp\"><\/span><br \/>\n<\/article>\n<\/div>\n<\/div>\n<p class=\"voc-paragraph\"><strong>Falda estampada animal print de Massimo Dutti, 79,95 euros.<\/strong> Es una pieza perfecta para a\u00f1adir un toque diferente. Me gusta con prendas de color marr\u00f3n chocolate, con grises o con azul marino. Tambi\u00e9n con negros para un look nocturno. Arrasar\u00e1s. <\/p>\n<div class=\"v-c-cmp v-c-cmp--s\">\n<div class=\"v-cmp-m \">\n<article class=\"v-a v-a--cmp-m v-c-cmp--m-z\">\n<div class=\"v-a-img-c \">\n<div class=\"v-a-fig\">\n<button class=\"v-a-link\" popovertarget=\"photo-93\"><br \/>\n<img loading=\"lazy\" src=\"http:\/\/hoycordobaweb.com\/wp-content\/uploads\/2026\/09\/de-gisele-bundchen-a-the-row-las-faldas-lapiz-seran-las-reinas-del-otono-8.jpg\" class=\"v-a-img\" width=\"650\" height=\"650\" alt=\"Falda negra de Zara, 25,95 euros.\" data-voc-vtm-id=\"in-text-traffic\"> <\/button><figcaption class=\"v-fc\">\n<span class=\"v-fc__t\"><br \/>\nFalda negra de Zara, 25,95 euros.<br \/>\n<\/span><br \/>\n<\/figcaption><\/div>\n<\/div>\n<div id=\"photo-93\" popover class=\"v-mdl v-mdl--fw\">\n<button class=\"v-x\" popovertarget=\"photo-93\" popovertargetaction=\"hide\"><br \/>\n<span class=\"v-i\"><br \/>\n<svg width=\"24\" height=\"23.996\" viewBox=\"0 0 24 23.996\">\n<path data-name=\"Uni\u00f3n 29\" d=\"M12,14.03,2.031,24,0,21.963,9.968,12,0,2.033,2.031,0,12,9.966,21.969,0,24,2.033,14.032,12,24,21.963,21.969,24Z\" \/>\n<\/svg><br \/>\n<\/span><br \/>\n<\/button><\/p>\n<div class=\"v-mdl__c\">\n<div class=\"v-mdl__w\">\n<img loading=\"lazy\" src=\"http:\/\/hoycordobaweb.com\/wp-content\/uploads\/2026\/09\/de-gisele-bundchen-a-the-row-las-faldas-lapiz-seran-las-reinas-del-otono-8.jpg\" class=\"v-mdl__img-z\" width=\"650\" height=\"650\" alt>\n<\/div>\n<\/div>\n<\/div>\n<p><span class=\"v-bdp\"><\/span><br \/>\n<\/article>\n<\/div>\n<\/div>\n<p class=\"voc-paragraph\"><strong>Falda negra de Zara, 25,95 euros<\/strong>. Es otro cl\u00e1sico, un b\u00e1sico que en tu armario nunca estar\u00e1 de m\u00e1s. Si no buscas complicarte la vida, ll\u00e9vala con una blusa, top o jersey del mismo color para un efecto que estilice. Si no, cualquier prenda de color neutro siempre ser\u00e1 una buena idea. <\/p>\n<div class=\"v-c-cmp v-c-cmp--t1 \">\n<div class=\"v-cmp-rld v-cmp-rld--2 \">\n<div class=\"v-cnt-m v-cnt-m--m\">\n<div class=\"v-cnt-m__c\">\n<div class=\"v-cnt-m__w v-cnt-m__w--1\">\n<p class=\"v-cnt-m__t\">\nTAMBI\u00c9N TE INTERESA\n<\/p>\n<\/div>\n<\/div>\n<\/div>\n<div class=\"v-g v-g--2-c v-g--bdr-min-xs\">\n<div class=\"v-g__c \">\n<article class=\"v-a v-a--cmp-rld v-a--cmp-rld-2 v-a--p-l\">\n<div class=\"v-a-img-c\">\n<figure class=\"v-a-fig\">\n<a href=\"https:\/\/www.mujerhoy.com\/moda\/no-te-pierdas\/basicos-minimalistas-estilo-noventero-aprueba-20260810163301-nt.html#vtm_modulosEngag=mod-rel:moda:noticia:1:cmp:2-not\" class=\"v-a-link\" title=\"Me gustan los b\u00e1sicos minimalistas: seis imprescindibles para un estilo noventero irresistible\"><br \/>\n<img loading=\"lazy\" class=\"v-a-img\" src=\"http:\/\/hoycordobaweb.com\/wp-content\/uploads\/2026\/09\/de-gisele-bundchen-a-the-row-las-faldas-lapiz-seran-las-reinas-del-otono-9.jpg\" alt=\"Me gustan los b\u00e1sicos minimalistas: seis imprescindibles para un estilo noventero irresistible\"><br \/>\n<\/a><br \/>\n<\/figure>\n<\/div>\n<\/article>\n<\/div>\n<div class=\"v-g__c \">\n<article class=\"v-a v-a--cmp-rld v-a--cmp-rld-2 v-a--p-l\">\n<div class=\"v-a-img-c\">\n<figure class=\"v-a-fig\">\n<a href=\"https:\/\/www.mujerhoy.com\/moda\/no-te-pierdas\/basicos-septiembre-looks-favoritos-vuelta-a-la-oficina-lista-de-deseos-20260818150721-nt.html#vtm_modulosEngag=mod-rel:moda:noticia:2:cmp:2-not\" class=\"v-a-link\" title=\"Hace calor, pero mi lista de deseos de septiembre no ha podido esperar: seis b\u00e1sicos que llevar\u00e9 en mi vuelta a la oficina\"><br \/>\n<img loading=\"lazy\" class=\"v-a-img\" src=\"http:\/\/hoycordobaweb.com\/wp-content\/uploads\/2026\/09\/de-gisele-bundchen-a-the-row-las-faldas-lapiz-seran-las-reinas-del-otono-10.jpg\" alt=\"Hace calor, pero mi lista de deseos de septiembre no ha podido esperar: seis b\u00e1sicos que llevar\u00e9 en mi vuelta a la oficina\"><br \/>\n<\/a><br \/>\n<\/figure>\n<\/div>\n<\/article>\n<\/div>\n<\/div>\n<\/div>\n<\/div>\n<div class=\"media_block\"><\/div>\n","protected":false},"excerpt":{"rendered":"<p>Cualquiera que est\u00e9 un poco al d\u00eda de lo que pasa en el street style de las capitales de moda m\u00e1s importantes del mundo se habr\u00e1 dado cuenta de que el minimalismo es el rey de toda corriente est\u00e9tica. Eso significa que vuelve el estilo de oficina, y aunque hace un par de temporadas ya [&hellip;]<\/p>\n","protected":false},"author":1,"featured_media":141206,"comment_status":"closed","ping_status":"closed","sticky":false,"template":"","format":"standard","meta":[],"categories":[],"tags":[],"_links":{"self":[{"href":"http:\/\/hoycordobaweb.com\/index.php\/wp-json\/wp\/v2\/posts\/141205"}],"collection":[{"href":"http:\/\/hoycordobaweb.com\/index.php\/wp-json\/wp\/v2\/posts"}],"about":[{"href":"http:\/\/hoycordobaweb.com\/index.php\/wp-json\/wp\/v2\/types\/post"}],"author":[{"embeddable":true,"href":"http:\/\/hoycordobaweb.com\/index.php\/wp-json\/wp\/v2\/users\/1"}],"replies":[{"embeddable":true,"href":"http:\/\/hoycordobaweb.com\/index.php\/wp-json\/wp\/v2\/comments?post=141205"}],"version-history":[{"count":0,"href":"http:\/\/hoycordobaweb.com\/index.php\/wp-json\/wp\/v2\/posts\/141205\/revisions"}],"wp:featuredmedia":[{"embeddable":true,"href":"http:\/\/hoycordobaweb.com\/index.php\/wp-json\/wp\/v2\/media\/141206"}],"wp:attachment":[{"href":"http:\/\/hoycordobaweb.com\/index.php\/wp-json\/wp\/v2\/media?parent=141205"}],"wp:term":[{"taxonomy":"category","embeddable":true,"href":"http:\/\/hoycordobaweb.com\/index.php\/wp-json\/wp\/v2\/categories?post=141205"},{"taxonomy":"post_tag","embeddable":true,"href":"http:\/\/hoycordobaweb.com\/index.php\/wp-json\/wp\/v2\/tags?post=141205"}],"curies":[{"name":"wp","href":"https:\/\/api.w.org\/{rel}","templated":true}]}}