{"id":141203,"date":"2026-09-05T14:57:28","date_gmt":"2026-09-05T14:57:28","guid":{"rendered":"https:\/\/www.mujerhoy.com\/moda\/no-te-pierdas\/historia-ear-cuff-tendencia-moderna-joya-pendiente-royals-20260905082413-nt.html"},"modified":"2026-09-05T14:57:28","modified_gmt":"2026-09-05T14:57:28","slug":"la-historia-del-ear-cuff-la-joya-tendencia-mas-moderna-que-hasta-llevan-las-royals","status":"publish","type":"post","link":"http:\/\/hoycordobaweb.com\/index.php\/2026\/09\/05\/la-historia-del-ear-cuff-la-joya-tendencia-mas-moderna-que-hasta-llevan-las-royals\/","title":{"rendered":"La historia del ear cuff, la joya tendencia m\u00e1s moderna que hasta llevan las royals"},"content":{"rendered":"<p><!-- AUTHOR --><\/p>\n<div class=\"voc-author-timesocial \">\n<!-- AUTHOR --><\/p>\n<div class=\"voc-author-timesocial__signature \">\n<!-- IMAGE AUTHOR -->\n<picture class=\"voc-image-signature\">\n<img class=\"voc-image-signature__img\" src=\"http:\/\/hoycordobaweb.com\/wp-content\/uploads\/2026\/09\/la-historia-del-ear-cuff-la-joya-tendencia-mas-moderna-que-hasta-llevan-las-royals.jpg\" alt=\"Raquel Rodr\u00edguez\">\n<\/picture>\n<!-- INFO AUTHOR --> <\/div><\/div>\n<p> <!-- COMPONENTS --><\/p>\n<p class=\"voc-paragraph\">Hay una pieza de joyer\u00eda que ha adquirido mucho protagonismo en los \u00faltimos meses y que se ha postulado como<strong> una de las tendencias preferidas de mujeres de todos los estilo<\/strong>s. De hecho, aunque est\u00e1 asociada a una imagen rebelde y rockera, hemos visto a mujeres como <a href=\"https:\/\/www.mujerhoy.com\/temas\/personajes\/princesa-leonor-de-borbon.html\" title data-voc-vtm-id=\"in-text-traffic\" data-mrf-link=\"www.mujerhoy.com\">la princesa Leonor <\/a>recurrir a ella para aportar un toque moderno, pero tambi\u00e9n elegante a cada look.<\/p>\n<p class=\"voc-paragraph\">Hablamos del <a href=\"https:\/\/www.mujerhoy.com\/moda\/no-te-pierdas\/ear-cuff-pendiente-vuelve-tendencia-llevan-joyas-primavera-20260321102002-nt.html\" title data-voc-vtm-id=\"in-text-traffic\" data-mrf-link=\"www.mujerhoy.com\">ear cuff<\/a>, ese pendiente que abraza el borde de la oreja sin necesitar necesariamente un agujero, que parece muy moderno y sofisticado, pero que en realidad tiene antecedentes antiqu\u00edsimos. Es una pieza que ha vuelto en la actualidad, pero que <strong>sus or\u00edgenes se remontan el mundo griego y romano<\/strong>.<\/p>\n<div class=\"v-c-cmp v-c-cmp--t1 \">\n<div class=\"v-cmp-rld v-cmp-rld--2 \">\n<div class=\"v-cnt-m v-cnt-m--m\">\n<div class=\"v-cnt-m__c\">\n<div class=\"v-cnt-m__w v-cnt-m__w--1\">\n<p class=\"v-cnt-m__t\">\nTAMBI\u00c9N TE INTERESA\n<\/p>\n<\/div>\n<\/div>\n<\/div>\n<div class=\"v-g v-g--2-c v-g--bdr-min-xs\">\n<div class=\"v-g__c \">\n<article class=\"v-a v-a--cmp-rld v-a--cmp-rld-2 v-a--p-l\">\n<div class=\"v-a-img-c\">\n<figure class=\"v-a-fig\">\n<a href=\"https:\/\/www.mujerhoy.com\/lujo-slow\/nuevas-joyas-swarovski-coleccion-classica-plata-20260901141448-nt.html#vtm_modulosEngag=mod-rel:moda:noticia:1:cmp:2-not\" class=\"v-a-link\" title=\"Las nuevas joyas de Swarovski con las que elevar tus looks del d\u00eda a d\u00eda\"><br \/>\n<img loading=\"lazy\" class=\"v-a-img\" src=\"http:\/\/hoycordobaweb.com\/wp-content\/uploads\/2026\/09\/la-historia-del-ear-cuff-la-joya-tendencia-mas-moderna-que-hasta-llevan-las-royals-1.jpg\" alt=\"Las nuevas joyas de Swarovski con las que elevar tus looks del d\u00eda a d\u00eda\"><br \/>\n<\/a><br \/>\n<\/figure>\n<\/div>\n<\/article>\n<\/div>\n<div class=\"v-g__c \">\n<article class=\"v-a v-a--cmp-rld v-a--cmp-rld-2 v-a--p-l\">\n<div class=\"v-a-img-c\">\n<figure class=\"v-a-fig\">\n<a href=\"https:\/\/www.mujerhoy.com\/moda\/no-te-pierdas\/collares-colgantes-relojes-tendencias-joyeria-triunfaran-2027-20260821170514-nt.html#vtm_modulosEngag=mod-rel:moda:noticia:2:cmp:2-not\" class=\"v-a-link\" title=\"Desde collares con colgantes hasta relojes: las tendencias de joyer\u00eda que triunfar\u00e1n en 2027\"><br \/>\n<img loading=\"lazy\" class=\"v-a-img\" src=\"http:\/\/hoycordobaweb.com\/wp-content\/uploads\/2026\/09\/la-historia-del-ear-cuff-la-joya-tendencia-mas-moderna-que-hasta-llevan-las-royals-2.jpg\" alt=\"Desde collares con colgantes hasta relojes: las tendencias de joyer\u00eda que triunfar\u00e1n en 2027\"><br \/>\n<\/a><br \/>\n<\/figure>\n<\/div>\n<\/article>\n<\/div>\n<\/div>\n<\/div>\n<\/div>\n<p class=\"voc-paragraph\">Y es que, la idea de<strong> adornar el pabell\u00f3n de la oreja rode\u00e1ndolo<\/strong> o sujet\u00e1ndose a \u00e9l aparece en distintas culturas desde hace siglos. Como decimos, ya en la historia griega y romana, existieron piezas que se colocaban alrededor de distintas zonas de la oreja y joyas complejas que combinaban pendientes y elementos que recorr\u00edan el pabell\u00f3n.<\/p>\n<p class=\"voc-paragraph\">Por otro lado, <strong>en India<\/strong>, la joyer\u00eda tradicional de la oreja desarroll\u00f3 formas especialmente elaboradas: algunas piezas conectaban el l\u00f3bulo con la parte superior de la oreja mediante cadenas y estructuras ornamentales. Tambi\u00e9n, en otras <strong>culturas asi\u00e1ticas<\/strong> se usaban adornos que ampliaban la joyer\u00eda m\u00e1s all\u00e1 del simple pendiente del l\u00f3bulo.<\/p>\n<div class=\"v-c-cmp v-c-cmp--s\">\n<div class=\"v-cmp-m \">\n<article class=\"v-a v-a--cmp-m v-c-cmp--m-z\">\n<div class=\"v-a-img-c \">\n<div class=\"v-a-fig\">\n<button class=\"v-a-link\" popovertarget=\"photo-336\"><br \/>\n<img loading=\"lazy\" src=\"http:\/\/hoycordobaweb.com\/wp-content\/uploads\/2026\/09\/la-historia-del-ear-cuff-la-joya-tendencia-mas-moderna-que-hasta-llevan-las-royals-3.jpg\" class=\"v-a-img\" width=\"650\" height=\"650\" alt=\"La princesa Leonor con un ear cuff.\" data-voc-vtm-id=\"in-text-traffic\"> <\/button><figcaption class=\"v-fc\">\n<span class=\"v-fc__t\"><br \/>\nLa princesa Leonor con un ear cuff.<br \/>\n<\/span><br \/>\n<span class=\"v-fc__p\"><br \/>\nlimited pictures<br \/>\n<\/span><br \/>\n<\/figcaption><\/div>\n<\/div>\n<div id=\"photo-336\" popover class=\"v-mdl v-mdl--fw\">\n<button class=\"v-x\" popovertarget=\"photo-336\" popovertargetaction=\"hide\"><br \/>\n<span class=\"v-i\"><br \/>\n<svg width=\"24\" height=\"23.996\" viewBox=\"0 0 24 23.996\">\n<path data-name=\"Uni\u00f3n 29\" d=\"M12,14.03,2.031,24,0,21.963,9.968,12,0,2.033,2.031,0,12,9.966,21.969,0,24,2.033,14.032,12,24,21.963,21.969,24Z\" \/>\n<\/svg><br \/>\n<\/span><br \/>\n<\/button><\/p>\n<div class=\"v-mdl__c\">\n<div class=\"v-mdl__w\">\n<img loading=\"lazy\" src=\"http:\/\/hoycordobaweb.com\/wp-content\/uploads\/2026\/09\/la-historia-del-ear-cuff-la-joya-tendencia-mas-moderna-que-hasta-llevan-las-royals-3.jpg\" class=\"v-mdl__img-z\" width=\"650\" height=\"650\" alt>\n<\/div>\n<\/div>\n<\/div>\n<p><span class=\"v-bdp\"><\/span><br \/>\n<\/article>\n<\/div>\n<\/div>\n<p class=\"voc-paragraph\">Son antecedentes de la idea como la concebimos hoy. Porque no ha sido hasta el <strong>siglo XX<\/strong>, momento en el que la joyer\u00eda empez\u00f3 a experimentar con dise\u00f1os que pod\u00edan transformar la silueta de la oreja sin recurrir a m\u00faltiples perforaciones, cuando apareci\u00f3 la versi\u00f3n moderna.<\/p>\n<div class=\"v-c-cmp v-c-cmp--s\">\n<div class=\"v-cmp-m \">\n<article class=\"v-a v-a--cmp-m v-c-cmp--m-z\">\n<div class=\"v-a-img-c \">\n<div class=\"v-a-fig\">\n<button class=\"v-a-link\" popovertarget=\"photo-223\"><br \/>\n<img loading=\"lazy\" src=\"http:\/\/hoycordobaweb.com\/wp-content\/uploads\/2026\/09\/la-historia-del-ear-cuff-la-joya-tendencia-mas-moderna-que-hasta-llevan-las-royals-4.jpg\" class=\"v-a-img\" width=\"650\" height=\"650\" alt=\"La influencer Mar\u00eda Ferna\u00b4dez-Rub\u00edes con un ear cuff.\" data-voc-vtm-id=\"in-text-traffic\"> <\/button><figcaption class=\"v-fc\">\n<span class=\"v-fc__t\"><br \/>\nLa influencer Mar\u00eda Ferna\u00b4dez-Rub\u00edes con un ear cuff.<br \/>\n<\/span><br \/>\n<span class=\"v-fc__p\"><br \/>\n@mariafrubies<br \/>\n<\/span><br \/>\n<\/figcaption><\/div>\n<\/div>\n<div id=\"photo-223\" popover class=\"v-mdl v-mdl--fw\">\n<button class=\"v-x\" popovertarget=\"photo-223\" popovertargetaction=\"hide\"><br \/>\n<span class=\"v-i\"><br \/>\n<svg width=\"24\" height=\"23.996\" viewBox=\"0 0 24 23.996\">\n<path data-name=\"Uni\u00f3n 29\" d=\"M12,14.03,2.031,24,0,21.963,9.968,12,0,2.033,2.031,0,12,9.966,21.969,0,24,2.033,14.032,12,24,21.963,21.969,24Z\" \/>\n<\/svg><br \/>\n<\/span><br \/>\n<\/button><\/p>\n<div class=\"v-mdl__c\">\n<div class=\"v-mdl__w\">\n<img loading=\"lazy\" src=\"http:\/\/hoycordobaweb.com\/wp-content\/uploads\/2026\/09\/la-historia-del-ear-cuff-la-joya-tendencia-mas-moderna-que-hasta-llevan-las-royals-4.jpg\" class=\"v-mdl__img-z\" width=\"650\" height=\"650\" alt>\n<\/div>\n<\/div>\n<\/div>\n<p><span class=\"v-bdp\"><\/span><br \/>\n<\/article>\n<\/div>\n<\/div>\n<p class=\"voc-paragraph\">Un siglo en el que han surgido diferentes versiones. Por ejemplo, en los a\u00f1os 80 y 90, el ear cuff adquiri\u00f3 una fuerte asociaci\u00f3n con las<strong> est\u00e9ticas punk, rock, g\u00f3tica y alternativa<\/strong>. Era perfecto para crear una apariencia de m\u00faltiples piercings sin tener que perforarse la oreja.<\/p>\n<div class=\"v-c-cmp v-c-cmp--s\">\n<div class=\"v-cmp-m \">\n<article class=\"v-a v-a--cmp-m v-c-cmp--m-z\">\n<div class=\"v-a-img-c \">\n<div class=\"v-a-fig\">\n<button class=\"v-a-link\" popovertarget=\"photo-485\"><br \/>\n<img loading=\"lazy\" src=\"http:\/\/hoycordobaweb.com\/wp-content\/uploads\/2026\/09\/la-historia-del-ear-cuff-la-joya-tendencia-mas-moderna-que-hasta-llevan-las-royals-5.jpg\" class=\"v-a-img\" width=\"650\" height=\"650\" alt=\"Isabelle Junot con un ear cuff de Paulet.\" data-voc-vtm-id=\"in-text-traffic\"> <\/button><figcaption class=\"v-fc\">\n<span class=\"v-fc__t\"><br \/>\nIsabelle Junot con un ear cuff de Paulet.<br \/>\n<\/span><br \/>\n<span class=\"v-fc__p\"><br \/>\n@isabellejunot<br \/>\n<\/span><br \/>\n<\/figcaption><\/div>\n<\/div>\n<div id=\"photo-485\" popover class=\"v-mdl v-mdl--fw\">\n<button class=\"v-x\" popovertarget=\"photo-485\" popovertargetaction=\"hide\"><br \/>\n<span class=\"v-i\"><br \/>\n<svg width=\"24\" height=\"23.996\" viewBox=\"0 0 24 23.996\">\n<path data-name=\"Uni\u00f3n 29\" d=\"M12,14.03,2.031,24,0,21.963,9.968,12,0,2.033,2.031,0,12,9.966,21.969,0,24,2.033,14.032,12,24,21.963,21.969,24Z\" \/>\n<\/svg><br \/>\n<\/span><br \/>\n<\/button><\/p>\n<div class=\"v-mdl__c\">\n<div class=\"v-mdl__w\">\n<img loading=\"lazy\" src=\"http:\/\/hoycordobaweb.com\/wp-content\/uploads\/2026\/09\/la-historia-del-ear-cuff-la-joya-tendencia-mas-moderna-que-hasta-llevan-las-royals-5.jpg\" class=\"v-mdl__img-z\" width=\"650\" height=\"650\" alt>\n<\/div>\n<\/div>\n<\/div>\n<p><span class=\"v-bdp\"><\/span><br \/>\n<\/article>\n<\/div>\n<\/div>\n<p class=\"voc-paragraph\">Despu\u00e9s, durante los 2000 y 2010, pas\u00f3 progresivamente de los circuitos alternativos a la joyer\u00eda comercial y a las pasarelas. En la actualidad, regresa con fuerza convirti\u00e9ndose en una<strong> pieza mucho m\u00e1s sofisticada <\/strong>con opciones desde peque\u00f1os aros minimalistas hasta aut\u00e9nticas estructuras met\u00e1licas que recorren toda la oreja. Estos son algunos de nuestros ejemplos favoritos.<\/p>\n<div class=\"v-c-cmp\">\n<div class=\"v-cmp-cmb\">\n<figure class=\"v-cmp-cmb__fig\"><figcaption class=\"v-fc\">\n<span class=\"v-fc__p\"><br \/>\nEl ear cuff de Marina Garc\u00eda (179 euros), Singularu (17,99 euros) y Agatha (45 euros).<br \/>\n<\/span><br \/>\n<\/figcaption><\/figure>\n<\/div>\n<\/div>\n<div id=\"100\" popover class=\"v-mdl v-mdl--fw\">\n<button class=\"v-x\" popovertarget=\"100\" popovertargetaction=\"hide\"><br \/>\n<span class=\"v-i\"><br \/>\n<svg width=\"24\" height=\"23.996\" viewBox=\"0 0 24 23.996\">\n<path data-name=\"Uni\u00f3n 29\" d=\"M12,14.03,2.031,24,0,21.963,9.968,12,0,2.033,2.031,0,12,9.966,21.969,0,24,2.033,14.032,12,24,21.963,21.969,24Z\" \/>\n<\/svg><br \/>\n<\/span><br \/>\n<\/button><\/p>\n<div class=\"v-mdl__c\">\n<div class=\"v-mdl__w\">\n<img loading=\"lazy\" src=\"http:\/\/hoycordobaweb.com\/wp-content\/uploads\/2026\/09\/la-historia-del-ear-cuff-la-joya-tendencia-mas-moderna-que-hasta-llevan-las-royals.png\" class=\"v-mdl__img-z\" width=\"1200\" height=\"841\" alt=\"Imagen principal - La historia del ear cuff, la joya tendencia m\u00e1s moderna que hasta llevan las royals\">\n<\/div>\n<\/div>\n<\/div>\n<p><span class=\"v-bdp\"><\/span><\/p>\n<div id=\"101\" popover class=\"v-mdl v-mdl--fw\">\n<button class=\"v-x\" popovertarget=\"101\" popovertargetaction=\"hide\"><br \/>\n<span class=\"v-i\"><br \/>\n<svg width=\"24\" height=\"23.996\" viewBox=\"0 0 24 23.996\">\n<path data-name=\"Uni\u00f3n 29\" d=\"M12,14.03,2.031,24,0,21.963,9.968,12,0,2.033,2.031,0,12,9.966,21.969,0,24,2.033,14.032,12,24,21.963,21.969,24Z\" \/>\n<\/svg><br \/>\n<\/span><br \/>\n<\/button><\/p>\n<div class=\"v-mdl__c\">\n<div class=\"v-mdl__w\">\n<img loading=\"lazy\" src=\"http:\/\/hoycordobaweb.com\/wp-content\/uploads\/2026\/09\/la-historia-del-ear-cuff-la-joya-tendencia-mas-moderna-que-hasta-llevan-las-royals-1.png\" class=\"v-mdl__img-z\" width=\"1200\" height=\"851\" alt=\"Imagen secundaria 1 - La historia del ear cuff, la joya tendencia m\u00e1s moderna que hasta llevan las royals\">\n<\/div>\n<\/div>\n<\/div>\n<p><span class=\"v-bdp\"><\/span><\/p>\n<div id=\"102\" popover class=\"v-mdl v-mdl--fw\">\n<button class=\"v-x\" popovertarget=\"102\" popovertargetaction=\"hide\"><br \/>\n<span class=\"v-i\"><br \/>\n<svg width=\"24\" height=\"23.996\" viewBox=\"0 0 24 23.996\">\n<path data-name=\"Uni\u00f3n 29\" d=\"M12,14.03,2.031,24,0,21.963,9.968,12,0,2.033,2.031,0,12,9.966,21.969,0,24,2.033,14.032,12,24,21.963,21.969,24Z\" \/>\n<\/svg><br \/>\n<\/span><br \/>\n<\/button><\/p>\n<div class=\"v-mdl__c\">\n<div class=\"v-mdl__w\">\n<img loading=\"lazy\" src=\"http:\/\/hoycordobaweb.com\/wp-content\/uploads\/2026\/09\/la-historia-del-ear-cuff-la-joya-tendencia-mas-moderna-que-hasta-llevan-las-royals-2.png\" class=\"v-mdl__img-z\" width=\"711\" height=\"841\" alt=\"Imagen secundaria 2 - La historia del ear cuff, la joya tendencia m\u00e1s moderna que hasta llevan las royals\">\n<\/div>\n<\/div>\n<\/div>\n<p><span class=\"v-bdp\"><\/span><\/p>\n<p class=\"voc-paragraph\">Para las que buscan algo original y que no pase desapercibido, el ear cuff de plata con un dise\u00f1o tweed de <strong>Marina Garc\u00eda<\/strong>. Es de plata de primera ley (925) ba\u00f1ada en oro amarillo de 18kt. Para las que prefieren algo sencillo, el de <strong>Singularu<\/strong>, de forma irregular y con circonitas, o el de <strong>Agtaha<\/strong>, con textura.<\/p>\n<div class=\"v-c-cmp v-c-cmp--t1 \">\n<div class=\"v-cmp-rld v-cmp-rld--2 \">\n<div class=\"v-cnt-m v-cnt-m--m\">\n<div class=\"v-cnt-m__c\">\n<div class=\"v-cnt-m__w v-cnt-m__w--1\">\n<p class=\"v-cnt-m__t\">\nTAMBI\u00c9N TE INTERESA\n<\/p>\n<\/div>\n<\/div>\n<\/div>\n<div class=\"v-g v-g--2-c v-g--bdr-min-xs\">\n<div class=\"v-g__c \">\n<article class=\"v-a v-a--cmp-rld v-a--cmp-rld-2 v-a--p-l\">\n<div class=\"v-a-img-c\">\n<figure class=\"v-a-fig\">\n<a href=\"https:\/\/www.mujerhoy.com\/moda\/no-te-pierdas\/collar-perlas-joya-fondo-armario-importante-historia-20260809181511-nt.html#vtm_modulosEngag=mod-rel:moda:noticia:1:cmp:2-not\" class=\"v-a-link\" title=\"Por qu\u00e9 el collar de perlas es la joya fondo de armario m\u00e1s importante de la historia\"><br \/>\n<img loading=\"lazy\" class=\"v-a-img\" src=\"http:\/\/hoycordobaweb.com\/wp-content\/uploads\/2026\/09\/la-historia-del-ear-cuff-la-joya-tendencia-mas-moderna-que-hasta-llevan-las-royals-6.jpg\" alt=\"Por qu\u00e9 el collar de perlas es la joya fondo de armario m\u00e1s importante de la historia\"><br \/>\n<\/a><br \/>\n<\/figure>\n<\/div>\n<\/article>\n<\/div>\n<div class=\"v-g__c \">\n<article class=\"v-a v-a--cmp-rld v-a--cmp-rld-2 v-a--p-l\">\n<div class=\"v-a-img-c\">\n<figure class=\"v-a-fig\">\n<a href=\"https:\/\/www.mujerhoy.com\/moda\/no-te-pierdas\/significado-cordon-rojo-joyas-amuleto-simbolo-amor-20260729170146-nt.html#vtm_modulosEngag=mod-rel:moda:noticia:2:cmp:2-not\" class=\"v-a-link\" title=\"El significado del cord\u00f3n rojo en joyas: de amuleto a s\u00edmbolo de amor y destino\"><br \/>\n<img loading=\"lazy\" class=\"v-a-img\" src=\"http:\/\/hoycordobaweb.com\/wp-content\/uploads\/2026\/09\/la-historia-del-ear-cuff-la-joya-tendencia-mas-moderna-que-hasta-llevan-las-royals-7.jpg\" alt=\"El significado del cord\u00f3n rojo en joyas: de amuleto a s\u00edmbolo de amor y destino\"><br \/>\n<\/a><br \/>\n<\/figure>\n<\/div>\n<\/article>\n<\/div>\n<\/div>\n<\/div>\n<\/div>\n<div class=\"media_block\"><\/div>\n","protected":false},"excerpt":{"rendered":"<p>Hay una pieza de joyer\u00eda que ha adquirido mucho protagonismo en los \u00faltimos meses y que se ha postulado como una de las tendencias preferidas de mujeres de todos los estilos. De hecho, aunque est\u00e1 asociada a una imagen rebelde y rockera, hemos visto a mujeres como la princesa Leonor recurrir a ella para aportar [&hellip;]<\/p>\n","protected":false},"author":1,"featured_media":141204,"comment_status":"closed","ping_status":"closed","sticky":false,"template":"","format":"standard","meta":[],"categories":[],"tags":[],"_links":{"self":[{"href":"http:\/\/hoycordobaweb.com\/index.php\/wp-json\/wp\/v2\/posts\/141203"}],"collection":[{"href":"http:\/\/hoycordobaweb.com\/index.php\/wp-json\/wp\/v2\/posts"}],"about":[{"href":"http:\/\/hoycordobaweb.com\/index.php\/wp-json\/wp\/v2\/types\/post"}],"author":[{"embeddable":true,"href":"http:\/\/hoycordobaweb.com\/index.php\/wp-json\/wp\/v2\/users\/1"}],"replies":[{"embeddable":true,"href":"http:\/\/hoycordobaweb.com\/index.php\/wp-json\/wp\/v2\/comments?post=141203"}],"version-history":[{"count":0,"href":"http:\/\/hoycordobaweb.com\/index.php\/wp-json\/wp\/v2\/posts\/141203\/revisions"}],"wp:featuredmedia":[{"embeddable":true,"href":"http:\/\/hoycordobaweb.com\/index.php\/wp-json\/wp\/v2\/media\/141204"}],"wp:attachment":[{"href":"http:\/\/hoycordobaweb.com\/index.php\/wp-json\/wp\/v2\/media?parent=141203"}],"wp:term":[{"taxonomy":"category","embeddable":true,"href":"http:\/\/hoycordobaweb.com\/index.php\/wp-json\/wp\/v2\/categories?post=141203"},{"taxonomy":"post_tag","embeddable":true,"href":"http:\/\/hoycordobaweb.com\/index.php\/wp-json\/wp\/v2\/tags?post=141203"}],"curies":[{"name":"wp","href":"https:\/\/api.w.org\/{rel}","templated":true}]}}