{"id":141201,"date":"2026-09-05T16:24:00","date_gmt":"2026-09-05T16:24:00","guid":{"rendered":"http:\/\/hoycordobaweb.com\/index.php\/2026\/09\/05\/diputado-de-la-coalicion-civica-el-nacionalismo-tonto-es-la-careta-de-todo-autocrata\/"},"modified":"2026-09-05T16:24:00","modified_gmt":"2026-09-05T16:24:00","slug":"diputado-de-la-coalicion-civica-el-nacionalismo-tonto-es-la-careta-de-todo-autocrata","status":"publish","type":"post","link":"http:\/\/hoycordobaweb.com\/index.php\/2026\/09\/05\/diputado-de-la-coalicion-civica-el-nacionalismo-tonto-es-la-careta-de-todo-autocrata\/","title":{"rendered":"Diputado de la Coalici\u00f3n C\u00edvica: \u00abEl nacionalismo tonto es la careta de todo aut\u00f3crata\u00bb"},"content":{"rendered":"<div class=\"media_block\"><\/div>\n<div><img src=\"http:\/\/hoycordobaweb.com\/wp-content\/uploads\/2026\/09\/diputado-de-la-coalicion-civica-el-nacionalismo-tonto-es-la-careta-de-todo-autocrata.jpg\" class=\"ff-og-image-inserted\"><\/div>\n<p>El diputado nacional <strong>Maximiliano Ferraro<\/strong> asegur\u00f3 que <strong>\u201cel nacionalismo tonto es la careta de todo aut\u00f3crata\u201d<\/strong> al referirse al discurso del <strong>presidente Javier Milei<\/strong> sobre la cuesti\u00f3n <strong>Malvinas<\/strong>.<\/p>\n<p>\u201c<strong>Malvinas es una causa nacional<\/strong>. Su defensa y reivindicaci\u00f3n es una obligaci\u00f3n de la Constituci\u00f3n. <strong>No le pertenece a Milei ni a ning\u00fan gobierno<\/strong>, a pesar del manoseo recurrente que todos han hecho de esta causa cuando andan complicados internamente y necesitan tapar los problemas de los argentinos o relegitimar su poder\u201d, sostuvo el legislador de la Coalici\u00f3n C\u00edvica.<\/p>\n<p class=\"destacadoNota\"><a target=\"_blank\" href=\"https:\/\/www.perfil.com\/noticias\/nea\/encuesta-milei-primero-en-imagen-positiva-pero-cristina-kirchner-con-mejor-diferencial.phtml\" rel=\"noopener noreferrer\">Encuesta: Milei primero en imagen positiva, pero Cristina Kirchner con mejor diferencial<\/a><\/p>\n<h2>Cuesti\u00f3n Malvinas<\/h2>\n<p>\u201c<strong>Hasta hace nada, Milei ten\u00eda otra agenda y otra posici\u00f3n sobre Malvinas. Lleg\u00f3 a reivindicar a Margaret Thatcher y durante mucho tiempo relativiz\u00f3 el reclamo de soberan\u00eda y consider\u00f3 leg\u00edtimo el derecho a la autodeterminaci\u00f3n de los kelpers<\/strong>. Pero no solo dec\u00eda lo opuesto en lo discursivo, tambi\u00e9n lo hizo en los hechos, basta mirar los presupuestos en Defensa y en Ciencia y T\u00e9cnica vinculados a asuntos oce\u00e1nicos y polares\u201d, record\u00f3 Ferraro.<\/p>\n<p>Y luego complet\u00f3: \u201c<strong>De un d\u00eda para el otro, y solo despu\u00e9s de un comentario de Trump, sac\u00f3 del caj\u00f3n la carta Malvinas<\/strong>. Lo mismo con la Ant\u00e1rtida y el Atl\u00e1ntico Sur, ahora es prioritaria la construcci\u00f3n de la Base Naval Integrada en Tierra del Fuego, despu\u00e9s de tres a\u00f1os de desfinanciamiento\u201d.<\/p>\n<p>Adem\u00e1s se\u00f1al\u00f3 que \u201c<strong>Malvinas es y tiene que ser siempre causa nacional y pol\u00edtica de Estado, y Ant\u00e1rtida tambi\u00e9n<\/strong>\u201d. \u201cEn ambos casos hay una disputa de soberan\u00eda con el Reino Unido, solo que en el caso de la Ant\u00e1rtida est\u00e1 \u00b4pausada\u00b4 por el Tratado Ant\u00e1rtico. El ejercicio efectivo de nuestros derechos soberanos es innegociable en ambos casos, desde patrullar los mares y oc\u00e9anos, hasta cuidar nuestros recursos y desarrollar estos territorios\u201d, puntualiz\u00f3.<\/p>\n<p>\u201cLa soberan\u00eda argentina sobre las islas, el Atl\u00e1ntico Sur y nuestros recursos naturales y estrat\u00e9gicos no se discute. <strong>Tampoco puede utilizarse con fines populistas, para sostener delirios de unanimidad o para acusar de enemigos de la patria a quienes no se sometan y apoyen al Gobierno<\/strong>\u201d, asever\u00f3.<\/p>\n<p class=\"destacadoNota\"><a target=\"_blank\" href=\"https:\/\/www.perfil.com\/noticias\/nea\/la-corte-suprema-dejo-firme-la-condena-a-8-anos-de-prision-contra-el-exgobernador-sergio-urribarri.phtml\" rel=\"noopener noreferrer\">La Corte Suprema dej\u00f3 firme la condena a 8 a\u00f1os de prisi\u00f3n contra el exgobernador Sergio Urribarri<\/a><\/p>\n<h2>\u201cOjo con el nacionalismo tonto, peligroso y exacerbado\u00bb<\/h2>\n<p>Tambi\u00e9n consider\u00f3 que \u201chay que estudiar seriamente cada uno de los anuncios de anoche, sin caer en posiciones simplistas ni maniqueas\u201d. \u201cHay aspectos que merecen un debate profundo. Tambi\u00e9n hay que analizar por qu\u00e9, existiendo herramientas legales para hacerlo, no se aplicaron para defender nuestra soberan\u00eda\u201d, remarc\u00f3 Ferraro.<\/p>\n<p>\u201c<strong>Hay un l\u00edmite innegociable, no hay lugar para facultades delegadas ni para superpoderes<\/strong>. La \u201cunidad\u201d para defender la soberan\u00eda argentina no requiere que ning\u00fan gobierno, cualquiera sea su signo pol\u00edtico, ni el Presidente ni sus funcionarios, concentren m\u00e1s poder por fuera de la Constituci\u00f3n.<\/p>\n<p>\u201c<strong>Ojo con el nacionalismo tonto, peligroso y exacerbado. Es la careta de todo aut\u00f3crata<\/strong>. Que env\u00ede los proyectos al Congreso y que los funcionarios de Canciller\u00eda y Defensa den las explicaciones necesarias sobre esta novedosa urgencia del Gobierno con Malvinas\u201d, concluy\u00f3 el diputado.<\/p>\n<div class=\"article__tags\">\n<p>En esta Nota<\/p>\n<\/p><\/div>\n","protected":false},"excerpt":{"rendered":"<p>El diputado nacional Maximiliano Ferraro asegur\u00f3 que \u201cel nacionalismo tonto es la careta de todo aut\u00f3crata\u201d al referirse al discurso del presidente Javier Milei sobre la cuesti\u00f3n Malvinas. \u201cMalvinas es una causa nacional. Su defensa y reivindicaci\u00f3n es una obligaci\u00f3n de la Constituci\u00f3n. No le pertenece a Milei ni a ning\u00fan gobierno, a pesar del [&hellip;]<\/p>\n","protected":false},"author":1,"featured_media":141202,"comment_status":"closed","ping_status":"closed","sticky":false,"template":"","format":"standard","meta":[],"categories":[19],"tags":[2017,3615,80,3654,3028,3652,2505,1766,3653],"_links":{"self":[{"href":"http:\/\/hoycordobaweb.com\/index.php\/wp-json\/wp\/v2\/posts\/141201"}],"collection":[{"href":"http:\/\/hoycordobaweb.com\/index.php\/wp-json\/wp\/v2\/posts"}],"about":[{"href":"http:\/\/hoycordobaweb.com\/index.php\/wp-json\/wp\/v2\/types\/post"}],"author":[{"embeddable":true,"href":"http:\/\/hoycordobaweb.com\/index.php\/wp-json\/wp\/v2\/users\/1"}],"replies":[{"embeddable":true,"href":"http:\/\/hoycordobaweb.com\/index.php\/wp-json\/wp\/v2\/comments?post=141201"}],"version-history":[{"count":0,"href":"http:\/\/hoycordobaweb.com\/index.php\/wp-json\/wp\/v2\/posts\/141201\/revisions"}],"wp:featuredmedia":[{"embeddable":true,"href":"http:\/\/hoycordobaweb.com\/index.php\/wp-json\/wp\/v2\/media\/141202"}],"wp:attachment":[{"href":"http:\/\/hoycordobaweb.com\/index.php\/wp-json\/wp\/v2\/media?parent=141201"}],"wp:term":[{"taxonomy":"category","embeddable":true,"href":"http:\/\/hoycordobaweb.com\/index.php\/wp-json\/wp\/v2\/categories?post=141201"},{"taxonomy":"post_tag","embeddable":true,"href":"http:\/\/hoycordobaweb.com\/index.php\/wp-json\/wp\/v2\/tags?post=141201"}],"curies":[{"name":"wp","href":"https:\/\/api.w.org\/{rel}","templated":true}]}}