{"id":141187,"date":"2026-09-05T16:35:57","date_gmt":"2026-09-05T16:35:57","guid":{"rendered":"https:\/\/www.ole.com.ar\/futbol-internacional\/bayer-leverkusen-triunfo-bundesliga-medina-fernandez_0_oPl4ZMp1e4.html"},"modified":"2026-09-05T16:35:57","modified_gmt":"2026-09-05T16:35:57","slug":"con-goles-de-equi-fernandez-y-facundo-medina-el-bayer-leverkusen-logro-su-primer-triunfo-en-la-bundesliga","status":"publish","type":"post","link":"http:\/\/hoycordobaweb.com\/index.php\/2026\/09\/05\/con-goles-de-equi-fernandez-y-facundo-medina-el-bayer-leverkusen-logro-su-primer-triunfo-en-la-bundesliga\/","title":{"rendered":"Con goles de Equi Fern\u00e1ndez y Facundo Medina, el Bayer Leverkusen logr\u00f3 su primer triunfo en la Bundesliga"},"content":{"rendered":"<p><img src=\"http:\/\/hoycordobaweb.com\/wp-content\/uploads\/2026\/09\/con-goles-de-equi-fernandez-y-facundo-medina-el-bayer-leverkusen-logro-su-primer-triunfo-en-la-bundesliga.jpg\"><\/p>\n<div id=\"element-body-0\" class=\"sc-df222161-0 hNvwjb\" readability=\"35.025252525253\">\n<p>Tras la sorpresiva derrota en el debut de la <strong>Bundesliga <\/strong> ante el reci\u00e9n ascendido Elversberg, el <strong> Bayer Leverkusen<\/strong> logr\u00f3 su primer triunfo en el campeonato alem\u00e1n. <strong> \u00a1Y fueron decisivos sus argentinos!<\/strong> Este s\u00e1bado, el elenco comandado por Carles Mart\u00ednez se impuso por <strong>4-0 ante Union Berlin<\/strong>: los dos primeros tantos los hicieron <strong>Equi Fern\u00e1ndez y Facundo Medina<\/strong>,<a href=\"https:\/\/www.ole.com.ar\/futbol-internacional\/oficial-facundo-medina-refuerzo-bayer-leverkusen-presentacion-duracion-contrato_0_Z3kO6zYkWA.html\" target=\"_blank\" title=\" flamante refuerzo post Mundial.\" alt=\" flamante refuerzo post Mundial.\" rel=\"noopener noreferrer\"> flamante refuerzo post Mundial.<\/a><\/p>\n<\/div>\n<div id=\"element-body-1\" class=\"sc-df222161-0 hNvwjb\" readability=\"35\">\n<p>Los locales apenas tardaron 40 segundos para destrabar el partido en el BayArena: antes de que se cumpliera el minuto de juego, <strong>Fern\u00e1ndez apareci\u00f3 como centrodelantero y la mand\u00f3 a guardar luego de un pase atr\u00e1s de Miguel Guti\u00e9rrez.<\/strong><\/p>\n<\/div>\n<div id=\"element-body-2\" class=\"sc-df222161-0 hNvwjb\" readability=\"36\">\n<p>El segundo de los tantos de la goleada del Bayer Leverkusen fue obra de Medina, quien dej\u00f3 el Olympique Marsella y desembarc\u00f3 en el f\u00fatbol teut\u00f3n luego de la Copa del Mundo 2026. El subcampe\u00f3n en Estados Unidos hizo su primer gol en la Bundesliga <strong>conectando con la cabeza un gran centro del espa\u00f1ol Guti\u00e9rrez.<\/strong><\/p>\n<\/div>\n<div class=\"sc-c0843421-0 iNysjD image-embed\" id=\"element-body-3\"><img alt=\"Medina hab\u00eda puesto el 2-0 parcial. \" loading=\"lazy\" width=\"720\" height=\"100\" decoding=\"async\" data-nimg=\"1\" src=\"http:\/\/hoycordobaweb.com\/wp-content\/uploads\/2026\/09\/con-goles-de-equi-fernandez-y-facundo-medina-el-bayer-leverkusen-logro-su-primer-triunfo-en-la-bundesliga-2.jpg\"><span class=\"epigraphe\">Medina hab\u00eda puesto el 2-0 parcial. <\/span><\/div>\n<div id=\"element-body-4\" class=\"sc-df222161-0 hNvwjb\" readability=\"36\">\n<p>Los due\u00f1os de casa completaron el 4-0 con los tantos del checo <strong> Patrik Schick <\/strong> y del argelino <strong>Ibrahim Maza<\/strong>, que fue titular contra la Scaloneta en el primer partido del Mundial. As\u00ed, el equipo de los ex Boca y River sum\u00f3 de a tres y se ubica en el quinto puesto de la tabla de posiciones.<\/p>\n<\/div>\n<div id=\"element-body-5\" class=\"sc-df222161-0 hNvwjb\" readability=\"37\">\n<p>El Bayer Leverkusen, que en esta campa\u00f1a tambi\u00e9n participar\u00e1 en la Europa League, volver\u00e1 a jugar el s\u00e1bado 12 de septiembre, cuando visite al Augsburgo, por la tercera jornada de la Bundesliga.<\/p>\n<\/div>\n<p><h2><strong>Los goles de Equi Fern\u00e1ndez y Facundo Medina<\/strong><\/h2>\n<\/p>\n<div id=\"element-body-7\" class=\"sc-8712cf2e-1 brsVwg\"><figcaption class=\"JWvideoNota_title\">\n<p>(Video: ESPN)<\/p>\n<\/figcaption><\/div>\n<div id=\"element-body-8\" class=\"sc-8712cf2e-1 brsVwg\"><figcaption class=\"JWvideoNota_title\">\n<p>(Video: ESPN)<\/p>\n<\/figcaption><\/div>\n<div id=\"element-body-9\" class=\"sc-a7166897-0 eTTZWU\" readability=\"32\">\n<section readability=\"4\"><picture><img alt=\"A pesar de los ingresos de Juli\u00e1n y el Cuti, el Atl\u00e9tico de Madrid se llev\u00f3 una paliza ante el Bilbao\" loading=\"lazy\" width=\"290\" height=\"290\" decoding=\"async\" data-nimg=\"1\" src=\"http:\/\/hoycordobaweb.com\/wp-content\/uploads\/2026\/09\/con-goles-de-equi-fernandez-y-facundo-medina-el-bayer-leverkusen-logro-su-primer-triunfo-en-la-bundesliga-3.jpg\"><\/picture>\n<p><span>Mir\u00e1 tambi\u00e9n<\/span><\/p>\n<hr>\n<h3>A pesar de los ingresos de Juli\u00e1n y el Cuti, el Atl\u00e9tico de Madrid se llev\u00f3 una paliza ante el Bilbao<\/h3>\n<\/p>\n<\/section>\n<\/div>\n<div id=\"element-body-10\" class=\"sc-a7166897-0 eTTZWU\" readability=\"31\">\n<section readability=\"2\"><picture><img alt=\"Lautaro figura: clav\u00f3 un doblete y el Inter se llev\u00f3 un triunfazo ante el Napoli\" loading=\"lazy\" width=\"290\" height=\"290\" decoding=\"async\" data-nimg=\"1\" src=\"http:\/\/hoycordobaweb.com\/wp-content\/uploads\/2026\/09\/con-goles-de-equi-fernandez-y-facundo-medina-el-bayer-leverkusen-logro-su-primer-triunfo-en-la-bundesliga-4.jpg\"><\/picture>\n<p><span>Mir\u00e1 tambi\u00e9n<\/span><\/p>\n<hr>\n<h3>Lautaro figura: clav\u00f3 un doblete y el Inter se llev\u00f3 un triunfazo ante el Napoli<\/h3>\n<\/p>\n<\/section>\n<\/div>\n<div id=\"element-body-11\" class=\"sc-a7166897-0 eTTZWU\" readability=\"31.5\">\n<section readability=\"3\"><picture><img alt=\"Enzo Fern\u00e1ndez y un debut brillante en Manchester City: triunfo y l\u00edder de la Premier\" loading=\"lazy\" width=\"290\" height=\"290\" decoding=\"async\" data-nimg=\"1\" src=\"http:\/\/hoycordobaweb.com\/wp-content\/uploads\/2026\/09\/con-goles-de-equi-fernandez-y-facundo-medina-el-bayer-leverkusen-logro-su-primer-triunfo-en-la-bundesliga-5.jpg\"><\/picture>\n<p><span>Mir\u00e1 tambi\u00e9n<\/span><\/p>\n<hr>\n<h3>Enzo Fern\u00e1ndez y un debut brillante en Manchester City: triunfo y l\u00edder de la Premier<\/h3>\n<\/p>\n<\/section>\n<\/div>\n<div id=\"element-body-12\" class=\"sc-a7166897-0 eTTZWU\" readability=\"31\">\n<section readability=\"2\"><picture><img alt=\"Celebra Croacia: Modric no se va\" loading=\"lazy\" width=\"290\" height=\"290\" decoding=\"async\" data-nimg=\"1\" src=\"http:\/\/hoycordobaweb.com\/wp-content\/uploads\/2026\/09\/con-goles-de-equi-fernandez-y-facundo-medina-el-bayer-leverkusen-logro-su-primer-triunfo-en-la-bundesliga-6.jpg\"><\/picture>\n<p><span>Mir\u00e1 tambi\u00e9n<\/span><\/p>\n<hr>\n<h3>Celebra Croacia: Modric no se va<\/h3>\n<\/p>\n<\/section>\n<\/div>\n<div id=\"element-body-13\" class=\"sc-a7166897-0 eTTZWU\" readability=\"31.5\">\n<section readability=\"3\"><picture><img alt=\"Dura derrota: el Leipzig de Mart\u00edn Demichelis perdi\u00f3 3-1 ante Werder Bremen en la Bundesliga\" loading=\"lazy\" width=\"290\" height=\"290\" decoding=\"async\" data-nimg=\"1\" src=\"http:\/\/hoycordobaweb.com\/wp-content\/uploads\/2026\/09\/con-goles-de-equi-fernandez-y-facundo-medina-el-bayer-leverkusen-logro-su-primer-triunfo-en-la-bundesliga-7.jpg\"><\/picture>\n<p><span>Mir\u00e1 tambi\u00e9n<\/span><\/p>\n<hr>\n<h3>Dura derrota: el Leipzig de Mart\u00edn Demichelis perdi\u00f3 3-1 ante Werder Bremen en la Bundesliga<\/h3>\n<\/p>\n<\/section>\n<\/div>\n","protected":false},"excerpt":{"rendered":"<p>Tras la sorpresiva derrota en el debut de la Bundesliga ante el reci\u00e9n ascendido Elversberg, el Bayer Leverkusen logr\u00f3 su primer triunfo en el campeonato alem\u00e1n. \u00a1Y fueron decisivos sus argentinos! Este s\u00e1bado, el elenco comandado por Carles Mart\u00ednez se impuso por 4-0 ante Union Berlin: los dos primeros tantos los hicieron Equi Fern\u00e1ndez y [&hellip;]<\/p>\n","protected":false},"author":1,"featured_media":141188,"comment_status":"open","ping_status":"closed","sticky":false,"template":"","format":"standard","meta":[],"categories":[16],"tags":[],"_links":{"self":[{"href":"http:\/\/hoycordobaweb.com\/index.php\/wp-json\/wp\/v2\/posts\/141187"}],"collection":[{"href":"http:\/\/hoycordobaweb.com\/index.php\/wp-json\/wp\/v2\/posts"}],"about":[{"href":"http:\/\/hoycordobaweb.com\/index.php\/wp-json\/wp\/v2\/types\/post"}],"author":[{"embeddable":true,"href":"http:\/\/hoycordobaweb.com\/index.php\/wp-json\/wp\/v2\/users\/1"}],"replies":[{"embeddable":true,"href":"http:\/\/hoycordobaweb.com\/index.php\/wp-json\/wp\/v2\/comments?post=141187"}],"version-history":[{"count":0,"href":"http:\/\/hoycordobaweb.com\/index.php\/wp-json\/wp\/v2\/posts\/141187\/revisions"}],"wp:featuredmedia":[{"embeddable":true,"href":"http:\/\/hoycordobaweb.com\/index.php\/wp-json\/wp\/v2\/media\/141188"}],"wp:attachment":[{"href":"http:\/\/hoycordobaweb.com\/index.php\/wp-json\/wp\/v2\/media?parent=141187"}],"wp:term":[{"taxonomy":"category","embeddable":true,"href":"http:\/\/hoycordobaweb.com\/index.php\/wp-json\/wp\/v2\/categories?post=141187"},{"taxonomy":"post_tag","embeddable":true,"href":"http:\/\/hoycordobaweb.com\/index.php\/wp-json\/wp\/v2\/tags?post=141187"}],"curies":[{"name":"wp","href":"https:\/\/api.w.org\/{rel}","templated":true}]}}